{"id":219094,"date":"2026-04-29T16:18:00","date_gmt":"2026-04-29T14:18:00","guid":{"rendered":"https:\/\/www.foment.com\/?p=219094"},"modified":"2026-04-29T16:18:00","modified_gmt":"2026-04-29T14:18:00","slug":"projectat-impulsant-el-desenvolupament-intern-per-fer-creixer-les-empreses","status":"publish","type":"post","link":"https:\/\/www.foment.com\/es\/projectat-impulsant-el-desenvolupament-intern-per-fer-creixer-les-empreses\/","title":{"rendered":"PROJECTA\u2019T: impulsant el desenvolupament intern per fer cr\u00e9ixer les empreses"},"content":{"rendered":"<p>En un entorn empresarial cada vegada m\u00e9s competitiu, el desenvolupament professional intern s\u2019ha convertit en un factor clau per a la productivitat i la sostenibilitat de les organitzacions.<\/p>\n<p>Des de <strong>Foment Formaci\u00f3,<\/strong> posem a disposici\u00f3 de les empreses associades el <strong>programa Projecta\u2019t<\/strong>, una iniciativa que acompanya a les persones treballadores en el seu creixement professional dins de la pr\u00f2pia empresa.<\/p>\n<p><span style=\"color: #d12238;\"><strong>Quin valor aporta a la vostra empresa?<\/strong><\/span><\/p>\n<ul>\n<li>Millora del rendiment i la productivitat dels equips<\/li>\n<li>Increment de la motivaci\u00f3 i el comprom\u00eds<\/li>\n<li>Identificaci\u00f3 i desenvolupament del talent intern<\/li>\n<li>Adaptaci\u00f3 a nous reptes i necessitats del mercat<\/li>\n<\/ul>\n<p><span style=\"color: #d12238;\"><strong>Impuls al desenvolupament alineat amb l\u2019empresa<\/strong><\/span><\/p>\n<p>El programa facilita que els professionals evolucionin dins del marc estrat\u00e8gic de l\u2019empresa, refor\u00e7ant compet\u00e8ncies clau i contribuint directament als objectius de negoci.<\/p>\n<p><span style=\"color: #d12238;\"><strong>Com funciona?<\/strong><\/span><\/p>\n<p>A trav\u00e9s de sessions personalitzades, compatibles amb la jornada laboral, sense cap cost per a l\u2019empresa ni per a la persona participant.<\/p>\n<p><span style=\"color: #d12238;\"><strong>A qui s\u2019adre\u00e7a?<\/strong><\/span><\/p>\n<p>A treballadors i treballadores en actiu que vulguin evolucionar professionalment dins de l\u2019empresa, adaptar-se a nous rols i millorar les seves compet\u00e8ncies.<\/p>\n<p><span style=\"color: #d12238;\"><strong>Fem cr\u00e9ixer la productivitat a trav\u00e9s del desenvolupament<\/strong><\/span><\/p>\n<p>Us convidem a identificar aquells perfils del vostre equip que poden beneficiar-se del programa i a posar-vos en contacte amb nosaltres per ampliar informaci\u00f3 o iniciar la participaci\u00f3.<\/p>\n<p>Contacteu amb <a href=\"https:\/\/www.fomentformacio.com\/contacto\" target=\"_blank\" rel=\"noopener\"><strong>Foment Formaci\u00f3<\/strong><\/a> per activar Projecta\u2019t a la vostra empresa.<\/p>\n<p>Impulsem empreses m\u00e9s competitives a trav\u00e9s del desenvolupament professional.<\/p>\n","protected":false},"excerpt":{"rendered":"<p>En un entorn empresarial cada vegada m\u00e9s competitiu, el desenvolupament professional intern s\u2019ha convertit en un factor clau per a la productivitat i la sostenibilitat de les organitzacions. Des de Foment Formaci\u00f3, posem a disposici\u00f3 de les empreses associades el programa Projecta\u2019t, una iniciativa que acompanya a les persones treballadores en el seu creixement professional dins de la pr\u00f2pia empresa. Quin valor aporta a la vostra empresa? Millora del rendiment i la productivitat dels equips Increment de la motivaci\u00f3 i el comprom\u00eds Identificaci\u00f3 i desenvolupament del talent intern Adaptaci\u00f3 a nous reptes i necessitats del mercat Impuls al desenvolupament alineat amb l\u2019empresa El programa facilita que els professionals evolucionin dins del marc estrat\u00e8gic de l\u2019empresa, refor\u00e7ant compet\u00e8ncies clau i contribuint directament als objectius de negoci. Com funciona? A trav\u00e9s de sessions personalitzades, compatibles amb la jornada laboral, sense cap cost per a l\u2019empresa ni per a la persona participant. A qui s\u2019adre\u00e7a? A treballadors i treballadores en actiu que vulguin evolucionar professionalment dins de l\u2019empresa, adaptar-se a nous rols i millorar les seves compet\u00e8ncies. Fem cr\u00e9ixer la productivitat a trav\u00e9s del desenvolupament Us convidem a identificar aquells perfils del vostre equip que poden beneficiar-se del programa i a posar-vos en [&hellip;]<\/p>\n","protected":false},"author":281,"featured_media":219088,"comment_status":"closed","ping_status":"closed","sticky":false,"template":"","format":"standard","meta":{"_links_to":"","_links_to_target":""},"categories":[8407],"tags":[],"acf":[],"wps_subtitle":"","_links":{"self":[{"href":"https:\/\/www.foment.com\/es\/wp-json\/wp\/v2\/posts\/219094"}],"collection":[{"href":"https:\/\/www.foment.com\/es\/wp-json\/wp\/v2\/posts"}],"about":[{"href":"https:\/\/www.foment.com\/es\/wp-json\/wp\/v2\/types\/post"}],"author":[{"embeddable":true,"href":"https:\/\/www.foment.com\/es\/wp-json\/wp\/v2\/users\/281"}],"replies":[{"embeddable":true,"href":"https:\/\/www.foment.com\/es\/wp-json\/wp\/v2\/comments?post=219094"}],"version-history":[{"count":1,"href":"https:\/\/www.foment.com\/es\/wp-json\/wp\/v2\/posts\/219094\/revisions"}],"predecessor-version":[{"id":219095,"href":"https:\/\/www.foment.com\/es\/wp-json\/wp\/v2\/posts\/219094\/revisions\/219095"}],"wp:featuredmedia":[{"embeddable":true,"href":"https:\/\/www.foment.com\/es\/wp-json\/wp\/v2\/media\/219088"}],"wp:attachment":[{"href":"https:\/\/www.foment.com\/es\/wp-json\/wp\/v2\/media?parent=219094"}],"wp:term":[{"taxonomy":"category","embeddable":true,"href":"https:\/\/www.foment.com\/es\/wp-json\/wp\/v2\/categories?post=219094"},{"taxonomy":"post_tag","embeddable":true,"href":"https:\/\/www.foment.com\/es\/wp-json\/wp\/v2\/tags?post=219094"}],"curies":[{"name":"wp","href":"https:\/\/api.w.org\/{rel}","templated":true}]}}