{"id":219107,"date":"2026-04-29T16:35:15","date_gmt":"2026-04-29T14:35:15","guid":{"rendered":"https:\/\/www.foment.com\/?p=219107"},"modified":"2026-04-29T17:23:58","modified_gmt":"2026-04-29T15:23:58","slug":"fem-empresa-la-26a-nit-empresarial-uea-reivindicara-el-paper-essencial-de-lempresa","status":"publish","type":"post","link":"https:\/\/www.foment.com\/es\/fem-empresa-la-26a-nit-empresarial-uea-reivindicara-el-paper-essencial-de-lempresa\/","title":{"rendered":"\u00abFem Empresa\u00bb: la 26a Nit Empresarial UEA reivindicar\u00e0 el paper essencial de l\u2019empresa"},"content":{"rendered":"<ul>\n<li>La 26a Nit Empresarial estar\u00e0 presidida pel Molt Honorable president de la Generalitat de Catalunya, Salvador Illa; i tindr\u00e0 lloc el pr\u00f2xim dijous dia 21 de maig de 2026 a Castellol\u00ed, a la nova seu de l\u2019empresa Fragrance Science<\/li>\n<li>Amb \u201cFem Empresa\u201d, la UEA reivindica que l\u2019empresa \u00e9s acci\u00f3, comprom\u00eds i motor de progr\u00e9s per al territori, i vol recon\u00e8ixer el lideratge i l\u2019esfor\u00e7 de les persones que impulsen el teixit productiu anoienc<\/li>\n<\/ul>\n<p>La Uni\u00f3 Empresarial de l\u2019Anoia (UEA) celebrar\u00e0 el <strong>pr\u00f2xim dijous dia 21 de maig de 2026<\/strong> a <strong>Castellol\u00ed<\/strong>, la <strong>26a Nit Empresarial UEA, <\/strong>l\u2019acte de refer\u00e8ncia del teixit empresarial i que s\u2019ha convertit, despr\u00e9s d\u2019una llarga traject\u00f2ria, en un punt de trobada imprescindible per a les empreses, els directius i els professionals del territori.<\/p>\n<p>La gala, que cada any reuneix a m\u00e9s de mig miler d\u2019assistents, es consolida en un espai on la UEA reconeix el talent, la innovaci\u00f3, la traject\u00f2ria i la capacitat emprenedora de les empreses de la comarca, i alhora, en projecta la for\u00e7a, diversitat i uni\u00f3.<\/p>\n<p>Aquesta edici\u00f3 comptar\u00e0 amb l\u2019assist\u00e8ncia del molt honorable president de la Generalitat de Catalunya, <strong>Salvador Illa<\/strong>, qui presidir\u00e0 la Nit Empresarial.<\/p>\n<p><span style=\"color: #d12238;\"><strong>\u201cFem Empresa\u201d, el leitmotiv per aquesta 26a edici\u00f3<\/strong><\/span><\/p>\n<p>La Uni\u00f3 Empresarial de l\u2019Anoia vol fer valdre, en aquesta 26a edici\u00f3, el paper central de l\u2019empresa com a motor de progr\u00e9s, cohesi\u00f3 i oportunitats per al territori. Per aquest motiu, amb \u201c<strong>Fem Empresa<\/strong>\u201d, la UEA ha escollit aquest lema per a l\u2019edici\u00f3 d\u2019enguany, un concepte que sintetitza la idea central que l\u2019entitat vol reivindicar: \u201cL\u2019empresa no \u00e9s nom\u00e9s una estructura econ\u00f2mica, sin\u00f3\u00a0 una acci\u00f3, una actitud i un comprom\u00eds amb el territori\u201d, ha destacat president de la patronal anoienca, Joan Mateu.<\/p>\n<p>En aquesta l\u00ednia, el president de la UEA ha explicat que cada lloc de treball, cada projecte i cada oportunitat existeixen perqu\u00e8 \u201chi ha persones que decideixen emprendre, assumir riscos i invertir. Fem Empresa \u00e9s recon\u00e8ixer aquesta determinaci\u00f3 que sost\u00e9 el progr\u00e9s col\u00b7lectiu. Volem reivindicar el lideratge, la responsabilitat i la contribuci\u00f3 social de les persones que fan empresa i que sostenen el teixit productiu del pa\u00eds, i resumeix tot all\u00f2 que la Nit Empresarial UEA vol celebrar, defensar i projectar: que l\u2019empresa \u00e9s essencial per construir futur. \u00c9s un motor real d\u2019ocupaci\u00f3, talent i riquesa, i volem recon\u00e8ixer l\u2019esfor\u00e7 empresarial\u201d.<\/p>\n<p><span style=\"color: #d12238;\"><strong>Una nova empresa que s\u2019instal\u00b7la a Castellol\u00ed, escenari de la 26a Nit Empresarial UEA<\/strong><\/span><\/p>\n<p>Seguint el lema d\u2019aquesta edici\u00f3, <strong>\u201cFem Empresa\u201d<\/strong>, la Nit Empresarial UEA se celebrar\u00e0 enguany en un escenari especialment significatiu: la nova seu de <strong>Fragrance Science <\/strong>a <strong>Castellol\u00ed<\/strong>, una empresa de refer\u00e8ncia en l\u2019\u00e0mbit europeu que ha decidit instal\u00b7lar-se a l\u2019Anoia i que es convertir\u00e0 en un important motor de generaci\u00f3 de llocs de treball i d\u2019activitat econ\u00f2mica per al territori. La celebraci\u00f3 en aquest espai simbolitza, de manera tangible, el comprom\u00eds amb el creixement, la innovaci\u00f3 i la capacitat d\u2019atracci\u00f3 empresarial de la comarca.<\/p>\n<p>Fundada l\u2019any 2004, <strong>Fragrance Science <\/strong>\u00e9s una empresa especialitzada en la creaci\u00f3, desenvolupament i fabricaci\u00f3 de frag\u00e0ncies per a perfumeria fina, perfumeria industrial i de productes per la cura personal. Amb una clara vocaci\u00f3 internacional des dels seus inicis, l\u2019empresa ha experimentat un creixement sostingut que l\u2019ha posicionat com un dels referents del sector, especialment als mercats d\u2019\u00c0frica i l\u2019Orient Mitj\u00e0, on avui \u00e9s una de les companyies l\u00edders.<\/p>\n<p>Actualment, <strong>Fragrance Science <\/strong>disposa d\u2019un equip de 200 treballadors. La inauguraci\u00f3 de les noves instal\u00b7lacions de 23.000 m\u00b2 a Castellol\u00ed representa un pas endavant decisiu en la traject\u00f2ria de la companyia. Es tracta d\u2019una de les f\u00e0briques de perfums m\u00e9s grans d\u2019Europa, equipada amb tecnologia d\u2019\u00faltima generaci\u00f3 i dissenyada per optimitzar processos, ampliar la capacitat productiva i refor\u00e7ar el comprom\u00eds amb la innovaci\u00f3 i la qualitat. Aquest nou centre no nom\u00e9s consolida el creixement de l\u2019empresa, sin\u00f3 que tamb\u00e9 refor\u00e7a el seu arrelament al territori i la seva aposta per l\u2019Anoia com a pol industrial i empresarial.<\/p>\n<p>Darrere d\u2019aquest projecte hi ha la figura del <strong>Toni Cabal<\/strong>, CEO i fundador de Fragrance Science. Paral\u00b7lelament, el Toni tamb\u00e9 impulsa la seva pr\u00f2pia firma de perfumeria niche sota el seu nom, <strong>Toni Cabal Perfums<\/strong>. Un projecte personal on explora la perfumeria d\u2019autor amb total llibertat creativa, reafirmant la seva passi\u00f3 per l\u2019art del perfum. Present a les perfumeries m\u00e9s exclusives d\u2019Europa i de l\u2019Orient Mitj\u00e0, la marca s\u2019ha consolidat com una firma de refer\u00e8ncia dins el segment niche. Avui comparteix espai amb les grans marques internacionals de perfumeria d\u2019autor, posicionant-se com a proposta creativa s\u00f2lida, sofisticada i altament valorada pels experts i amants del perfum.<\/p>\n<p>Seguint aquesta l\u00ednia, el leitmotiv d\u2019enguany afavorir una realitat que es fa cada vegada m\u00e9s evident: l\u2019Anoia \u00e9s una comarca empresarial, din\u00e0mica i amb capacitat d\u2019atracci\u00f3, un territori on les empreses creixen, s\u2019hi instal\u00b7len i hi troben oportunitats reals de desenvolupament. Per a Joan Mateu, \u201cEn aquesta edici\u00f3, aquest missatge &lt;Fem Empresa&gt; pren especial rellev\u00e0ncia amb l\u2019arribada d\u2019una nova empresa de refer\u00e8ncia europea en el seu sector, amb projecci\u00f3 internacional i un impacte significatiu en ocupaci\u00f3 i dinamitzaci\u00f3 econ\u00f2mica. Volem evidenciar que a l\u2019Anoia hi ha un teixit empresarial molt potent, divers i multisectorial. I que, tamb\u00e9, \u00e9s un bon lloc per venir. Volem reivindicar l\u2019Anoia com a territori d\u2019oportunitat i inversi\u00f3 que, a l\u2019Anoia, som i fem empresa\u201d.<\/p>\n<p>L\u2019empla\u00e7ament d\u2019aquesta nova empresa \u00e9s al pol\u00edgon industrial de Can Parera i ja s\u2019han esgotat totes les parcel\u00b7les disponibles amb tot adjudicat. Can Parera est\u00e0 situat al municipi de Castellol\u00ed i t\u00e9 una superf\u00edcie de 21,26 hect\u00e0rees.<\/p>\n<p><span style=\"color: #d12238;\"><strong>Tatxo Benet, convidat especial<\/strong><\/span><\/p>\n<p>L\u2019acte tamb\u00e9 comptar\u00e0 amb la participaci\u00f3 de <strong>Tatxo Benet<\/strong>, convidat especial de la 26a Nit Empresarial, que ser\u00e0 entrevistat per remarcar la figura de l\u2019empresari i el paper transformador de l\u2019empresa. Benet, periodista i empresari lleidat\u00e0, \u00e9s <strong>president de la Fundaci\u00f3 FemCAT<\/strong> i un dels <strong>cofundadors del Grup Mediapro<\/strong>, on ha exercit durant m\u00e9s de tres d\u00e8cades com a president i conseller delegat, liderant el creixement de la companyia fins a convertir-la en un grup global amb m\u00e9s de 7.000 professionals, pres\u00e8ncia en m\u00e9s de 50 ciutats i activitat en m\u00e9s de 30 pa\u00efsos de quatre continents.<\/p>\n<p>Amb una traject\u00f2ria que s\u2019inicia als 15 anys en el periodisme local i que evoluciona fins a ocupar c\u00e0rrecs de responsabilitat a Televisi\u00f3 de Catalunya, Benet ha combinat sempre la mirada comunicativa amb la visi\u00f3 empresarial. Despr\u00e9s de deixar les funcions executives a Mediapro el 2025, continua vinculat al Consell d\u2019Administraci\u00f3 i impulsa diversos projectes empresarials, com Ona Llibres o Aitona Agricultura. Des del gener de 2026, presideix la Fundaci\u00f3 FemCAT, des d\u2019on promou el lideratge empresarial i el progr\u00e9s del pa\u00eds.<\/p>\n<p>La seva traject\u00f2ria, que combina comunicaci\u00f3, empresa i visi\u00f3 de pa\u00eds, refor\u00e7a el missatge central de la Nit Empresarial: <strong>recon\u00e8ixer i reivindicar el valor de fer empresa<\/strong> i recon\u00e8ixer el lideratge empresarial.<\/p>\n<p><span style=\"color: #d12238;\"><strong>Xavier Coral, presentador d\u2019aquesta edici\u00f3<\/strong><\/span><\/p>\n<p>El periodista i presentador de 3Cat,\u00a0<strong>Xavier Coral Trull\u00e0s<\/strong>, ser\u00e0 el presentador de la 26a Nit Empresarial UEA. Nascut a Terrassa el 1971, \u00e9s llicenciat en Periodisme, i va iniciar la seva carrera a Televisi\u00f3 de Terrassa abans d\u2019incorporar-se a TV3 el 1997. Ha presentat diverses edicions del Telenot\u00edcies, principalment l\u2019edici\u00f3 del migdia, i el programa d\u2019an\u00e0lisi \u00c0gora (2007-2009). Entre 2009 i 2015 va conduir el magaz\u00edn Divendres amb Espartac Peran. Posteriorment, va ser corresponsal a Brussel\u00b7les (2016-2020). En l\u2019actualitat \u00e9s presentador del Telenot\u00edcies Migdia de 3CatInfo.<\/p>\n<p><span style=\"color: #d12238;\"><strong>Premis UEA 2026: el reconeixement de les empreses<\/strong><\/span><\/p>\n<p>Com cada any, un dels moments m\u00e9s esperats ser\u00e0 el lliurament dels\u00a0<strong>Premis UEA<\/strong>, amb quatre categories que posen en valor la traject\u00f2ria, la capacitat emprenedora, l\u2019esfor\u00e7, la innovaci\u00f3 i el comprom\u00eds de les empreses del territori.<\/p>\n<p>La Junta Directiva ha proposat 3 empreses finalistes per cada categoria (Premi UEA 2026 a la Traject\u00f2ria Empresarial; Premi UEA 2026 a l\u2019Empresa Innovadora; Premi UEA 2026 a la Capacitat Emprenedora i Premi UEA 2026 al Comprom\u00eds Social).<\/p>\n<p>En aquest sentit, les empreses finalistes a la\u00a0<strong>Traject\u00f2ria Empresarial<\/strong>\u00a0s\u00f3n les seg\u00fcents:\u00a0<strong>Funosa<\/strong>; <strong>Planell S.A<\/strong>. i <strong>Predecat.<\/strong><\/p>\n<p>Els finalistes a l\u2019<strong>Empresa Innovadora <\/strong>s\u00f3n <strong>Espais Anna Marsal<\/strong>; <strong>Noufil<\/strong> i <strong>Rice Corn Nuts<\/strong>.<\/p>\n<p>Els finalistes a la <strong>Capacitat Emprenedora<\/strong> s\u00f3n <strong>Ecopime Projects<\/strong>; <strong>Almazan Roig<\/strong> i <strong>Rosich Jewels<\/strong>.<\/p>\n<p>Els finalistes al <strong>Comprom\u00eds Social<\/strong> <strong>i Mediambiental<\/strong> s\u00f3n <strong>Schneider Electric<\/strong>, <strong>Leather Qu\u00edmica<\/strong> i <strong>Abzac Ib\u00e9rica<\/strong>.<\/p>\n<p>Des d\u2019avui mateix i fins el dia divendres 8 de maig de 2026, els socis de la Uni\u00f3 Empresarial de l\u2019Anoia podran votar a les empreses per tal que sigui un proc\u00e9s participatiu<a href=\"https:\/\/docs.google.com\/forms\/d\/e\/1FAIpQLScCYB5qkICRS26fVBvJxjNUipYd7iRX2YVCwO8OiiT-DQ9EUg\/viewform?usp=publish-editor\">.\u00a0<strong>Es pot votar a trav\u00e9s d\u2019aquest enlla\u00e7\u00a0<\/strong><\/a><\/p>\n<p>Per tant, com a empresa associada a la UEA es pot votar a una sola empresa finalista per cadascuna de les 4 categories i cada soci nom\u00e9s pot votar una sola vegada. Els motius pels quals s\u2019han escollit aquestes empreses finalistes, estan disponibles al web de la Uni\u00f3 Empresarial de l\u2019Anoia, aqu\u00ed:\u00a0<a href=\"https:\/\/www.uea.cat\/wp-content\/uploads\/2026\/04\/PROPOSTES-PREMIS-UEA-2026-26a-Nit-UEA.pdf\">MOTIUS \/ CANDIDATURES PREMIS UEA 2026.<\/a><\/p>\n<p>El veredicte i el lliurament dels Premis UEA es far\u00e0 p\u00fablic durant el transcurs de la 26a Nit Empresarial.<\/p>\n<p>A m\u00e9s, es far\u00e0 un reconeixement especial a m\u00e9s d\u2019una quinzena d\u2019empreses que aquest 2026 celebren aniversaris destacats \u2013algunes de fins a 190 anys d\u2019activitat\u2013, mostrant aix\u00ed la solidesa i continu\u00eftat del teixit empresarial anoienc.<\/p>\n<p>La 26a Nit Empresarial UEA \u00e9s possible gr\u00e0cies al suport de l\u2019Ajuntament d\u2019Igualada i la Diputaci\u00f3 de Barcelona; amb el patrocini de Fragrance Science, MGC M\u00fatua, Volvo Motorcat Premium , GCT Plus, Schneider Electric, Caixabank, Comercial God\u00f3, Rivisa, Mancomunitat de la Conca d\u2019\u00d2dena, Innovapack, \u00c0uria, Kini MotorPark, Oficina Semat Data, Funosa, Aigua de Rigat, Conre, Universitat de Lleida \/ Consell Social, Autobomba, Dorsan, Labin, Tecnodemo Ib\u00e9rica, Bernadet Logistics, Practics BS, Poch &amp; Abogados Asociados, Sai Computers, ELM, Onilsa, Engind, Eurochem Specialized Solutions, TG Direxis, Papers Catalunya Centre de Gesti\u00f3 Mediambiental, Atlantic Devices, Quality &amp; Methode, Curtidos Badia, Incas\u00f2l, Oreka IT, Cal Blay i RS Audiovisuals; i amb la col\u00b7laboraci\u00f3 de l\u2019Ajuntament de Castellol\u00ed, Via Empresa, Canal Taronja i La Veu de l\u2019Anoia.<\/p>\n<p><span style=\"color: #d12238;\"><strong>Inscripcions obertes<\/strong><\/span><\/p>\n<p>La 26a Nit Empresarial UEA comen\u00e7ar\u00e0 a les 19 h, on les persones assistents podran gaudir d\u2019un aperitiu a peu dret fins que comenci la gala pr\u00f2piament dita.<\/p>\n<p>El preu per als socis de la UEA \u00e9s de 100\u20ac i 130\u20ac, els no socis. El preu inclou l\u2019acc\u00e9s a l\u2019esdeveniment, el sopar i la copa chill-out final, ja que l\u2019ess\u00e8ncia de la Nit Empresarial UEA \u00e9s el networking. La data l\u00edmit d\u2019inscripci\u00f3 al sopar finalitza el proper divendres 15 de maig per garantir l\u2019assignaci\u00f3 de taula. No s\u2019acceptar\u00e0 cap inscripci\u00f3 fora del termini. L\u2019aforament \u00e9s limitat.<\/p>\n<p>L\u2019acte \u00e9s obert a tota empresa i professional que vulgui assistir-hi, sota confirmaci\u00f3 d\u2019assist\u00e8ncia<strong>, <\/strong><a href=\"https:\/\/www.uea.cat\/esdeveniment\/26a-nit-uea\/\"><strong>Inscripcions aqu\u00ed <\/strong><\/a>\/ <a href=\"http:\/\/www.uea.cat\">www.uea.cat<\/a>.<div class=\"flexslider wpb_content_element\"><ul class=\"slides\"><li><img src=\"https:\/\/www.foment.com\/wp-content\/uploads\/2026\/04\/nit-empresarial-2026logos.jpg\" alt=\"\" \/><\/li><li><img src=\"https:\/\/www.foment.com\/wp-content\/uploads\/2026\/04\/IMG_8343-scaled.jpeg\" alt=\"\" \/><\/li><\/ul><\/div>\n","protected":false},"excerpt":{"rendered":"<p>La 26a Nit Empresarial estar\u00e0 presidida pel Molt Honorable president de la Generalitat de Catalunya, Salvador Illa; i tindr\u00e0 lloc el pr\u00f2xim dijous dia 21 de maig de 2026 a Castellol\u00ed, a la nova seu de l\u2019empresa Fragrance Science Amb \u201cFem Empresa\u201d, la UEA reivindica que l\u2019empresa \u00e9s acci\u00f3, comprom\u00eds i motor de progr\u00e9s per al territori, i vol recon\u00e8ixer el lideratge i l\u2019esfor\u00e7 de les persones que impulsen el teixit productiu anoienc La Uni\u00f3 Empresarial de l\u2019Anoia (UEA) celebrar\u00e0 el pr\u00f2xim dijous dia 21 de maig de 2026 a Castellol\u00ed, la 26a Nit Empresarial UEA, l\u2019acte de refer\u00e8ncia del teixit empresarial i que s\u2019ha convertit, despr\u00e9s d\u2019una llarga traject\u00f2ria, en un punt de trobada imprescindible per a les empreses, els directius i els professionals del territori. La gala, que cada any reuneix a m\u00e9s de mig miler d\u2019assistents, es consolida en un espai on la UEA reconeix el talent, la innovaci\u00f3, la traject\u00f2ria i la capacitat emprenedora de les empreses de la comarca, i alhora, en projecta la for\u00e7a, diversitat i uni\u00f3. Aquesta edici\u00f3 comptar\u00e0 amb l\u2019assist\u00e8ncia del molt honorable president de la Generalitat de Catalunya, Salvador Illa, qui presidir\u00e0 la Nit Empresarial. \u201cFem Empresa\u201d, el leitmotiv per aquesta [&hellip;]<\/p>\n","protected":false},"author":281,"featured_media":219099,"comment_status":"closed","ping_status":"closed","sticky":false,"template":"","format":"standard","meta":{"_links_to":"","_links_to_target":""},"categories":[8407],"tags":[],"acf":[],"wps_subtitle":"","_links":{"self":[{"href":"https:\/\/www.foment.com\/es\/wp-json\/wp\/v2\/posts\/219107"}],"collection":[{"href":"https:\/\/www.foment.com\/es\/wp-json\/wp\/v2\/posts"}],"about":[{"href":"https:\/\/www.foment.com\/es\/wp-json\/wp\/v2\/types\/post"}],"author":[{"embeddable":true,"href":"https:\/\/www.foment.com\/es\/wp-json\/wp\/v2\/users\/281"}],"replies":[{"embeddable":true,"href":"https:\/\/www.foment.com\/es\/wp-json\/wp\/v2\/comments?post=219107"}],"version-history":[{"count":2,"href":"https:\/\/www.foment.com\/es\/wp-json\/wp\/v2\/posts\/219107\/revisions"}],"predecessor-version":[{"id":219129,"href":"https:\/\/www.foment.com\/es\/wp-json\/wp\/v2\/posts\/219107\/revisions\/219129"}],"wp:featuredmedia":[{"embeddable":true,"href":"https:\/\/www.foment.com\/es\/wp-json\/wp\/v2\/media\/219099"}],"wp:attachment":[{"href":"https:\/\/www.foment.com\/es\/wp-json\/wp\/v2\/media?parent=219107"}],"wp:term":[{"taxonomy":"category","embeddable":true,"href":"https:\/\/www.foment.com\/es\/wp-json\/wp\/v2\/categories?post=219107"},{"taxonomy":"post_tag","embeddable":true,"href":"https:\/\/www.foment.com\/es\/wp-json\/wp\/v2\/tags?post=219107"}],"curies":[{"name":"wp","href":"https:\/\/api.w.org\/{rel}","templated":true}]}}