{"id":219156,"date":"2026-04-29T18:25:57","date_gmt":"2026-04-29T16:25:57","guid":{"rendered":"https:\/\/www.foment.com\/?p=219156"},"modified":"2026-04-29T18:25:57","modified_gmt":"2026-04-29T16:25:57","slug":"firhabitat-tanca-una-sisena-edicio-de-record-i-es-consolida-com-lepicentre-de-la-bioconstruccio-a-catalunya","status":"publish","type":"post","link":"https:\/\/www.foment.com\/es\/firhabitat-tanca-una-sisena-edicio-de-record-i-es-consolida-com-lepicentre-de-la-bioconstruccio-a-catalunya\/","title":{"rendered":"Firh\u00e0bitat tanca una sisena edici\u00f3 de r\u00e8cord i es consolida com l\u2019epicentre de la bioconstrucci\u00f3 a Catalunya"},"content":{"rendered":"<ul>\n<li>L\u2019esdeveniment ha aplegat prop de 70 expositors i ha rebut m\u00e9s de 2.000 visitants<\/li>\n<li>La prova de resist\u00e8ncia al foc, el III Congr\u00e9s Firh\u00e0bitat i el \u201cFirh\u00e0bitat Escape\u201d per a joves han estat les activitats estrella del certamen<\/li>\n<li>El president de l\u2019ACEB destaca el paper del Bergued\u00e0 com a motor de la construcci\u00f3 sostenible i saludable<\/li>\n<\/ul>\n<p>Firh\u00e0bitat ha tancat les seves portes a Avi\u00e0 despr\u00e9s de tres jornades intenses que han confirmat el certamen com la fira de refer\u00e8ncia de la bioconstrucci\u00f3 i l\u2019efici\u00e8ncia energ\u00e8tica al pa\u00eds. Amb una xifra de visitants de m\u00e9s de 2.000 assistents, la fira ha superat les expectatives inicials i ha omplert el recinte amb 70 expositors que han ofert una visi\u00f3 integral de la construcci\u00f3 sostenible i l\u2019efici\u00e8ncia energ\u00e8tica. El programa s\u2019ha completat amb activitats per a professionals, amb el III Congr\u00e9s sobre rehabilitaci\u00f3 i sostenibilitat, i per al p\u00fablic general amb tallers, xerrades i propostes l\u00fadiques.<\/p>\n<p><span style=\"color: #d12238;\"><strong>\u201cEl Bergued\u00e0, mirall de la bioconstrucci\u00f3\u201d<\/strong><\/span><\/p>\n<p>El president de l\u2019Associaci\u00f3 Comarcal d\u2019Empresaris del Bergued\u00e0 (ACEB), Josep Maria Serarols, ha valorat l\u2019\u00e8xit de l\u2019edici\u00f3 destacant que la bioconstrucci\u00f3 ja no \u00e9s un n\u00ednxol, sin\u00f3 una realitat que l\u2019empresariat lidera amb fermesa, convertint el Bergued\u00e0 en un mirall de la construcci\u00f3 del futur: m\u00e9s sostenible, saludable i eficient.<\/p>\n<p>Aix\u00ed mateix, des de l\u2019Ajuntament d\u2019Avi\u00e0, l\u2019alcaldessa Patrocini Canal s\u2019ha mostrat satisfeta que el municipi es converteixi per sis\u00e8 any consecutiu en l\u2019epicentre de la bioconstrucci\u00f3 i ha valorat molt positivament la implicaci\u00f3 dels infants de l\u2019escola en els tallers del divendres, aix\u00ed com la bona resposta dels ve\u00efns i ve\u00efnes del municipi.<\/p>\n<p><span style=\"color: #d12238;\"><strong>Una visi\u00f3 integral i social de l\u2019habitatge<\/strong><\/span><\/p>\n<p>M\u00e9s enll\u00e0 de ser una fira t\u00e8cnica, Firh\u00e0bitat ha esdevingut un espai de debat social. S\u2019han abordat temes d\u2019alt inter\u00e8s com les cooperatives d\u2019habitatge, l\u2019arquitectura tradicional i com la salut a la llar influeix directament en el benestar. Les xerrades han apropat aquests conceptes al p\u00fablic general, trencant la barrera de l\u2019\u00e0mbit professional i fomentant noves formes de conviv\u00e8ncia sostenible.<\/p>\n<p><span style=\"color: #d12238;\"><strong>\u00c8xit de les activitats de conscienciaci\u00f3 i p\u00fablic familiar<\/strong><\/span><\/p>\n<p>L\u2019esdeveniment ha destacat pel seu car\u00e0cter din\u00e0mic entre el p\u00fablic jove. Un total de 240 alumnes dels instituts de Berga han participat en el \u201cFirh\u00e0bitat Escape\u201d, un gran escape room sobre efici\u00e8ncia energ\u00e8tica. Tamb\u00e9 hi han passat alumnes de l\u2019escola Santa Maria d\u2019Avi\u00e0 i d\u2019instituts amb formaci\u00f3 especialitzada en construcci\u00f3 com el Proven\u00e7ana.<\/p>\n<p>Les fam\u00edlies han gaudit dels tallers infantils de construcci\u00f3 amb elements naturals per fomentar la consci\u00e8ncia ambiental des de ben petits. L\u2019espai de\u00a0<em>food trucks<\/em>\u00a0ha ofert una oferta gastron\u00f2mica variada en un ambient relaxat, i el vessant l\u00fadic es va completar amb el sopar de l\u2019expositor i el concert a l\u2019Ateneu el divendres.<\/p>\n<p><span style=\"color: #d12238;\"><strong>Tancament amb foc<\/strong><\/span><\/p>\n<p>Com a tancament de luxe, aquest diumenge al migdia ha tingut lloc l\u2019exhibici\u00f3 de la prova de resist\u00e8ncia al foc. Amb la col\u00b7laboraci\u00f3 del Parc de Bombers de Berga i el Gremi Fusta i Moble, la demostraci\u00f3 ha servit per reafirmar la seguretat i robustesa dels materials naturals com a alternativa real als m\u00e8todes convencionals.<\/p>\n<p><span style=\"color: #d12238;\"><strong>Modernitzaci\u00f3 i dades de futur<\/strong><\/span><\/p>\n<p>Aquesta edici\u00f3 ha marcat un salt endavant en la gesti\u00f3 amb el nou sistema de registre obligatori i l\u2019estrena de l\u2019APP oficial. Segons les primeres dades recollides la majoria dels visitants provenen del Bergued\u00e0 i de la Catalunya central, tot i que tamb\u00e9 s\u2019han registrat visitants de l\u2019\u00e0rea metropolitana, de la prov\u00edncia de Girona i de Tarragona. A m\u00e9s, s\u2019ha rebut la visita de persones interessades de diversos punts del territori espanyol, com Ast\u00faries, el Pa\u00eds Valenci\u00e0 o Can\u00e0ries. Tamb\u00e9 han passat per Firh\u00e0bitat professionals i visitants de Fran\u00e7a, It\u00e0lia, Anglaterra i Alemanya.<\/p>\n<p>Firh\u00e0bitat, organitzada per l\u2019ACEB i l\u2019Ajuntament d\u2019Avi\u00e0, amb el suport de la Diputaci\u00f3 de Barcelona, la Generalitat de Catalunya i l\u2019Ag\u00e8ncia de Desenvolupament del Bergued\u00e0 s\u2019acomiada amb la satisfacci\u00f3 d\u2019haver creat un espai viu d\u2019intercanvi que garanteix la continu\u00eftat del projecte.<\/p>\n<p>L\u2019organitzaci\u00f3 vol agrair a tots els expositors, professionals i empreses, gremis i entitats col\u00b7laboradores, patrocinis i privats i a visitants per fer realitat la sisena edici\u00f3 del certamen.<div class=\"flexslider wpb_content_element\"><ul class=\"slides\"><li><img src=\"https:\/\/www.foment.com\/wp-content\/uploads\/2026\/04\/AGC3150-2048x1363-1.jpg\" alt=\"\" \/><\/li><li><img src=\"https:\/\/www.foment.com\/wp-content\/uploads\/2026\/04\/AGC2553-1536x1022-1.jpg\" alt=\"\" \/><\/li><li><img src=\"https:\/\/www.foment.com\/wp-content\/uploads\/2026\/04\/AGC3827-1536x1022-1.jpg\" alt=\"\" \/><\/li><li><img src=\"https:\/\/www.foment.com\/wp-content\/uploads\/2026\/04\/AGC3036-1536x1022-1.jpg\" alt=\"\" \/><\/li><li><img src=\"https:\/\/www.foment.com\/wp-content\/uploads\/2026\/04\/AGC3347-1536x1022-1.jpg\" alt=\"\" \/><\/li><li><img src=\"https:\/\/www.foment.com\/wp-content\/uploads\/2026\/04\/1-2-scaled.jpg\" alt=\"\" \/><\/li><\/ul><\/div>\n","protected":false},"excerpt":{"rendered":"<p>L\u2019esdeveniment ha aplegat prop de 70 expositors i ha rebut m\u00e9s de 2.000 visitants La prova de resist\u00e8ncia al foc, el III Congr\u00e9s Firh\u00e0bitat i el \u201cFirh\u00e0bitat Escape\u201d per a joves han estat les activitats estrella del certamen El president de l\u2019ACEB destaca el paper del Bergued\u00e0 com a motor de la construcci\u00f3 sostenible i saludable Firh\u00e0bitat ha tancat les seves portes a Avi\u00e0 despr\u00e9s de tres jornades intenses que han confirmat el certamen com la fira de refer\u00e8ncia de la bioconstrucci\u00f3 i l\u2019efici\u00e8ncia energ\u00e8tica al pa\u00eds. Amb una xifra de visitants de m\u00e9s de 2.000 assistents, la fira ha superat les expectatives inicials i ha omplert el recinte amb 70 expositors que han ofert una visi\u00f3 integral de la construcci\u00f3 sostenible i l\u2019efici\u00e8ncia energ\u00e8tica. El programa s\u2019ha completat amb activitats per a professionals, amb el III Congr\u00e9s sobre rehabilitaci\u00f3 i sostenibilitat, i per al p\u00fablic general amb tallers, xerrades i propostes l\u00fadiques. \u201cEl Bergued\u00e0, mirall de la bioconstrucci\u00f3\u201d El president de l\u2019Associaci\u00f3 Comarcal d\u2019Empresaris del Bergued\u00e0 (ACEB), Josep Maria Serarols, ha valorat l\u2019\u00e8xit de l\u2019edici\u00f3 destacant que la bioconstrucci\u00f3 ja no \u00e9s un n\u00ednxol, sin\u00f3 una realitat que l\u2019empresariat lidera amb fermesa, convertint el Bergued\u00e0 en un mirall de [&hellip;]<\/p>\n","protected":false},"author":281,"featured_media":219133,"comment_status":"closed","ping_status":"closed","sticky":false,"template":"","format":"standard","meta":{"_links_to":"","_links_to_target":""},"categories":[8407],"tags":[],"acf":[],"wps_subtitle":"","_links":{"self":[{"href":"https:\/\/www.foment.com\/es\/wp-json\/wp\/v2\/posts\/219156"}],"collection":[{"href":"https:\/\/www.foment.com\/es\/wp-json\/wp\/v2\/posts"}],"about":[{"href":"https:\/\/www.foment.com\/es\/wp-json\/wp\/v2\/types\/post"}],"author":[{"embeddable":true,"href":"https:\/\/www.foment.com\/es\/wp-json\/wp\/v2\/users\/281"}],"replies":[{"embeddable":true,"href":"https:\/\/www.foment.com\/es\/wp-json\/wp\/v2\/comments?post=219156"}],"version-history":[{"count":1,"href":"https:\/\/www.foment.com\/es\/wp-json\/wp\/v2\/posts\/219156\/revisions"}],"predecessor-version":[{"id":219157,"href":"https:\/\/www.foment.com\/es\/wp-json\/wp\/v2\/posts\/219156\/revisions\/219157"}],"wp:featuredmedia":[{"embeddable":true,"href":"https:\/\/www.foment.com\/es\/wp-json\/wp\/v2\/media\/219133"}],"wp:attachment":[{"href":"https:\/\/www.foment.com\/es\/wp-json\/wp\/v2\/media?parent=219156"}],"wp:term":[{"taxonomy":"category","embeddable":true,"href":"https:\/\/www.foment.com\/es\/wp-json\/wp\/v2\/categories?post=219156"},{"taxonomy":"post_tag","embeddable":true,"href":"https:\/\/www.foment.com\/es\/wp-json\/wp\/v2\/tags?post=219156"}],"curies":[{"name":"wp","href":"https:\/\/api.w.org\/{rel}","templated":true}]}}