{"id":219203,"date":"2026-04-30T11:09:23","date_gmt":"2026-04-30T09:09:23","guid":{"rendered":"https:\/\/www.foment.com\/?p=219203"},"modified":"2026-04-30T11:33:56","modified_gmt":"2026-04-30T09:33:56","slug":"el-think-tank-de-foment-aposta-per-reformar-la-governanca-del-sistema-sanitari-per-fer-lo-mes-eficient-i-sostenible","status":"publish","type":"post","link":"https:\/\/www.foment.com\/es\/el-think-tank-de-foment-aposta-per-reformar-la-governanca-del-sistema-sanitari-per-fer-lo-mes-eficient-i-sostenible\/","title":{"rendered":"El Think Tank de Foment aposta per reformar la governan\u00e7a del sistema sanitari per fer-lo m\u00e9s eficient i sostenible"},"content":{"rendered":"<ul>\n<li>La jornada amb experts reflexiona sobre com ha de ser la gesti\u00f3 del sistema sanitari per afrontar els nous reptes assistencials<\/li>\n<\/ul>\n<p>El Think Tank de <strong>Foment del Treball<\/strong>, l\u2019<strong>Institut d\u2019Estudis Estrat\u00e8gics<\/strong>, ha celebrat una nova sessi\u00f3 del cicle <em>\u2018Creixement empresarial i bons llocs de treball\u2019<\/em>, dedicada en aquesta ocasi\u00f3 al <strong><em>\u2018Valor del sistema sanitari catal\u00e0 com a model de governan\u00e7a i gesti\u00f3 dels serveis p\u00fablics\u2019<\/em><\/strong>. La jornada ha posat de relleu el paper estrat\u00e8gic del sector salut com a motor de progr\u00e9s econ\u00f2mic, cohesi\u00f3 social i generaci\u00f3 d\u2019ocupaci\u00f3 de qualitat.<\/p>\n<p>La sessi\u00f3, moderada per la directora general de La Uni\u00f3 i presidenta de la Comissi\u00f3 d\u2019Atenci\u00f3 a les Persones de Salut i Social de Foment, <strong>Roser Fern\u00e1ndez<\/strong>, ha subratllat l\u2019oportunitat de situar al sector salut com a sector estrat\u00e8gic de pa\u00eds: \u201cel sector salut juga un paper estrat\u00e8gic de pa\u00eds perqu\u00e8 t\u00e9 cura del principal actiu, la salut de les persones, per\u00f2 tamb\u00e9 genera progr\u00e9s econ\u00f2mic, ocupaci\u00f3, cohesi\u00f3 social i impulsa la recerca i la innovaci\u00f3\u201d. I Catalunya en pot ser referent, per la idiosincr\u00e0sia del seu model sanitari catal\u00e0 i per l\u2019ecosistema de coneixement, excel\u00b7l\u00e8ncia, empresa, recerca i innovaci\u00f3\u201d.<\/p>\n<p>El president del Comit\u00e8 d\u2019Avaluaci\u00f3, Innovaci\u00f3 i Reforma Operativa del Sistema de Salut (CAIROS), <strong>Manel del Castillo<\/strong>, ha destacat les fortaleses del sistema sanitari catal\u00e0, per\u00f2 tamb\u00e9 els seus reptes organitzatius. Segons ha explicat, \u201cresolem molt b\u00e9 les coses complexes, per\u00f2 no tan b\u00e9 les senzilles\u201d, i ha identificat tres prioritats clau: \u201cdonar m\u00e9s autonomia de gesti\u00f3 als centres, avan\u00e7ar en la integraci\u00f3 entre \u00e0mbits assistencials i evolucionar cap a un model de finan\u00e7ament basat en resultats i valor\u201d .<\/p>\n<p>La directora associada del Centre de Governan\u00e7a P\u00fablica d\u2019ESADE, <strong>M\u00f2nica Reig<\/strong>, ha posat l\u2019accent en la necessitat de refor\u00e7ar la governan\u00e7a de la col\u00b7laboraci\u00f3 publicoprivada, assenyalant que \u201cla col\u00b7laboraci\u00f3 nom\u00e9s genera valor p\u00fablic quan hi ha lideratge p\u00fablic fort, capacitat institucional, transpar\u00e8ncia i orientaci\u00f3 a resultats\u201d. Reig ha defensat avan\u00e7ar cap a un model centrat en l\u2019impacte i no nom\u00e9s en els procediments. Tamb\u00e9 ha remarcat la necessitat de reduir la hipertramitaci\u00f3 i apostar per mecanismes d\u2019avaluaci\u00f3 basats en dades i resultats, aix\u00ed com professionalitzar la direcci\u00f3 p\u00fablica i refor\u00e7ar el talent dins de l\u2019Administraci\u00f3.<\/p>\n<p>Aquestes l\u00ednies d\u2019actuaci\u00f3 prenen especial rellev\u00e0ncia, segons els participants, per la necessitat d\u2019adaptar el sistema a una demanda creixent vinculada a l\u2019envelliment de la poblaci\u00f3 i a la cronicitat, aix\u00ed com a millorar l\u2019efici\u00e8ncia i la qualitat dels serveis.<\/p>\n<p>El debat tamb\u00e9 ha abordat el paper de la digitalitzaci\u00f3, la intel\u00b7lig\u00e8ncia artificial i la governan\u00e7a de les dades com a elements clau per transformar el sistema sanitari. Els participants han coincidit a assenyalar que la tecnologia ha de servir per simplificar processos, millorar l\u2019experi\u00e8ncia del pacient i refor\u00e7ar la capacitat d\u2019avaluaci\u00f3 i presa de decisions.<\/p>\n<p>El vicepresident coordinador de l\u2019Institut d\u2019Estudis Estrat\u00e8gics, <strong>Jordi Alberich<\/strong>, ha destacat que aquest cicle de debats respon a la voluntat de Foment de \u201ccontribuir a la gran necessitat del moment: ser capa\u00e7os de generar bones ocupacions per a tothom\u201d, aix\u00ed com de \u201cpensar en la sostenibilitat i el refor\u00e7ament del model econ\u00f2mic a mig i llarg termini\u201d.<\/p>\n<p><span style=\"color: #d12238;\"><strong>Un cicle per promoure ocupaci\u00f3 digna i competitivitat<\/strong><\/span><\/p>\n<p>La jornada s\u2019inscriu en el comprom\u00eds del Think Tank de Foment del Treball d\u2019impulsar el debat sobre els\u00a0reptes estructurals del mercat laboral, amb la convicci\u00f3 que el\u00a0treball digne i de qualitat\u00a0\u00e9s un element clau de cohesi\u00f3 social i de creixement econ\u00f2mic sostenible.<\/p>\n<p>Aquest cicle compta amb el suport <strong>Naturgy, Banco Santander<\/strong>, i<strong> Veolia<\/strong>; i la col\u00b7laboraci\u00f3 de l\u2019<strong>Ajuntament de Barcelona<\/strong>\u00a0i\u00a0la<strong> Diputaci\u00f3 de Barcelona<\/strong>.<div class=\"flexslider wpb_content_element\"><ul class=\"slides\"><li><img src=\"https:\/\/www.foment.com\/wp-content\/uploads\/2026\/04\/DSC_0118-scaled.jpg\" alt=\"\" \/><\/li><li><img src=\"https:\/\/www.foment.com\/wp-content\/uploads\/2026\/04\/DSC_0107-scaled.jpg\" alt=\"\" \/><\/li><li><img src=\"https:\/\/www.foment.com\/wp-content\/uploads\/2026\/04\/DSC_0101-scaled.jpg\" alt=\"\" \/><\/li><li><img src=\"https:\/\/www.foment.com\/wp-content\/uploads\/2026\/04\/DSC_0048-scaled.jpg\" alt=\"\" \/><\/li><li><img src=\"https:\/\/www.foment.com\/wp-content\/uploads\/2026\/04\/DSC_0043-scaled.jpg\" alt=\"\" \/><\/li><li><img src=\"https:\/\/www.foment.com\/wp-content\/uploads\/2026\/04\/DSC_0177-scaled.jpg\" alt=\"\" \/><\/li><li><img src=\"https:\/\/www.foment.com\/wp-content\/uploads\/2026\/04\/DSC_0036-scaled.jpg\" alt=\"\" \/><\/li><li><img src=\"https:\/\/www.foment.com\/wp-content\/uploads\/2026\/04\/DSC_0180-scaled.jpg\" alt=\"\" \/><\/li><li><img src=\"https:\/\/www.foment.com\/wp-content\/uploads\/2026\/04\/DSC_0153-scaled.jpg\" alt=\"\" \/><\/li><li><img src=\"https:\/\/www.foment.com\/wp-content\/uploads\/2026\/04\/DSC_0144-scaled.jpg\" alt=\"\" \/><\/li><li><img src=\"https:\/\/www.foment.com\/wp-content\/uploads\/2026\/04\/DSC_0169-scaled.jpg\" alt=\"\" \/><\/li><li><img src=\"https:\/\/www.foment.com\/wp-content\/uploads\/2026\/04\/DSC_0045-scaled.jpg\" alt=\"\" \/><\/li><li><img src=\"https:\/\/www.foment.com\/wp-content\/uploads\/2026\/04\/DSC_0073-1-scaled.jpg\" alt=\"\" \/><\/li><\/ul><\/div>\n","protected":false},"excerpt":{"rendered":"<p>La jornada amb experts reflexiona sobre com ha de ser la gesti\u00f3 del sistema sanitari per afrontar els nous reptes assistencials El Think Tank de Foment del Treball, l\u2019Institut d\u2019Estudis Estrat\u00e8gics, ha celebrat una nova sessi\u00f3 del cicle \u2018Creixement empresarial i bons llocs de treball\u2019, dedicada en aquesta ocasi\u00f3 al \u2018Valor del sistema sanitari catal\u00e0 com a model de governan\u00e7a i gesti\u00f3 dels serveis p\u00fablics\u2019. La jornada ha posat de relleu el paper estrat\u00e8gic del sector salut com a motor de progr\u00e9s econ\u00f2mic, cohesi\u00f3 social i generaci\u00f3 d\u2019ocupaci\u00f3 de qualitat. La sessi\u00f3, moderada per la directora general de La Uni\u00f3 i presidenta de la Comissi\u00f3 d\u2019Atenci\u00f3 a les Persones de Salut i Social de Foment, Roser Fern\u00e1ndez, ha subratllat l\u2019oportunitat de situar al sector salut com a sector estrat\u00e8gic de pa\u00eds: \u201cel sector salut juga un paper estrat\u00e8gic de pa\u00eds perqu\u00e8 t\u00e9 cura del principal actiu, la salut de les persones, per\u00f2 tamb\u00e9 genera progr\u00e9s econ\u00f2mic, ocupaci\u00f3, cohesi\u00f3 social i impulsa la recerca i la innovaci\u00f3\u201d. I Catalunya en pot ser referent, per la idiosincr\u00e0sia del seu model sanitari catal\u00e0 i per l\u2019ecosistema de coneixement, excel\u00b7l\u00e8ncia, empresa, recerca i innovaci\u00f3\u201d. El president del Comit\u00e8 d\u2019Avaluaci\u00f3, Innovaci\u00f3 i Reforma Operativa del [&hellip;]<\/p>\n","protected":false},"author":281,"featured_media":219161,"comment_status":"closed","ping_status":"closed","sticky":false,"template":"","format":"standard","meta":{"_links_to":"","_links_to_target":""},"categories":[114,8407],"tags":[2154],"acf":[],"wps_subtitle":"","_links":{"self":[{"href":"https:\/\/www.foment.com\/es\/wp-json\/wp\/v2\/posts\/219203"}],"collection":[{"href":"https:\/\/www.foment.com\/es\/wp-json\/wp\/v2\/posts"}],"about":[{"href":"https:\/\/www.foment.com\/es\/wp-json\/wp\/v2\/types\/post"}],"author":[{"embeddable":true,"href":"https:\/\/www.foment.com\/es\/wp-json\/wp\/v2\/users\/281"}],"replies":[{"embeddable":true,"href":"https:\/\/www.foment.com\/es\/wp-json\/wp\/v2\/comments?post=219203"}],"version-history":[{"count":2,"href":"https:\/\/www.foment.com\/es\/wp-json\/wp\/v2\/posts\/219203\/revisions"}],"predecessor-version":[{"id":219207,"href":"https:\/\/www.foment.com\/es\/wp-json\/wp\/v2\/posts\/219203\/revisions\/219207"}],"wp:featuredmedia":[{"embeddable":true,"href":"https:\/\/www.foment.com\/es\/wp-json\/wp\/v2\/media\/219161"}],"wp:attachment":[{"href":"https:\/\/www.foment.com\/es\/wp-json\/wp\/v2\/media?parent=219203"}],"wp:term":[{"taxonomy":"category","embeddable":true,"href":"https:\/\/www.foment.com\/es\/wp-json\/wp\/v2\/categories?post=219203"},{"taxonomy":"post_tag","embeddable":true,"href":"https:\/\/www.foment.com\/es\/wp-json\/wp\/v2\/tags?post=219203"}],"curies":[{"name":"wp","href":"https:\/\/api.w.org\/{rel}","templated":true}]}}