{"id":225085,"date":"2026-09-01T14:43:12","date_gmt":"2026-09-01T12:43:12","guid":{"rendered":"https:\/\/www.foment.com\/?p=225085"},"modified":"2026-09-01T14:43:12","modified_gmt":"2026-09-01T12:43:12","slug":"la-fundacio-ictus-impulsa-el-primer-congres-a-catalunya-centrat-en-la-vida-despres-dun-ictus","status":"publish","type":"post","link":"https:\/\/www.foment.com\/es\/la-fundacio-ictus-impulsa-el-primer-congres-a-catalunya-centrat-en-la-vida-despres-dun-ictus\/","title":{"rendered":"La Fundaci\u00f3 Ictus impulsa el primer congr\u00e9s a Catalunya centrat en la vida despr\u00e9s d\u2019un ictus"},"content":{"rendered":"<ul>\n<li>La trobada reunir\u00e0 persones que han viscut un ictus, fam\u00edlies, persones cuidadores i professionals el pr\u00f2xim 27 d\u2019octubre a l\u2019Auditori ONCE de Barcelona<\/li>\n<\/ul>\n<p>La Fundaci\u00f3 Ictus organitza el I Congr\u00e9s de Pacients d\u2019Ictus de Catalunya, una iniciativa pionera que vol donar visibilitat als reptes que afronten les persones despr\u00e9s de patir un ictus i oferir coneixements, recursos i eines pr\u00e0ctiques per millorar la seva qualitat de vida.<\/p>\n<p>Sota el lema \u201cVida plena despr\u00e9s d\u2019un ictus. Una cursa de fons\u201d, el Congr\u00e9s parteix d\u2019una realitat sovint poc visible: superar la fase aguda d\u2019un ictus no significa que el proc\u00e9s de recuperaci\u00f3 s\u2019hagi acabat. Les seq\u00fceles f\u00edsiques, cognitives, emocionals i comunicatives que apareixen despr\u00e9s de l\u2019ictus poden transformar profundament el dia a dia de les persones afectades i del seu entorn.<\/p>\n<p>Davant aquesta realitat, el congr\u00e9s proposa un programa que combina confer\u00e8ncies, taules rodones, tallers participatius i espais de trobada. Al llarg de la jornada s\u2019abordaran q\u00fcestions com les afectacions invisibles, la recuperaci\u00f3 de l\u2019autonomia, la comunicaci\u00f3, l\u2019activitat f\u00edsica, el benestar emocional, o el paper essencial de les fam\u00edlies i les persones cuidadores, entre altres.<\/p>\n<p><span style=\"color: #d12238;\"><strong>Una doble mirada: professional i vivencial<\/strong><\/span><\/p>\n<p>Un dels elements diferencials del Congr\u00e9s \u00e9s la participaci\u00f3 directa de persones que han viscut un ictus, familiars i persones cuidadores. No seran \u00fanicament assistents, sin\u00f3 que han col\u00b7laborat en la definici\u00f3 dels continguts i participaran activament en les diferents sessions i activitats.<\/p>\n<p>Aquesta mirada vivencial es combinar\u00e0 amb el coneixement de professionals de diferents \u00e0mbits.<\/p>\n<p><span style=\"color: #d12238;\"><strong>Una iniciativa pionera a Catalunya<\/strong><\/span><\/p>\n<p>\u00c9s la primera vegada que Catalunya acull un congr\u00e9s d\u2019aquestes caracter\u00edstiques, espec\u00edficament orientat a la vida despr\u00e9s d\u2019un ictus i a crear un espai compartit entre persones afectades, fam\u00edlies, persones cuidadores i professionals.<\/p>\n<p>La jornada se celebrar\u00e0 dos dies abans del Dia Mundial de l\u2019Ictus, que es commemora el 29 d\u2019octubre. D\u2019aquesta manera, la iniciativa tamb\u00e9 vol contribuir a sensibilitzar la societat sobre la import\u00e0ncia de la prevenci\u00f3, la detecci\u00f3 preco\u00e7 i la necessitat de continuar avan\u00e7ant en els recursos i el suport disponibles despr\u00e9s d\u2019un ictus.<\/p>\n<p>El I Congr\u00e9s de Pacients d\u2019Ictus de Catalunya tindr\u00e0 lloc el 27 d\u2019octubre a l\u2019Auditori ONCE de Barcelona, i les inscripcions ja estan obertes.<\/p>\n<p>M\u00e9s informaci\u00f3, programa i inscripcions:<br \/>\n<a href=\"https:\/\/www.fundacioictus.com\/i-congres-ictus\/\">https:\/\/www.fundacioictus.com\/i-congres-ictus\/<\/a><\/p>\n","protected":false},"excerpt":{"rendered":"<p>La trobada reunir\u00e0 persones que han viscut un ictus, fam\u00edlies, persones cuidadores i professionals el pr\u00f2xim 27 d\u2019octubre a l\u2019Auditori ONCE de Barcelona La Fundaci\u00f3 Ictus organitza el I Congr\u00e9s de Pacients d\u2019Ictus de Catalunya, una iniciativa pionera que vol donar visibilitat als reptes que afronten les persones despr\u00e9s de patir un ictus i oferir coneixements, recursos i eines pr\u00e0ctiques per millorar la seva qualitat de vida. Sota el lema \u201cVida plena despr\u00e9s d\u2019un ictus. Una cursa de fons\u201d, el Congr\u00e9s parteix d\u2019una realitat sovint poc visible: superar la fase aguda d\u2019un ictus no significa que el proc\u00e9s de recuperaci\u00f3 s\u2019hagi acabat. Les seq\u00fceles f\u00edsiques, cognitives, emocionals i comunicatives que apareixen despr\u00e9s de l\u2019ictus poden transformar profundament el dia a dia de les persones afectades i del seu entorn. Davant aquesta realitat, el congr\u00e9s proposa un programa que combina confer\u00e8ncies, taules rodones, tallers participatius i espais de trobada. Al llarg de la jornada s\u2019abordaran q\u00fcestions com les afectacions invisibles, la recuperaci\u00f3 de l\u2019autonomia, la comunicaci\u00f3, l\u2019activitat f\u00edsica, el benestar emocional, o el paper essencial de les fam\u00edlies i les persones cuidadores, entre altres. Una doble mirada: professional i vivencial Un dels elements diferencials del Congr\u00e9s \u00e9s la participaci\u00f3 directa de [&hellip;]<\/p>\n","protected":false},"author":281,"featured_media":225080,"comment_status":"closed","ping_status":"closed","sticky":false,"template":"","format":"standard","meta":{"_links_to":"","_links_to_target":""},"categories":[8407],"tags":[],"acf":[],"wps_subtitle":"","_links":{"self":[{"href":"https:\/\/www.foment.com\/es\/wp-json\/wp\/v2\/posts\/225085"}],"collection":[{"href":"https:\/\/www.foment.com\/es\/wp-json\/wp\/v2\/posts"}],"about":[{"href":"https:\/\/www.foment.com\/es\/wp-json\/wp\/v2\/types\/post"}],"author":[{"embeddable":true,"href":"https:\/\/www.foment.com\/es\/wp-json\/wp\/v2\/users\/281"}],"replies":[{"embeddable":true,"href":"https:\/\/www.foment.com\/es\/wp-json\/wp\/v2\/comments?post=225085"}],"version-history":[{"count":1,"href":"https:\/\/www.foment.com\/es\/wp-json\/wp\/v2\/posts\/225085\/revisions"}],"predecessor-version":[{"id":225086,"href":"https:\/\/www.foment.com\/es\/wp-json\/wp\/v2\/posts\/225085\/revisions\/225086"}],"wp:featuredmedia":[{"embeddable":true,"href":"https:\/\/www.foment.com\/es\/wp-json\/wp\/v2\/media\/225080"}],"wp:attachment":[{"href":"https:\/\/www.foment.com\/es\/wp-json\/wp\/v2\/media?parent=225085"}],"wp:term":[{"taxonomy":"category","embeddable":true,"href":"https:\/\/www.foment.com\/es\/wp-json\/wp\/v2\/categories?post=225085"},{"taxonomy":"post_tag","embeddable":true,"href":"https:\/\/www.foment.com\/es\/wp-json\/wp\/v2\/tags?post=225085"}],"curies":[{"name":"wp","href":"https:\/\/api.w.org\/{rel}","templated":true}]}}