{"id":225099,"date":"2026-09-02T08:49:45","date_gmt":"2026-09-02T06:49:45","guid":{"rendered":"https:\/\/www.foment.com\/?p=225099"},"modified":"2026-09-02T09:00:26","modified_gmt":"2026-09-02T07:00:26","slug":"forward-neix-per-convertir-el-canvi-tecnologic-en-avantatge-competitiu","status":"publish","type":"post","link":"https:\/\/www.foment.com\/es\/forward-neix-per-convertir-el-canvi-tecnologic-en-avantatge-competitiu\/","title":{"rendered":"Forward neix per convertir el canvi tecnol\u00f2gic en avantatge competitiu"},"content":{"rendered":"<p>La intel\u00b7lig\u00e8ncia artificial est\u00e0 redefinint la competitivitat empresarial a una velocitat sense precedents. En aquest context neix <strong><a href=\"https:\/\/www.foment.com\/forward\/\" target=\"_blank\" rel=\"noopener\">FORWARD<\/a><\/strong>, el nou congr\u00e9s impulsat per Foment del Treball que reunir\u00e0 algunes de les principals veus internacionals en innovaci\u00f3 i IA per ajudar les empreses a entendre qu\u00e8 est\u00e0 canviant i com convertir aquests canvis en avantatge competitiu. En parlem amb Maria Mora, directora d&#8217;Innovaci\u00f3 de Foment del Treball i impulsora del congr\u00e9s.<\/p>\n<p><span style=\"color: #d12238;\"><strong>La tecnologia transforma les empreses a una velocitat sense precedents. Neix d&#8217;aquesta realitat el FORWARD Summit?<\/strong><\/span><\/p>\n<p>S\u00ed, absolutament. Neix de la constataci\u00f3 que les decisions tecnol\u00f2giques ja no s\u00f3n cosa exclusiva dels departaments d&#8217;innovaci\u00f3 o de sistemes: avui afecten directament l&#8217;estrat\u00e8gia i la competitivitat de qualsevol empresa. Amb FORWARD no volem donar-los m\u00e9s informaci\u00f3 sobre tecnologia, la tenen a l&#8217;abast en qualsevol cercador. Volem donar-los criteri per prendre avui les decisions que definiran la seva competitivitat d&#8217;aqu\u00ed a cinc anys: per distingir les modes passatgeres dels canvis que realment transformaran els seus negocis.<\/p>\n<p><span style=\"color: #d12238;\"><strong>FORWARD es presenta com un espai per entendre qu\u00e8 est\u00e0 canviant i qu\u00e8 vindr\u00e0. Qu\u00e8 el diferencia d&#8217;altres congressos sobre tecnologia i intel\u00b7lig\u00e8ncia artificial?<\/strong><\/span><\/p>\n<p>El que ens diferencia \u00e9s la mirada. FORWARD no \u00e9s un congr\u00e9s sobre tecnologia; \u00e9s un congr\u00e9s sobre competitivitat empresarial a trav\u00e9s de la tecnologia. Hem constru\u00eft un programa que connecta la innovaci\u00f3 amb els reptes reals de les empreses, no amb la novetat pel gust de la novetat, i que combina visi\u00f3 estrat\u00e8gica amb casos d&#8217;aplicaci\u00f3 concrets. A m\u00e9s, ho hem estructurat en quatre grans espais \u2500Forward Thinking, Forward Labs, Forward Tech Meetings i Forward Talks\u2500 perqu\u00e8 cada directiu hi trobi tant la reflexi\u00f3 de fons com l&#8217;eina que pot fer servir dem\u00e0 al mat\u00ed.<\/p>\n<p><span style=\"color: #d12238;\"><strong>El programa combina grans pon\u00e8ncies internacionals amb sessions molt pr\u00e0ctiques. Per qu\u00e8 era important trobar aquest equilibri?<\/strong><\/span><\/p>\n<p>Perqu\u00e8 no serveix de res tenir visi\u00f3 si no saps traduir-la en acci\u00f3, ni tenir eines si no entens per qu\u00e8 les fas servir. Per aix\u00f2 Forward Thinking dona la mirada de fons, les tend\u00e8ncies que marcaran els propers anys explicades per qui hi treballa cada dia, i Forward Labs baixa immediatament aquesta mirada al terreny: eines que es poden tocar, provar i endur-se cap a l&#8217;empresa l&#8217;endem\u00e0 mateix. Volem que ning\u00fa surti de Forward nom\u00e9s inspirat, ni nom\u00e9s amb una llista d&#8217;eines. Volem que surti amb criteri per decidir per on comen\u00e7ar.<\/p>\n<p><span style=\"color: #d12238;\"><strong>El congr\u00e9s reunir\u00e0 referents internacionals com Sasha Rubel, Rom\u00e1n Or\u00fas, Cristian Canton o Llu\u00eds Pareras. Qu\u00e8 aportaran aquestes veus al debat?<\/strong><\/span><\/p>\n<p>Hem volgut reunir perspectives diverses perqu\u00e8 cap transformaci\u00f3 real ve d&#8217;una sola disciplina. Al Main Stage parlarem d&#8217;intel\u00b7lig\u00e8ncia artificial generativa, de com inverteix Europa en aquesta nova onada tecnol\u00f2gica, d&#8217;arquitectura jur\u00eddica i governan\u00e7a, de futur del treball, de disseny en l&#8217;era de la IA, i tamb\u00e9 de com pensen i s&#8217;organitzen les empreses que neixen ja natives en intel\u00b7lig\u00e8ncia artificial. I hi portarem, tamb\u00e9, una mirada que poques vegades arriba a un escenari empresarial: la de l&#8217;enc\u00edclica <em>Magnifica Humanitas<\/em>, del papa Lle\u00f3 XIV, sobre la cust\u00f2dia de la persona humana en temps d&#8217;intel\u00b7lig\u00e8ncia artificial. El que uneix totes aquestes veus no \u00e9s el sector d&#8217;origen, sin\u00f3 que cap parla de futur des de la teoria: hi s\u00f3n cada dia, dins de projectes o reflexions que ja estan passant. Aix\u00f2 \u00e9s exactament el que volem portar a Forward: no gent que especula sobre cap a on anem, sin\u00f3 criteri real procedent de la tecnologia, la inversi\u00f3, el dret, el disseny o l&#8217;\u00e8tica, per ajudar-nos a decidir com hi anem nosaltres.<\/p>\n<p><span style=\"color: #d12238;\"><strong>Qu\u00e8 trobaran els assistents a Forward Labs?<\/strong><\/span><\/p>\n<p>A Forward Labs, els assistents podran tocar la tecnologia amb les mans, no nom\u00e9s sentir-ne parlar. Hi haur\u00e0 ambaixadors de Claude, Stripe, Cursor (comprada aquest estiu per SpaceX) o Notion, que ensenyaran com apliquen la intel\u00b7lig\u00e8ncia artificial al dia a dia real de la seva pr\u00f2pia empresa, no com a demostraci\u00f3, sin\u00f3 com a manera de treballar. L&#8217;objectiu \u00e9s que qui hi passi surti entenent com traslladar aquestes eines a la seva pr\u00f2pia organitzaci\u00f3, no amb una llista de productes, sin\u00f3 amb la l\u00f2gica amb qu\u00e8 s&#8217;integren.<\/p>\n<p>I si alg\u00fa vol anar encara m\u00e9s enll\u00e0 i aprofundir en una tecnologia concreta, tenim els Forward Tech Meetings: reunions individuals de vint minuts amb experts en set \u00e0mbits: intel\u00b7lig\u00e8ncia artificial, computaci\u00f3 avan\u00e7ada per a la IA, rob\u00f2tica i fabricaci\u00f3 avan\u00e7ada, connectivitat intel\u00b7ligent, ciberseguretat, fot\u00f2nica i fabricaci\u00f3 additiva i impressi\u00f3 3D. Aquestes reunions es podran sol\u00b7licitar directament a trav\u00e9s de la web i estan pensades especialment per a pimes i startups, perqu\u00e8 puguin resoldre, amb la persona adequada i en vint minuts, el dubte que potser porten mesos rumiant.<\/p>\n<p><span style=\"color: #d12238;\"><strong>A qui s&#8217;adre\u00e7a FORWARD? Quin tipus de directius o empreses hi trobaran m\u00e9s valor?<\/strong><\/span><\/p>\n<p>FORWARD est\u00e0 pensat per a qualsevol empresa que vulgui anticipar-se als canvis i entendre com la tecnologia impactar\u00e0 en el seu negoci. Des de grans corporacions fins a pimes, passant per startups, professionals de la innovaci\u00f3, responsables de tecnologia o directius que han de prendre decisions estrat\u00e8giques. El coneixement tecnol\u00f2gic ja no \u00e9s patrimoni d&#8217;una sola \u00e0rea de l&#8217;empresa; \u00e9s un factor clau per a tota l&#8217;organitzaci\u00f3.<\/p>\n<p><span style=\"color: #d12238;\"><strong>En un moment en qu\u00e8 gran part del coneixement es pot trobar en l\u00ednia, per qu\u00e8 val la pena reservar-se un dia sencer per assistir a Forward en persona?<\/strong><\/span><\/p>\n<p>Perqu\u00e8 hi ha coses que cap article ni cap v\u00eddeo poden substituir: la conversa que segueix una pon\u00e8ncia, la pregunta que fas a un expert en un Tech Meeting de vint minuts, la connexi\u00f3 amb alg\u00fa que est\u00e0 resolent exactament el mateix problema que tu. Forward no \u00e9s un lloc on rebre informaci\u00f3, ja la tenim tots a l&#8217;abast. \u00c9s un lloc on posar-la en context amb altra gent que tamb\u00e9 l&#8217;est\u00e0 vivint i on sortir-ne amb alguna cosa que no hi era abans: una conversa iniciada, una col\u00b7laboraci\u00f3 possible, una porta oberta.<\/p>\n<p><span style=\"color: #d12238;\"><strong>Si haguessis de resumir en una idea per qu\u00e8 cap directiu hauria de perdre&#8217;s aquesta primera edici\u00f3 del FORWARD, quina seria?<\/strong><\/span><\/p>\n<p>Perqu\u00e8 cap empresa es transforma sola, i esperar no surt gratis. Forward reuneix, en un sol dia, les persones que ja estan construint all\u00f2 que a la resta encara ens sembla futur. Si una empresa vol sortir d&#8217;aqu\u00ed amb criteri real per decidir, i no amb un titular m\u00e9s sobre intel\u00b7lig\u00e8ncia artificial, aquest \u00e9s el seu congr\u00e9s.<\/p>\n<p>Inscriu-te de forma gratu\u00efta a FORWARD: <a href=\"https:\/\/www.foment.com\/forward\/\" target=\"_blank\" rel=\"noopener\">https:\/\/www.foment.com\/forward\/<\/a><\/p>\n","protected":false},"excerpt":{"rendered":"<p>La intel\u00b7lig\u00e8ncia artificial est\u00e0 redefinint la competitivitat empresarial a una velocitat sense precedents. En aquest context neix FORWARD, el nou congr\u00e9s impulsat per Foment del Treball que reunir\u00e0 algunes de les principals veus internacionals en innovaci\u00f3 i IA per ajudar les empreses a entendre qu\u00e8 est\u00e0 canviant i com convertir aquests canvis en avantatge competitiu. En parlem amb Maria Mora, directora d&#8217;Innovaci\u00f3 de Foment del Treball i impulsora del congr\u00e9s. La tecnologia transforma les empreses a una velocitat sense precedents. Neix d&#8217;aquesta realitat el FORWARD Summit? S\u00ed, absolutament. Neix de la constataci\u00f3 que les decisions tecnol\u00f2giques ja no s\u00f3n cosa exclusiva dels departaments d&#8217;innovaci\u00f3 o de sistemes: avui afecten directament l&#8217;estrat\u00e8gia i la competitivitat de qualsevol empresa. Amb FORWARD no volem donar-los m\u00e9s informaci\u00f3 sobre tecnologia, la tenen a l&#8217;abast en qualsevol cercador. Volem donar-los criteri per prendre avui les decisions que definiran la seva competitivitat d&#8217;aqu\u00ed a cinc anys: per distingir les modes passatgeres dels canvis que realment transformaran els seus negocis. FORWARD es presenta com un espai per entendre qu\u00e8 est\u00e0 canviant i qu\u00e8 vindr\u00e0. Qu\u00e8 el diferencia d&#8217;altres congressos sobre tecnologia i intel\u00b7lig\u00e8ncia artificial? El que ens diferencia \u00e9s la mirada. FORWARD no \u00e9s un congr\u00e9s sobre [&hellip;]<\/p>\n","protected":false},"author":281,"featured_media":225097,"comment_status":"closed","ping_status":"closed","sticky":false,"template":"","format":"standard","meta":{"_links_to":"","_links_to_target":""},"categories":[8406],"tags":[],"acf":[],"wps_subtitle":"","_links":{"self":[{"href":"https:\/\/www.foment.com\/es\/wp-json\/wp\/v2\/posts\/225099"}],"collection":[{"href":"https:\/\/www.foment.com\/es\/wp-json\/wp\/v2\/posts"}],"about":[{"href":"https:\/\/www.foment.com\/es\/wp-json\/wp\/v2\/types\/post"}],"author":[{"embeddable":true,"href":"https:\/\/www.foment.com\/es\/wp-json\/wp\/v2\/users\/281"}],"replies":[{"embeddable":true,"href":"https:\/\/www.foment.com\/es\/wp-json\/wp\/v2\/comments?post=225099"}],"version-history":[{"count":2,"href":"https:\/\/www.foment.com\/es\/wp-json\/wp\/v2\/posts\/225099\/revisions"}],"predecessor-version":[{"id":225104,"href":"https:\/\/www.foment.com\/es\/wp-json\/wp\/v2\/posts\/225099\/revisions\/225104"}],"wp:featuredmedia":[{"embeddable":true,"href":"https:\/\/www.foment.com\/es\/wp-json\/wp\/v2\/media\/225097"}],"wp:attachment":[{"href":"https:\/\/www.foment.com\/es\/wp-json\/wp\/v2\/media?parent=225099"}],"wp:term":[{"taxonomy":"category","embeddable":true,"href":"https:\/\/www.foment.com\/es\/wp-json\/wp\/v2\/categories?post=225099"},{"taxonomy":"post_tag","embeddable":true,"href":"https:\/\/www.foment.com\/es\/wp-json\/wp\/v2\/tags?post=225099"}],"curies":[{"name":"wp","href":"https:\/\/api.w.org\/{rel}","templated":true}]}}