{"id":225116,"date":"2026-09-01T10:21:36","date_gmt":"2026-09-01T08:21:36","guid":{"rendered":"https:\/\/www.foment.com\/?p=225116"},"modified":"2026-09-02T10:27:38","modified_gmt":"2026-09-02T08:27:38","slug":"actualidad-digital-septiembre-2026","status":"publish","type":"post","link":"https:\/\/www.foment.com\/es\/actualidad-digital-septiembre-2026\/","title":{"rendered":"Actualidad Digital septiembre 2026"},"content":{"rendered":"<section class=\"wpb-content-wrapper\"><p>[vc_row][vc_column][vc_column_text]<\/p>\n<p data-start=\"0\" data-end=\"352\"><span style=\"font-family: verdana, geneva, sans-serif;\">Ya ten\u00e9is disponible la\u00a0<strong data-start=\"24\" data-end=\"46\">Actualidad Digital<\/strong> del mes de<strong> septiembre<\/strong>\u00a0elaborada por <strong data-start=\"83\" data-end=\"117\">Foment Oficina Acelera Pyme<\/strong>, que que recoge una selecci\u00f3n de las principales novedades e informaciones publicadas durante los meses de <strong>julio y agosto<\/strong>.<br \/>\n<strong data-start=\"147\" data-end=\"169\"><br \/>\n<\/strong>En ella encontrar\u00e9is <strong data-start=\"147\" data-end=\"169\">consultas p\u00fablicas, convocatorias abiertas y ayudas<\/strong>de inter\u00e9s para pymes, aut\u00f3nomos y startups, con informaci\u00f3n destacada del <strong data-start=\"147\" data-end=\"169\">\u00e1mbito estatal, <\/strong>de<strong data-start=\"147\" data-end=\"169\">Catalu\u00f1a<\/strong> y de la<strong data-start=\"147\" data-end=\"169\">Uni\u00f3n Europea.<br \/>\n<\/strong><\/span><\/p>\n<p data-start=\"354\" data-end=\"496\"><span style=\"font-family: verdana, geneva, sans-serif;\">El documento incluye\u00a0<strong data-start=\"375\" data-end=\"395\">enlaces directos<\/strong>\u00a0a las fuentes y a las convocatorias para facilitar su consulta y el acceso a la informaci\u00f3n oficial.<\/span><\/p>\n<p style=\"text-align: center;\" data-start=\"463\" data-end=\"597\"><span style=\"color: #d2112e;\"><a style=\"color: #d2112e;\" href=\"https:\/\/fomentdeltreball.sharepoint.com\/:b:\/g\/IQCw_ld00Z3vRr4gIO50Mck2AQnUME5dS3A0PeK8xmFSklI?e=X6tB6u\"><span style=\"font-family: verdana, geneva, sans-serif;\"><strong>Actualidad Digital septiembre 2026<\/strong><\/span><\/a><\/span><\/p>\n<p>[\/vc_column_text][\/vc_column][\/vc_row][vc_row][vc_column width=\u00bb1\/1&#8243;][vc_icon icon_fontawesome=\u00bbfas fa-cloud-download-alt\u00bb color=\u00bbcustom\u00bb align=\u00bbcenter\u00bb custom_color=\u00bb#d2112e\u00bb link=\u00bburl:https%3A%2F%2Ffomentdeltreball.sharepoint.com%2F%3Ab%3A%2Fg%2FIQCw_ld00Z3vRr4gIO50Mck2AQnUME5dS3A0PeK8xmFSklI%3Fe%3DX6tB6u\u00bb][\/vc_column][\/vc_row][vc_row][vc_column width=\u00bb1\/1&#8243;][vc_btn title=\u00bb&lt; Vuelve a todas las circulares\u00bb color=\u00bbinverse\u00bb align=\u00bbleft\u00bb link=\u00bburl:https%3A%2F%2Fwww.foment.com%2Fes%2Fcategory%2Factualitat-oap%2F\u00bb][\/vc_column][\/vc_row]<\/p>\n<\/section>","protected":false},"excerpt":{"rendered":"<p>[vc_row][vc_column][vc_column_text] Ya ten\u00e9is disponible la\u00a0Actualidad Digital del mes de septiembre\u00a0elaborada por Foment Oficina Acelera Pyme, que que recoge una selecci\u00f3n de las principales novedades e informaciones publicadas durante los meses de julio y agosto. En ella encontrar\u00e9is consultas p\u00fablicas, convocatorias abiertas y ayudasde inter\u00e9s para pymes, aut\u00f3nomos y startups, con informaci\u00f3n destacada del \u00e1mbito estatal, deCatalu\u00f1a y de laUni\u00f3n Europea. El documento incluye\u00a0enlaces directos\u00a0a las fuentes y a las convocatorias para facilitar su consulta y el acceso a la informaci\u00f3n oficial. Actualidad Digital septiembre 2026 [\/vc_column_text][\/vc_column][\/vc_row][vc_row][vc_column width=\u00bb1\/1&#8243;][vc_icon icon_fontawesome=\u00bbfas fa-cloud-download-alt\u00bb color=\u00bbcustom\u00bb align=\u00bbcenter\u00bb custom_color=\u00bb#d2112e\u00bb link=\u00bburl:https%3A%2F%2Ffomentdeltreball.sharepoint.com%2F%3Ab%3A%2Fg%2FIQCw_ld00Z3vRr4gIO50Mck2AQnUME5dS3A0PeK8xmFSklI%3Fe%3DX6tB6u\u00bb][\/vc_column][\/vc_row][vc_row][vc_column width=\u00bb1\/1&#8243;][vc_btn title=\u00bb&lt; Vuelve a todas las circulares\u00bb color=\u00bbinverse\u00bb align=\u00bbleft\u00bb link=\u00bburl:https%3A%2F%2Fwww.foment.com%2Fes%2Fcategory%2Factualitat-oap%2F\u00bb][\/vc_column][\/vc_row]<\/p>\n","protected":false},"author":299,"featured_media":225120,"comment_status":"closed","ping_status":"closed","sticky":false,"template":"","format":"standard","meta":{"_links_to":"","_links_to_target":""},"categories":[9065,9057],"tags":[],"acf":[],"wps_subtitle":"","_links":{"self":[{"href":"https:\/\/www.foment.com\/es\/wp-json\/wp\/v2\/posts\/225116"}],"collection":[{"href":"https:\/\/www.foment.com\/es\/wp-json\/wp\/v2\/posts"}],"about":[{"href":"https:\/\/www.foment.com\/es\/wp-json\/wp\/v2\/types\/post"}],"author":[{"embeddable":true,"href":"https:\/\/www.foment.com\/es\/wp-json\/wp\/v2\/users\/299"}],"replies":[{"embeddable":true,"href":"https:\/\/www.foment.com\/es\/wp-json\/wp\/v2\/comments?post=225116"}],"version-history":[{"count":4,"href":"https:\/\/www.foment.com\/es\/wp-json\/wp\/v2\/posts\/225116\/revisions"}],"predecessor-version":[{"id":225135,"href":"https:\/\/www.foment.com\/es\/wp-json\/wp\/v2\/posts\/225116\/revisions\/225135"}],"wp:featuredmedia":[{"embeddable":true,"href":"https:\/\/www.foment.com\/es\/wp-json\/wp\/v2\/media\/225120"}],"wp:attachment":[{"href":"https:\/\/www.foment.com\/es\/wp-json\/wp\/v2\/media?parent=225116"}],"wp:term":[{"taxonomy":"category","embeddable":true,"href":"https:\/\/www.foment.com\/es\/wp-json\/wp\/v2\/categories?post=225116"},{"taxonomy":"post_tag","embeddable":true,"href":"https:\/\/www.foment.com\/es\/wp-json\/wp\/v2\/tags?post=225116"}],"curies":[{"name":"wp","href":"https:\/\/api.w.org\/{rel}","templated":true}]}}