{"id":225187,"date":"2026-09-02T14:54:46","date_gmt":"2026-09-02T12:54:46","guid":{"rendered":"https:\/\/www.foment.com\/?p=225187"},"modified":"2026-09-02T14:56:09","modified_gmt":"2026-09-02T12:56:09","slug":"foment-alerta-del-deterioro-del-mercado-laboral-en-agosto-y-reclama-evitar-nuevas-rigideces","status":"publish","type":"post","link":"https:\/\/www.foment.com\/es\/foment-alerta-del-deterioro-del-mercado-laboral-en-agosto-y-reclama-evitar-nuevas-rigideces\/","title":{"rendered":"Foment alerta del deterioro del mercado laboral en agosto y reclama evitar nuevas rigideces"},"content":{"rendered":"<ul>\n<li>Catalu\u00f1a registra el aumento mensual del paro m\u00e1s elevado del Estado y la mayor p\u00e9rdida de afiliaci\u00f3n en t\u00e9rminos absolutos<\/li>\n<li>La patronal pide prudencia a la hora de interpretar la evoluci\u00f3n de los datos y del mercado laboral por el posible impacto del proceso extraordinario de regularizaci\u00f3n<\/li>\n<\/ul>\n<p>El n\u00famero de parados en Catalu\u00f1a aument\u00f3 en agosto en 14.594 personas (4,63%). En t\u00e9rminos interanuales, el paro registrado aument\u00f3 en 2.103 personas (0,64%). El n\u00famero de parados se sit\u00faa en 329.468 personas.<\/p>\n<p>En cuanto a la contrataci\u00f3n, se han efectuado menos contratos que el mes anterior (97.163 contratos menos). Los contratos indefinidos representan el 41,46% del total de contratos realizados este mes (75.592). Los contratos temporales representan el 58,54% del total de contratos (106.734).<\/p>\n<p>Al mismo tiempo, la afiliaci\u00f3n cay\u00f3 en 59.529 personas respecto a julio, hasta las 3.965.220 afiliaciones.<\/p>\n<p>Foment del Treball considera que, aunque los datos de agosto suelen mostrar una evoluci\u00f3n desfavorable debido a la estacionalidad de este mes con la p\u00e9rdida de empleo en actividades relacionadas con el ocio, el tiempo libre y la temporada tur\u00edstica, las cifras publicadas reflejan un deterioro significativo en t\u00e9rminos mensuales. Catalu\u00f1a se sit\u00faa como la comunidad aut\u00f3noma con el aumento mensual m\u00e1s alto (+4,63%) y la segunda con la peor evoluci\u00f3n de la afiliaci\u00f3n (-1,48%). En t\u00e9rminos absolutos, tambi\u00e9n es la comunidad que registra la mayor p\u00e9rdida de afiliados, con 59.529 afiliaciones menos.<\/p>\n<p>A pesar de esta evoluci\u00f3n mensual, la afiliaci\u00f3n mantiene un comportamiento favorable en t\u00e9rminos interanuales. Sin embargo, estos datos deben analizarse teniendo en cuenta el contexto actual y, en particular, el posible impacto del proceso extraordinario de regularizaci\u00f3n de personas extranjeras. En Espa\u00f1a en su conjunto, los trabajadores extranjeros representan el 15,9% de la afiliaci\u00f3n y ocupan el 71% de los puestos de trabajo creados durante los \u00faltimos doce meses (679.000 afiliados), una proporci\u00f3n significativamente superior a la registrada en periodos anteriores, como agosto de 2024, cuando se situaba alrededor del 40%. Sin embargo, y seg\u00fan los datos publicados por el Ministerio de Inclusi\u00f3n, Seguridad Social y Migraci\u00f3n a 31 de agosto, el n\u00famero de afiliados extranjeros regularizados en alta por el proceso extraordinario ascendi\u00f3 a 337.917, de los cuales el 19% corresponden a Catalu\u00f1a.<\/p>\n<p>En este sentido, estos indicadores deben interpretarse con prudencia. El proceso de regularizaci\u00f3n puede tener efectos simult\u00e1neos en ambas estad\u00edsticas, ya que puede actuar como un factor de impulso de la afiliaci\u00f3n y, al mismo tiempo, tener un impacto en el aumento del paro registrado. Este factor introduce un elemento adicional que debe tenerse en cuenta tanto en la comparaci\u00f3n con a\u00f1os anteriores como en la valoraci\u00f3n de la evoluci\u00f3n real del mercado laboral.<\/p>\n<p>M\u00e1s all\u00e1 de los efectos estad\u00edsticos, en Foment del Treball insistimos en la necesidad de promover medidas que favorezcan la creaci\u00f3n de empleo, la competitividad empresarial y un mejor ajuste entre la oferta y la demanda laboral. El objetivo debe ser consolidar el crecimiento de la afiliaci\u00f3n y avanzar hacia una reducci\u00f3n del paro que sea estable y sostenida en el tiempo.<\/p>\n<p>Por ello, tambi\u00e9n es necesario preservar la capacidad de las empresas para crear puestos de trabajo y adaptarse a las necesidades cambiantes de la actividad econ\u00f3mica, evitando reformas regulatorias que introduzcan nuevas rigideces, aumenten los costes laborales o limiten injustificadamente su capacidad de organizaci\u00f3n y adaptaci\u00f3n. Un mercado laboral m\u00e1s din\u00e1mico, flexible y competitivo es una condici\u00f3n esencial para el crecimiento econ\u00f3mico.<\/p>\n<p><a href=\"https:\/\/www.foment.com\/wp-content\/uploads\/2026\/09\/saturo-1.png\"><img loading=\"lazy\" class=\"aligncenter wp-image-225188 size-full\" src=\"https:\/\/www.foment.com\/wp-content\/uploads\/2026\/09\/saturo-1.png\" alt=\"\" width=\"2112\" height=\"1096\" srcset=\"https:\/\/www.foment.com\/wp-content\/uploads\/2026\/09\/saturo-1.png 2112w, https:\/\/www.foment.com\/wp-content\/uploads\/2026\/09\/saturo-1-300x156.png 300w, https:\/\/www.foment.com\/wp-content\/uploads\/2026\/09\/saturo-1-1024x531.png 1024w, https:\/\/www.foment.com\/wp-content\/uploads\/2026\/09\/saturo-1-768x399.png 768w, https:\/\/www.foment.com\/wp-content\/uploads\/2026\/09\/saturo-1-1536x797.png 1536w, https:\/\/www.foment.com\/wp-content\/uploads\/2026\/09\/saturo-1-2048x1063.png 2048w\" sizes=\"(max-width: 2112px) 100vw, 2112px\" \/><\/a><\/p>\n<p style=\"text-align: center;\">Fuente: Elaboraci\u00f3n propia a partir de los datos del Ministerio de Trabajo y Econom\u00eda Social.<\/p>\n<p>La cifra de paro registrada en Catalu\u00f1a es de 329.468 personas desempleadas.<\/p>\n<p>El aumento, <u>en t\u00e9rminos interanuales<\/u>, del paro registrado del 0,64% supone 2.103 personas desempleadas m\u00e1s en relaci\u00f3n con el mismo mes del a\u00f1o anterior.<\/p>\n<p><a href=\"https:\/\/www.foment.com\/wp-content\/uploads\/2026\/09\/saturo-2.png\"><img loading=\"lazy\" class=\"aligncenter wp-image-225191 size-full\" src=\"https:\/\/www.foment.com\/wp-content\/uploads\/2026\/09\/saturo-2.png\" alt=\"\" width=\"967\" height=\"464\" srcset=\"https:\/\/www.foment.com\/wp-content\/uploads\/2026\/09\/saturo-2.png 967w, https:\/\/www.foment.com\/wp-content\/uploads\/2026\/09\/saturo-2-300x144.png 300w, https:\/\/www.foment.com\/wp-content\/uploads\/2026\/09\/saturo-2-768x369.png 768w\" sizes=\"(max-width: 967px) 100vw, 967px\" \/><\/a><\/p>\n<p style=\"text-align: center;\">Fuente: Elaboraci\u00f3n propia a partir de los datos del Ministerio de Trabajo y Econom\u00eda Social.<\/p>\n<p>En cuanto a la <u>variaci\u00f3n mensual<\/u>, en Catalu\u00f1a, en agosto de 2026, el paro ha registrado un aumento de 14.594 personas desempleadas respecto al mes anterior (un incremento del 4,63% en t\u00e9rminos relativos).<\/p>\n<p><a href=\"https:\/\/www.foment.com\/wp-content\/uploads\/2026\/09\/Saturo-3.png\"><img loading=\"lazy\" class=\"aligncenter wp-image-225194 size-full\" src=\"https:\/\/www.foment.com\/wp-content\/uploads\/2026\/09\/Saturo-3.png\" alt=\"\" width=\"2112\" height=\"1124\" srcset=\"https:\/\/www.foment.com\/wp-content\/uploads\/2026\/09\/Saturo-3.png 2112w, https:\/\/www.foment.com\/wp-content\/uploads\/2026\/09\/Saturo-3-300x160.png 300w, https:\/\/www.foment.com\/wp-content\/uploads\/2026\/09\/Saturo-3-1024x545.png 1024w, https:\/\/www.foment.com\/wp-content\/uploads\/2026\/09\/Saturo-3-768x409.png 768w, https:\/\/www.foment.com\/wp-content\/uploads\/2026\/09\/Saturo-3-1536x817.png 1536w, https:\/\/www.foment.com\/wp-content\/uploads\/2026\/09\/Saturo-3-2048x1090.png 2048w\" sizes=\"(max-width: 2112px) 100vw, 2112px\" \/><\/a><\/p>\n<p style=\"text-align: center;\">Fuente: Elaboraci\u00f3n propia a partir de los datos del Ministerio de Trabajo y Econom\u00eda Social.<\/p>\n<p>El paro ha aumentado en todos los sectores. El mayor aumento se ha registrado en el sector servicios con 9.331 personas y entre las personas sin empleo anterior (3.228 personas). Tambi\u00e9n ha aumentado en la construcci\u00f3n, con 754 personas, en la industria, con 1.220 personas, y en la agricultura, con 61 personas.<\/p>\n<p>Por provincias, el paro mensual ha aumentado en todas las provincias catalanas. En este sentido, en Barcelona ha aumentado en 10.743 personas, en Girona en 1.531, en Lleida en 824 y en Tarragona en 1.496.<\/p>\n<p>En t\u00e9rminos interanuales, el paro ha aumentado un 0,68% en Barcelona, ha ca\u00eddo un -1,28% en Girona y un 4,54% en Lleida y un 0,23% en Lleida.<\/p>\n<p>El paro registrado en cada provincia es de 247.435 en Barcelona, 27.720 en Girona, 16.486 en Lleida y 37.827 en Tarragona.<\/p>\n<p><u>Contrataci\u00f3n<\/u>. En cuanto al n\u00famero de contratos registrados durante el mes de agosto en Catalu\u00f1a, el n\u00famero de contratos se sit\u00faa en 182.326, de los cuales el 41,46% (75.592 contratos) han sido de car\u00e1cter indefinido y el resto (58,54%, es decir, 106.734 contratos) eran temporales. El n\u00famero de contratos registrados en Catalu\u00f1a cay\u00f3 un -34,76% respecto al mes anterior (97.163 contratos menos) y aument\u00f3 un 13,92% respecto a agosto de 2025 (22.282 contratos m\u00e1s).<\/p>\n<p><u>A nivel estatal<\/u><u>,<\/u> el paro registrado ha aumentado en 44.419 personas respecto al mes anterior (1,92%). La cifra de paro a nivel estatal es de 2.355.918 personas en agosto de 2026, con una disminuci\u00f3n de 70.593 personas (-2,91% en t\u00e9rminos anuales).<\/p>\n<p><u>Afiliaci\u00f3n.<\/u> En Catalu\u00f1a, el n\u00famero de afiliados a la Seguridad Social se ha situado en el mes de agosto de 2026 en 3.965.220, lo que supone 59.529 afiliaciones menos en comparaci\u00f3n con julio (-1,48%) y 116.437 m\u00e1s que en el mismo mes del a\u00f1o anterior (3,03%).<\/p>\n<p><a href=\"https:\/\/www.foment.com\/wp-content\/uploads\/2026\/09\/saturo-4.png\"><img loading=\"lazy\" class=\"aligncenter wp-image-225197 size-full\" src=\"https:\/\/www.foment.com\/wp-content\/uploads\/2026\/09\/saturo-4.png\" alt=\"\" width=\"2112\" height=\"1050\" srcset=\"https:\/\/www.foment.com\/wp-content\/uploads\/2026\/09\/saturo-4.png 2112w, https:\/\/www.foment.com\/wp-content\/uploads\/2026\/09\/saturo-4-300x149.png 300w, https:\/\/www.foment.com\/wp-content\/uploads\/2026\/09\/saturo-4-1024x509.png 1024w, https:\/\/www.foment.com\/wp-content\/uploads\/2026\/09\/saturo-4-768x382.png 768w, https:\/\/www.foment.com\/wp-content\/uploads\/2026\/09\/saturo-4-1536x764.png 1536w, https:\/\/www.foment.com\/wp-content\/uploads\/2026\/09\/saturo-4-2048x1018.png 2048w\" sizes=\"(max-width: 2112px) 100vw, 2112px\" \/><\/a><\/p>\n<p style=\"text-align: center;\">Fuente: Elaboraci\u00f3n propia a partir de los datos del Ministerio de Trabajo y Econom\u00eda Social.<\/p>\n<p><u>A nivel estatal<\/u>, el n\u00famero de afiliados a la Seguridad Social se ha situado en el mes de agosto en 22.345.226, lo que supone una disminuci\u00f3n de 162.840 personas ocupadas (0,72%) en comparaci\u00f3n con el mes de julio y 679.023 ocupados m\u00e1s respecto al mismo mes del a\u00f1o anterior (3,13%).<\/p>\n","protected":false},"excerpt":{"rendered":"<p>Catalu\u00f1a registra el aumento mensual del paro m\u00e1s elevado del Estado y la mayor p\u00e9rdida de afiliaci\u00f3n en t\u00e9rminos absolutos La patronal pide prudencia a la hora de interpretar la evoluci\u00f3n de los datos y del mercado laboral por el posible impacto del proceso extraordinario de regularizaci\u00f3n El n\u00famero de parados en Catalu\u00f1a aument\u00f3 en agosto en 14.594 personas (4,63%). En t\u00e9rminos interanuales, el paro registrado aument\u00f3 en 2.103 personas (0,64%). El n\u00famero de parados se sit\u00faa en 329.468 personas. En cuanto a la contrataci\u00f3n, se han efectuado menos contratos que el mes anterior (97.163 contratos menos). Los contratos indefinidos representan el 41,46% del total de contratos realizados este mes (75.592). Los contratos temporales representan el 58,54% del total de contratos (106.734). Al mismo tiempo, la afiliaci\u00f3n cay\u00f3 en 59.529 personas respecto a julio, hasta las 3.965.220 afiliaciones. Foment del Treball considera que, aunque los datos de agosto suelen mostrar una evoluci\u00f3n desfavorable debido a la estacionalidad de este mes con la p\u00e9rdida de empleo en actividades relacionadas con el ocio, el tiempo libre y la temporada tur\u00edstica, las cifras publicadas reflejan un deterioro significativo en t\u00e9rminos mensuales. Catalu\u00f1a se sit\u00faa como la comunidad aut\u00f3noma con el aumento mensual m\u00e1s [&hellip;]<\/p>\n","protected":false},"author":281,"featured_media":225185,"comment_status":"closed","ping_status":"closed","sticky":false,"template":"","format":"standard","meta":{"_links_to":"","_links_to_target":""},"categories":[114,5714,73],"tags":[],"acf":[],"wps_subtitle":"","_links":{"self":[{"href":"https:\/\/www.foment.com\/es\/wp-json\/wp\/v2\/posts\/225187"}],"collection":[{"href":"https:\/\/www.foment.com\/es\/wp-json\/wp\/v2\/posts"}],"about":[{"href":"https:\/\/www.foment.com\/es\/wp-json\/wp\/v2\/types\/post"}],"author":[{"embeddable":true,"href":"https:\/\/www.foment.com\/es\/wp-json\/wp\/v2\/users\/281"}],"replies":[{"embeddable":true,"href":"https:\/\/www.foment.com\/es\/wp-json\/wp\/v2\/comments?post=225187"}],"version-history":[{"count":1,"href":"https:\/\/www.foment.com\/es\/wp-json\/wp\/v2\/posts\/225187\/revisions"}],"predecessor-version":[{"id":225200,"href":"https:\/\/www.foment.com\/es\/wp-json\/wp\/v2\/posts\/225187\/revisions\/225200"}],"wp:featuredmedia":[{"embeddable":true,"href":"https:\/\/www.foment.com\/es\/wp-json\/wp\/v2\/media\/225185"}],"wp:attachment":[{"href":"https:\/\/www.foment.com\/es\/wp-json\/wp\/v2\/media?parent=225187"}],"wp:term":[{"taxonomy":"category","embeddable":true,"href":"https:\/\/www.foment.com\/es\/wp-json\/wp\/v2\/categories?post=225187"},{"taxonomy":"post_tag","embeddable":true,"href":"https:\/\/www.foment.com\/es\/wp-json\/wp\/v2\/tags?post=225187"}],"curies":[{"name":"wp","href":"https:\/\/api.w.org\/{rel}","templated":true}]}}