{"id":225201,"date":"2026-09-02T15:41:02","date_gmt":"2026-09-02T13:41:02","guid":{"rendered":"https:\/\/www.foment.com\/?p=225201"},"modified":"2026-09-02T15:41:02","modified_gmt":"2026-09-02T13:41:02","slug":"vueling-retoma-la-conexion-entre-barcelona-y-madrid-a-partir-del-5-de-octubre","status":"publish","type":"post","link":"https:\/\/www.foment.com\/es\/vueling-retoma-la-conexion-entre-barcelona-y-madrid-a-partir-del-5-de-octubre\/","title":{"rendered":"Vueling retoma la conexi\u00f3n entre Barcelona y Madrid a partir del 5 de octubre"},"content":{"rendered":"<ul>\n<li>La ruta se ha puesto a la venta hasta el 29 de marzo de 2027, con diez frecuencias semanales durante la mayor parte de octubre y vuelos todos los d\u00edas excepto los s\u00e1bados, mientras que, a partir del 31 de octubre, ofrecer\u00e1 once frecuencias semanales, con dos vuelos diarios de lunes a jueves y uno diario de viernes a domingo<\/li>\n<li>La decisi\u00f3n de recuperar esta conexi\u00f3n, ya disponible en todos los canales de venta, responde a la necesidad de seguir reforzando las alternativas de movilidad entre ambas ciudades con un incremento de la demanda, especialmente entre los clientes que viajan por motivos profesionales<\/li>\n<li>Vueling, l\u00edder en el tr\u00e1fico dom\u00e9stico, ya oper\u00f3 este a\u00f1o esta ruta de forma temporal entre febrero y marzo para reforzar las opciones de transporte disponibles y cubrir las necesidades de los ciudadanos<\/li>\n<\/ul>\n<p>Vueling, aerol\u00ednea perteneciente al grupo IAG, retomar\u00e1 la conexi\u00f3n entre Barcelona y Madrid a partir del 5 de octubre. Los vuelos ya est\u00e1n a la venta hasta el 29 de marzo de 2027. Durante la mayor parte de octubre contar\u00e1 con diez frecuencias semanales, con dos vuelos diarios, uno por la ma\u00f1ana y otro por la tarde, de lunes a jueves, adem\u00e1s de un vuelo los viernes y otro los domingos. A partir del 31 de octubre, la conexi\u00f3n incorporar\u00e1 tambi\u00e9n los s\u00e1bados y pasar\u00e1 a ofrecer once frecuencias semanales, manteniendo el doble vuelo diario de lunes a jueves para facilitar los viajes de ida y vuelta en el mismo d\u00eda, y una frecuencia diaria de viernes a domingo para los viajes de fin de semana.<\/p>\n<p>La recuperaci\u00f3n de esta conexi\u00f3n, que Vueling ya oper\u00f3 a principios de a\u00f1o cuando las opciones de transporte entre ambas ciudades se vieron limitadas, permitir\u00e1 a la aerol\u00ednea seguir dando respuesta a las necesidades de movilidad entre Barcelona y Madrid, en un escenario de mayor demanda, especialmente entre los clientes que viajan por motivos profesionales.<\/p>\n<p><span style=\"color: #d12238;\"><strong>Horarios de la conexi\u00f3n<\/strong><\/span><\/p>\n<p>En concreto, <strong>durante el mes de octubre <\/strong>las salidas de la ma\u00f1ana entre lunes y jueves desde el Aeropuerto Josep Tarradellas Barcelona \u2013 El Prat ser\u00e1n entre las 07:20h y las 07:30h, y entre las 09:25 y las 09:40h desde el aeropuerto Adolfo Su\u00e1rez Madrid\u2013Barajas. Por la tarde, los vuelos saldr\u00e1n a las 18:35 horas desde Barcelona y entre las 20:35 y las 20:45 horas desde Madrid.<\/p>\n<p>Tambi\u00e9n durante el mes de octubre, los viernes la conexi\u00f3n se operar\u00e1 desde Barcelona a las 18:35h y volver\u00e1 desde Madrid a las 20:35h; mientras que el domingo saldr\u00e1 a las 16:45h desde la Ciudad Condal y a las 18:50h desde la capital.<\/p>\n<p><a href=\"https:\/\/www.foment.com\/wp-content\/uploads\/2026\/09\/vuerling-1.png\"><img loading=\"lazy\" class=\"aligncenter wp-image-225202 size-full\" src=\"https:\/\/www.foment.com\/wp-content\/uploads\/2026\/09\/vuerling-1.png\" alt=\"\" width=\"532\" height=\"348\" srcset=\"https:\/\/www.foment.com\/wp-content\/uploads\/2026\/09\/vuerling-1.png 532w, https:\/\/www.foment.com\/wp-content\/uploads\/2026\/09\/vuerling-1-300x196.png 300w\" sizes=\"(max-width: 532px) 100vw, 532px\" \/><\/a><\/p>\n<p><strong>A partir del 31 de octubre de 2026 y hasta el 29 de marzo de 2027 <\/strong>las salidas por la ma\u00f1ana desde Barcelona de lunes a viernes ser\u00e1n a las 07:30h y desde Madrid a las 09:30h. Mientras que, por las tardes, ser\u00e1n a las 17:30h desde la Ciudad Condal y a las 19:30 desde la capital.<\/p>\n<p>El fin de semana, a partir del 31 de octubre, se incorporar\u00e1 la conexi\u00f3n del s\u00e1bado, que se operar\u00e1 desde Barcelona a las 10:10h y desde Madrid a las 12:10h, mientas que el domingo el despegue desde Barcelona ser\u00e1 a las 17:30h y a las 19:30h desde Madrid.<\/p>\n<p><a href=\"https:\/\/www.foment.com\/wp-content\/uploads\/2026\/09\/Vuerling-2.png\"><img loading=\"lazy\" class=\"aligncenter size-full wp-image-225205\" src=\"https:\/\/www.foment.com\/wp-content\/uploads\/2026\/09\/Vuerling-2.png\" alt=\"\" width=\"449\" height=\"376\" srcset=\"https:\/\/www.foment.com\/wp-content\/uploads\/2026\/09\/Vuerling-2.png 449w, https:\/\/www.foment.com\/wp-content\/uploads\/2026\/09\/Vuerling-2-300x251.png 300w\" sizes=\"(max-width: 449px) 100vw, 449px\" \/><\/a><\/p>\n<p>De este modo, Vueling vuelve a adaptar su oferta como ya hizo entre el 9 y el 22 de febrero para contribuir a reforzar la conectividad y facilitar los viajes entre ambas ciudades. La operativa se ampli\u00f3 posteriormente hasta el 29 de marzo para atender el alto volumen de desplazamientos en esas semanas, coincidiendo tambi\u00e9n con la celebraci\u00f3n en Barcelona de grandes eventos como los premios Goya, el Mobile World Congress o la feria Alimentaria.<\/p>\n<p>Con esta propuesta, Vueling, compa\u00f1\u00eda l\u00edder en el tr\u00e1fico a\u00e9reo dentro de Espa\u00f1a, consolida su papel como actor clave en la conectividad del pa\u00eds y su compromiso con una oferta capaz de adaptarse a las necesidades de sus clientes.<\/p>\n<p><span style=\"color: #d12238;\"><strong>Sobre Vueling<\/strong><\/span><\/p>\n<p>Vueling, compa\u00f1\u00eda perteneciente al grupo IAG, es una aerol\u00ednea de referencia en Europa y clave en la conectividad en Espa\u00f1a.<\/p>\n<p>Es l\u00edder en su base principal en el Josep Tarradellas Barcelona-El Prat, en las conexiones dentro de Espa\u00f1a y en otros aeropuertos relevantes como Bilbao. Tambi\u00e9n lidera la conexi\u00f3n entre la pen\u00ednsula y las islas Baleares y Canarias. A nivel internacional, trabaja para reforzar su presencia en bases como Par\u00eds-Orly. La compa\u00f1\u00eda cuenta con una red de alrededor de 250 rutas al a\u00f1o que conectan 30 pa\u00edses. En 2025, ha operado m\u00e1s de 227.000 vuelos y trasladado a alrededor de 40 millones de pasajeros.<\/p>\n<p>Con m\u00e1s de 5.000 empleados, Vueling es la \u00fanica aerol\u00ednea europea Top Employer por tercer a\u00f1o consecutivo. La compa\u00f1\u00eda est\u00e1 firmemente comprometida con la descarbonizaci\u00f3n del sector y, como parte del grupo IAG, se ha comprometido a alcanzar las cero emisiones netas de carbono en 2050 a trav\u00e9s de la implementaci\u00f3n de la estrategia FlightPath Net Zero.<\/p>\n<p>Fiel a su ADN digital, Vueling fue la primera aerol\u00ednea en vender billetes a trav\u00e9s de la aplicaci\u00f3n m\u00f3vil y en disponer de tarjeta de embarque digital con c\u00f3digo QR. Asimismo, la aerol\u00ednea cuenta con un equipo de m\u00e1s de 600 personas que trabajan en sus hubs de innovaci\u00f3n de Barcelona y Zaragoza.<\/p>\n","protected":false},"excerpt":{"rendered":"<p>La ruta se ha puesto a la venta hasta el 29 de marzo de 2027, con diez frecuencias semanales durante la mayor parte de octubre y vuelos todos los d\u00edas excepto los s\u00e1bados, mientras que, a partir del 31 de octubre, ofrecer\u00e1 once frecuencias semanales, con dos vuelos diarios de lunes a jueves y uno diario de viernes a domingo La decisi\u00f3n de recuperar esta conexi\u00f3n, ya disponible en todos los canales de venta, responde a la necesidad de seguir reforzando las alternativas de movilidad entre ambas ciudades con un incremento de la demanda, especialmente entre los clientes que viajan por motivos profesionales Vueling, l\u00edder en el tr\u00e1fico dom\u00e9stico, ya oper\u00f3 este a\u00f1o esta ruta de forma temporal entre febrero y marzo para reforzar las opciones de transporte disponibles y cubrir las necesidades de los ciudadanos Vueling, aerol\u00ednea perteneciente al grupo IAG, retomar\u00e1 la conexi\u00f3n entre Barcelona y Madrid a partir del 5 de octubre. Los vuelos ya est\u00e1n a la venta hasta el 29 de marzo de 2027. Durante la mayor parte de octubre contar\u00e1 con diez frecuencias semanales, con dos vuelos diarios, uno por la ma\u00f1ana y otro por la tarde, de lunes a jueves, adem\u00e1s de un [&hellip;]<\/p>\n","protected":false},"author":281,"featured_media":225208,"comment_status":"closed","ping_status":"closed","sticky":false,"template":"","format":"standard","meta":{"_links_to":"","_links_to_target":""},"categories":[8407],"tags":[],"acf":[],"wps_subtitle":"","_links":{"self":[{"href":"https:\/\/www.foment.com\/es\/wp-json\/wp\/v2\/posts\/225201"}],"collection":[{"href":"https:\/\/www.foment.com\/es\/wp-json\/wp\/v2\/posts"}],"about":[{"href":"https:\/\/www.foment.com\/es\/wp-json\/wp\/v2\/types\/post"}],"author":[{"embeddable":true,"href":"https:\/\/www.foment.com\/es\/wp-json\/wp\/v2\/users\/281"}],"replies":[{"embeddable":true,"href":"https:\/\/www.foment.com\/es\/wp-json\/wp\/v2\/comments?post=225201"}],"version-history":[{"count":1,"href":"https:\/\/www.foment.com\/es\/wp-json\/wp\/v2\/posts\/225201\/revisions"}],"predecessor-version":[{"id":225211,"href":"https:\/\/www.foment.com\/es\/wp-json\/wp\/v2\/posts\/225201\/revisions\/225211"}],"wp:featuredmedia":[{"embeddable":true,"href":"https:\/\/www.foment.com\/es\/wp-json\/wp\/v2\/media\/225208"}],"wp:attachment":[{"href":"https:\/\/www.foment.com\/es\/wp-json\/wp\/v2\/media?parent=225201"}],"wp:term":[{"taxonomy":"category","embeddable":true,"href":"https:\/\/www.foment.com\/es\/wp-json\/wp\/v2\/categories?post=225201"},{"taxonomy":"post_tag","embeddable":true,"href":"https:\/\/www.foment.com\/es\/wp-json\/wp\/v2\/tags?post=225201"}],"curies":[{"name":"wp","href":"https:\/\/api.w.org\/{rel}","templated":true}]}}