{"id":225219,"date":"2026-09-03T09:53:58","date_gmt":"2026-09-03T07:53:58","guid":{"rendered":"https:\/\/www.foment.com\/?p=225219"},"modified":"2026-09-03T10:33:59","modified_gmt":"2026-09-03T08:33:59","slug":"deloitte-se-incorpora-a-foment-del-treball-para-reforzar-su-ecosistema-empresarial","status":"publish","type":"post","link":"https:\/\/www.foment.com\/es\/deloitte-se-incorpora-a-foment-del-treball-para-reforzar-su-ecosistema-empresarial\/","title":{"rendered":"Deloitte se incorpora a Foment del Treball para reforzar el conocimiento y la transformaci\u00f3n al servicio de la empresa"},"content":{"rendered":"<section class=\"wpb-content-wrapper\"><p>[vc_row][vc_column width=\u00bb1\/1&#8243;][vc_column_text]<\/p>\n<ul data-spread=\"false\">\n<li>La firma de servicios profesionales aportar\u00e1 su experiencia en \u00e1mbitos estrat\u00e9gicos como la tecnolog\u00eda, la transformaci\u00f3n empresarial, la auditor\u00eda, el asesoramiento legal, fiscal y financiero y la gesti\u00f3n de riesgos.<\/li>\n<\/ul>\n<p class=\"isSelectedEnd\"><strong>Foment del Treball ampl\u00eda su ecosistema empresarial con la incorporaci\u00f3n de Deloitte<\/strong>, firma de servicios profesionales con una amplia trayectoria acompa\u00f1ando a empresas e instituciones en sus procesos de crecimiento y transformaci\u00f3n. Su llegada permitir\u00e1 incorporar nuevas capacidades y conocimiento especializado en algunos de los principales retos a los que se enfrenta actualmente el tejido productivo, desde la digitalizaci\u00f3n y la inteligencia artificial hasta la regulaci\u00f3n, el talento y la sostenibilidad.<\/p>\n<p class=\"isSelectedEnd\">La incorporaci\u00f3n de Deloitte a Foment del Treball se ha oficializado durante una reuni\u00f3n entre el presidente de la patronal catalana, <strong>Josep S\u00e1nchez Llibre<\/strong>; el secretario general, <strong>David Tornos<\/strong>; la presidenta de Deloitte Espa\u00f1a, <strong>Ana Torrens<\/strong>; y el socio responsable del \u00e1rea de Catalu\u00f1a y Andorra, <strong>Raimon Ripoll<\/strong>.<\/p>\n<p class=\"isSelectedEnd\"><strong>Josep S\u00e1nchez Llibre ha destacado que \u00abcontar con Deloitte refuerza la capacidad de Foment para generar conocimiento y abordar, junto a las empresas, transformaciones que ser\u00e1n determinantes para su competitividad<\/strong>. Su experiencia y visi\u00f3n transversal aportar\u00e1n valor a los debates e iniciativas que impulsamos desde la patronal\u00bb.<\/p>\n<p class=\"isSelectedEnd\">Por su parte, <strong>Raimon Ripoll<\/strong> <strong>ha se\u00f1alado que \u00abcolaborar con Foment del Treball<\/strong>, que aglutina una parte muy relevante del tejido empresarial y de la industria de Catalu\u00f1a, <strong>es una excelente oportunidad para aportar conocimiento especializado y de valor al tejido empresarial a trav\u00e9s de nuestra participaci\u00f3n en las diferentes comisiones asesoras de la confederaci\u00f3n<\/strong>\u00bb.<\/p>\n<p class=\"isSelectedEnd\">Deloitte es la firma l\u00edder de servicios profesionales en Espa\u00f1a, con capacidades en auditor\u00eda y assurance, estrategia, riesgos y transacciones, tecnolog\u00eda y transformaci\u00f3n, as\u00ed como asesoramiento fiscal y legal. La firma cerr\u00f3 su ejercicio fiscal 2025 con una facturaci\u00f3n de 1.288,5 millones de euros en Espa\u00f1a, un 9,5% m\u00e1s que el ejercicio anterior, y cuenta con m\u00e1s de 12.000 profesionales. Durante el mismo ejercicio incorpor\u00f3 a 2.800 nuevos profesionales. Deloitte cuenta tambi\u00e9n con una presencia consolidada en Catalu\u00f1a con m\u00e1s de 2.400 profesionales.<\/p>\n<p>[\/vc_column_text][vc_empty_space height=\u00bb10px\u00bb][\/vc_column][\/vc_row][vc_row][vc_column width=\u00bb1\/1&#8243;]<div class=\"flexslider wpb_content_element\"><ul class=\"slides\"><li><img src=\"https:\/\/www.foment.com\/wp-content\/uploads\/2026\/09\/DSC_0214-scaled.jpg\" alt=\"\" \/><\/li><li><img src=\"https:\/\/www.foment.com\/wp-content\/uploads\/2026\/09\/DSC_0230-scaled.jpg\" alt=\"\" \/><\/li><li><img src=\"https:\/\/www.foment.com\/wp-content\/uploads\/2026\/09\/DSC_0221-scaled.jpg\" alt=\"\" \/><\/li><li><img src=\"https:\/\/www.foment.com\/wp-content\/uploads\/2026\/09\/DSC_0216-scaled.jpg\" alt=\"\" \/><\/li><li><img src=\"https:\/\/www.foment.com\/wp-content\/uploads\/2026\/09\/DSC_0218-scaled.jpg\" alt=\"\" \/><\/li><\/ul><\/div>[\/vc_column][\/vc_row]<\/p>\n<\/section>","protected":false},"excerpt":{"rendered":"<p>[vc_row][vc_column width=\u00bb1\/1&#8243;][vc_column_text] La firma de servicios profesionales aportar\u00e1 su experiencia en \u00e1mbitos estrat\u00e9gicos como la tecnolog\u00eda, la transformaci\u00f3n empresarial, la auditor\u00eda, el asesoramiento legal, fiscal y financiero y la gesti\u00f3n de riesgos. Foment del Treball ampl\u00eda su ecosistema empresarial con la incorporaci\u00f3n de Deloitte, firma de servicios profesionales con una amplia trayectoria acompa\u00f1ando a empresas e instituciones en sus procesos de crecimiento y transformaci\u00f3n. Su llegada permitir\u00e1 incorporar nuevas capacidades y conocimiento especializado en algunos de los principales retos a los que se enfrenta actualmente el tejido productivo, desde la digitalizaci\u00f3n y la inteligencia artificial hasta la regulaci\u00f3n, el talento y la sostenibilidad. La incorporaci\u00f3n de Deloitte a Foment del Treball se ha oficializado durante una reuni\u00f3n entre el presidente de la patronal catalana, Josep S\u00e1nchez Llibre; el secretario general, David Tornos; la presidenta de Deloitte Espa\u00f1a, Ana Torrens; y el socio responsable del \u00e1rea de Catalu\u00f1a y Andorra, Raimon Ripoll. Josep S\u00e1nchez Llibre ha destacado que \u00abcontar con Deloitte refuerza la capacidad de Foment para generar conocimiento y abordar, junto a las empresas, transformaciones que ser\u00e1n determinantes para su competitividad. Su experiencia y visi\u00f3n transversal aportar\u00e1n valor a los debates e iniciativas que impulsamos desde la patronal\u00bb. Por su [&hellip;]<\/p>\n","protected":false},"author":284,"featured_media":225230,"comment_status":"closed","ping_status":"closed","sticky":false,"template":"","format":"standard","meta":{"_links_to":"","_links_to_target":""},"categories":[114,68,7534,5714],"tags":[],"acf":[],"wps_subtitle":"","_links":{"self":[{"href":"https:\/\/www.foment.com\/es\/wp-json\/wp\/v2\/posts\/225219"}],"collection":[{"href":"https:\/\/www.foment.com\/es\/wp-json\/wp\/v2\/posts"}],"about":[{"href":"https:\/\/www.foment.com\/es\/wp-json\/wp\/v2\/types\/post"}],"author":[{"embeddable":true,"href":"https:\/\/www.foment.com\/es\/wp-json\/wp\/v2\/users\/284"}],"replies":[{"embeddable":true,"href":"https:\/\/www.foment.com\/es\/wp-json\/wp\/v2\/comments?post=225219"}],"version-history":[{"count":7,"href":"https:\/\/www.foment.com\/es\/wp-json\/wp\/v2\/posts\/225219\/revisions"}],"predecessor-version":[{"id":225259,"href":"https:\/\/www.foment.com\/es\/wp-json\/wp\/v2\/posts\/225219\/revisions\/225259"}],"wp:featuredmedia":[{"embeddable":true,"href":"https:\/\/www.foment.com\/es\/wp-json\/wp\/v2\/media\/225230"}],"wp:attachment":[{"href":"https:\/\/www.foment.com\/es\/wp-json\/wp\/v2\/media?parent=225219"}],"wp:term":[{"taxonomy":"category","embeddable":true,"href":"https:\/\/www.foment.com\/es\/wp-json\/wp\/v2\/categories?post=225219"},{"taxonomy":"post_tag","embeddable":true,"href":"https:\/\/www.foment.com\/es\/wp-json\/wp\/v2\/tags?post=225219"}],"curies":[{"name":"wp","href":"https:\/\/api.w.org\/{rel}","templated":true}]}}