{"id":225332,"date":"2026-09-04T17:42:41","date_gmt":"2026-09-04T15:42:41","guid":{"rendered":"https:\/\/www.foment.com\/?p=225332"},"modified":"2026-09-04T17:49:35","modified_gmt":"2026-09-04T15:49:35","slug":"marc-murtra-alienta-empresarios-catalanes-a-ser-agentes-transformacion-y-hacer-que-las-cosas-pasen","status":"publish","type":"post","link":"https:\/\/www.foment.com\/es\/marc-murtra-alienta-empresarios-catalanes-a-ser-agentes-transformacion-y-hacer-que-las-cosas-pasen\/","title":{"rendered":"Marc Murtra alienta a los empresarios catalanes a ser agentes de la transformaci\u00f3n y hacer que \u2018las cosas pasen\u2019"},"content":{"rendered":"<section class=\"wpb-content-wrapper\"><p>[vc_row][vc_column][vc_column_text]<\/p>\n<ul>\n<li><strong>Josep S\u00e1nchez Llibre ha afirmado: \u00abCompartimos con el presidente de Telef\u00f3nica la necesidad que tiene Europa de tener m\u00e1s escala y un marco regulador que facilite la inversi\u00f3n y la innovaci\u00f3n y no dificulte el crecimiento\u00bb<\/strong><\/li>\n<li><strong>Telef\u00f3nica invirti\u00f3 121 millones de euros en Catalu\u00f1a en 2025 y cuenta con m\u00e1s de 1.000 empleados en el territorio<\/strong><\/li>\n<li><strong>El presidente defiende la necesidad de que los empresarios se hagan del \u201clobby de hacer cosas\u201d para ser agentes de transformaci\u00f3n<\/strong><\/li>\n<li><strong>Murtra reivindica el liderazgo de Telef\u00f3nica en la agenda europea de soberan\u00eda tecnol\u00f3gica, con el objetivo de situarse entre las mejores telcos de Europa en 2030 y ser la mejor v\u00eda de acceso de los ciudadanos a las tecnolog\u00edas digitales<\/strong><\/li>\n<\/ul>\n<p>El presidente ejecutivo de Telef\u00f3nica, Marc Murtra, ha defendido este viernes la relevancia de Catalu\u00f1a en la nueva etapa de transformaci\u00f3n del grupo. El presidente ha repasado la situaci\u00f3n y las perspectivas de la compa\u00f1\u00eda en el marco de un encuentro organizado por Foment del Treball, al que han acudido los miembros de los consejos Asesor y Consultivo de la entidad patronal, adem\u00e1s de una amplia representaci\u00f3n del tejido empresarial m\u00e1s relevante de Catalu\u00f1a.<\/p>\n<p>El presidente de Foment del Treball, Josep S\u00e1nchez Llibre, ha afirmado: \u00abCompartimos con el presidente de Telef\u00f3nica la necesidad que tiene Europa para tener m\u00e1s escala y un marco regulador que facilite la inversi\u00f3n y la innovaci\u00f3n y no dificulte el crecimiento\u00bb.<\/p>\n<p>Murtra ha explicado que la compa\u00f1\u00eda atraviesa un proceso de transformaci\u00f3n integral para ganar competitividad, sustentado en decisiones como la salida de pa\u00edses, los ajustes de plantilla en Espa\u00f1a, en los servicios corporativos y en Alemania, una nueva pol\u00edtica de asignaci\u00f3n de capital, la renovaci\u00f3n del equipo directivo y una estrategia renovada. El presidente ha definido este proceso como una aut\u00e9ntica \u00abpalingenesia\u00bb: concepto que defiende cambiar lo que no funciona y potenciar lo que se quiere hacer. Tambi\u00e9n ha alentado a los empresarios catalanes presentes a participar en el \u201clobby de hacer cosas\u201d: \u201cayudar en la transformaci\u00f3n y hacer que las cosas pasen\u201d. \u201cLos empresarios somos los agentes de la transformaci\u00f3n\u201d, ha a\u00f1adido.<\/p>\n<p>Esta nueva etapa est\u00e1 enmarcada en el plan Transform &amp; Grow, cuya ejecuci\u00f3n ha permitido a Telef\u00f3nica mejorar sus perspectivas para 2026. El presidente ha destacado la mejora de las previsiones del grupo: la compa\u00f1\u00eda revis\u00f3 en julio al alza el crecimiento del flujo de caja operativo ajustado despu\u00e9s de arrendamientos (OpCFaL ajustado) -variable clave en el negocio de las telecomunicaciones-, que pasa de \u201cm\u00e1s de un 2%\u201d a \u201cm\u00e1s de un 3%\u201d, una mejora del 50%.<\/p>\n<p><span style=\"color: #d12238;\"><strong>Inversi\u00f3n en Catalu\u00f1a<\/strong><\/span><\/p>\n<p>El presidente ha especificado c\u00f3mo se materializa en Catalu\u00f1a el papel de Telef\u00f3nica como la mejor v\u00eda de acceso de los ciudadanos a las tecnolog\u00edas digitales, poniendo tambi\u00e9n el foco en la contribuci\u00f3n de la compa\u00f1\u00eda al desarrollo econ\u00f3mico y tecnol\u00f3gico del territorio.<\/p>\n<p>Murtra ha repasado el despliegue de Telef\u00f3nica en el territorio: una inversi\u00f3n de 121 millones de euros en 2025, una plantilla de alrededor de 1.043 empleados y una base de 6,48 millones de accesos (1,2 millones de banda ancha fija, 1,4 millones de acceso telef\u00f3nico fijo, 607.000 de televisi\u00f3n y 3,2 millones de m\u00f3vil).<\/p>\n<p>Ha destacado asimismo la contribuci\u00f3n de Telef\u00f3nica al ecosistema tecnol\u00f3gico y cultural catal\u00e1n. Por ejemplo, la participaci\u00f3n en la Gigafactor\u00eda de IA de Tarragona, o el hecho que, de los 17 nodos de Edge Computing que el grupo ha desplegado en Espa\u00f1a, dos de ellos est\u00e9n en Catalu\u00f1a (Barcelona y Terrasa), adem\u00e1s de su participaci\u00f3n en Escuela 42 en Barcelona, o la colaboraci\u00f3n con instituciones y espacios emblem\u00e1ticos como la Sagrada Fam\u00edlia, el Gran Teatre del Liceu y el Palau de la M\u00fasica.<\/p>\n<p>El presidente de Telef\u00f3nica tambi\u00e9n ha puesto en valor la actividad de Movistar Plus, que ya ha alcanzado los 3,9 millones de clientes, y su contribuci\u00f3n al sector audiovisual catal\u00e1n. Tal y como ha recordado, durante 2025, la compa\u00f1\u00eda rod\u00f3 cuatro producciones en Catalu\u00f1a (Yo siempre a veces, Por cien millones, Cinco minutos m\u00e1s y Matar a un oso) y ya ha arrancado el rodaje de Veredicto. \u201cTelef\u00f3nica es el mayor productor de series y pel\u00edculas de toda Espa\u00f1a, y somos la \u00fanica gran compa\u00f1\u00eda de telecomunicaciones de Europa que genera contenidos propios\u201d, ha declarado. Adem\u00e1s, el presidente ha destacado que las tres pel\u00edculas espa\u00f1olas preseleccionadas para los \u00d3scar est\u00e1n producidas por Movistar Plus. En cuanto a los contenidos producidos por la plataforma, el presidente ha afirmado que el objetivo es ser \u201cm\u00e1s transgresores, asumir m\u00e1s riesgos y producir mucho m\u00e1s\u201d.<\/p>\n<p><span style=\"color: #d12238;\"><strong>Liderar la agenda europea de soberan\u00eda tecnol\u00f3gica<\/strong><\/span><\/p>\n<p>La intervenci\u00f3n de Murtra ha abordado tambi\u00e9n el contexto europeo y la oportunidad que supone para Telef\u00f3nica esta nueva etapa de transformaci\u00f3n. El presidente ha defendido una agenda europea basada en soberan\u00eda tecnol\u00f3gica, competitividad, seguridad y derechos digitales, en l\u00ednea con el posicionamiento que ha venido trasladando en los \u00faltimos meses.<\/p>\n<p>En su opini\u00f3n, Europa atraviesa un entorno de incertidumbre y de oportunidades que Telef\u00f3nica debe aprovechar para liderar y posicionarse en la agenda europea de soberan\u00eda tecnol\u00f3gica, competitividad, seguridad y derechos digitales. Murtra ha reafirmado el compromiso de situar a Telef\u00f3nica entre una de las mejores telcos de Europa en 2030. \u201cLlevo 30 a\u00f1os en el sector tecnol\u00f3gico y nunca hab\u00eda visto un impacto tan r\u00e1pido como el de la inteligencia artificial\u201d, ha afirmado Murtra.<\/p>\n<p>En este sentido, Murtra ha explicado que en abril de 2026 hubo un \u201cgiro copernicano\u201d en la Comisi\u00f3n Europea, que revisa el marco normativo una vez cada diez a\u00f1os, y lo han adelantado. Es un cambio muy inteligente\u201d. \u201cEl mercado ya no se define a nivel europeo, sino a nivel mundial, y esto permitir\u00e1 que haya campeones europeos con la escala necesaria para invertir en tecnolog\u00eda\u201d, ha a\u00f1adido. \u201cSoy muy optimista, el cambio est\u00e1 en marcha\u201d, ha concluido.[\/vc_column_text]<div class=\"flexslider wpb_content_element\"><ul class=\"slides\"><li><img src=\"https:\/\/www.foment.com\/wp-content\/uploads\/2026\/09\/DINAR-FOMENT-TELEFONICA-2-de-6_c-scaled.jpg\" alt=\"\" \/><\/li><li><img src=\"https:\/\/www.foment.com\/wp-content\/uploads\/2026\/09\/DINAR-FOMENT-TELEFONICA-8-de-15-scaled.jpg\" alt=\"\" \/><\/li><li><img src=\"https:\/\/www.foment.com\/wp-content\/uploads\/2026\/09\/DINAR-FOMENT-TELEFONICA-1-de-15-2-scaled.jpg\" alt=\"\" \/><\/li><li><img src=\"https:\/\/www.foment.com\/wp-content\/uploads\/2026\/09\/DINAR-FOMENT-TELEFONICA-9-de-18-scaled.jpg\" alt=\"\" \/><\/li><li><img src=\"https:\/\/www.foment.com\/wp-content\/uploads\/2026\/09\/DINAR-FOMENT-TELEFONICA-16-de-18-scaled.jpg\" alt=\"\" \/><\/li><li><img src=\"https:\/\/www.foment.com\/wp-content\/uploads\/2026\/09\/DINAR-FOMENT-TELEFONICA-4-de-18-scaled.jpg\" alt=\"\" \/><\/li><li><img src=\"https:\/\/www.foment.com\/wp-content\/uploads\/2026\/09\/DINAR-FOMENT-TELEFONICA-3-de-16-scaled.jpg\" alt=\"\" \/><\/li><li><img src=\"https:\/\/www.foment.com\/wp-content\/uploads\/2026\/09\/DINAR-FOMENT-TELEFONICA-10-de-21-scaled.jpg\" alt=\"\" \/><\/li><li><img src=\"https:\/\/www.foment.com\/wp-content\/uploads\/2026\/09\/DINAR-FOMENT-TELEFONICA-14-de-17-1-scaled.jpg\" alt=\"\" \/><\/li><li><img src=\"https:\/\/www.foment.com\/wp-content\/uploads\/2026\/09\/DINAR-FOMENT-TELEFONICA-16-de-17-1-scaled.jpg\" alt=\"\" \/><\/li><li><img src=\"https:\/\/www.foment.com\/wp-content\/uploads\/2026\/09\/DINAR-FOMENT-TELEFONICA-16-de-16-scaled.jpg\" alt=\"\" \/><\/li><\/ul><\/div>[\/vc_column][\/vc_row]<\/p>\n<\/section>","protected":false},"excerpt":{"rendered":"<p>[vc_row][vc_column][vc_column_text] Josep S\u00e1nchez Llibre ha afirmado: \u00abCompartimos con el presidente de Telef\u00f3nica la necesidad que tiene Europa de tener m\u00e1s escala y un marco regulador que facilite la inversi\u00f3n y la innovaci\u00f3n y no dificulte el crecimiento\u00bb Telef\u00f3nica invirti\u00f3 121 millones de euros en Catalu\u00f1a en 2025 y cuenta con m\u00e1s de 1.000 empleados en el territorio El presidente defiende la necesidad de que los empresarios se hagan del \u201clobby de hacer cosas\u201d para ser agentes de transformaci\u00f3n Murtra reivindica el liderazgo de Telef\u00f3nica en la agenda europea de soberan\u00eda tecnol\u00f3gica, con el objetivo de situarse entre las mejores telcos de Europa en 2030 y ser la mejor v\u00eda de acceso de los ciudadanos a las tecnolog\u00edas digitales El presidente ejecutivo de Telef\u00f3nica, Marc Murtra, ha defendido este viernes la relevancia de Catalu\u00f1a en la nueva etapa de transformaci\u00f3n del grupo. El presidente ha repasado la situaci\u00f3n y las perspectivas de la compa\u00f1\u00eda en el marco de un encuentro organizado por Foment del Treball, al que han acudido los miembros de los consejos Asesor y Consultivo de la entidad patronal, adem\u00e1s de una amplia representaci\u00f3n del tejido empresarial m\u00e1s relevante de Catalu\u00f1a. El presidente de Foment del Treball, Josep S\u00e1nchez [&hellip;]<\/p>\n","protected":false},"author":281,"featured_media":225331,"comment_status":"closed","ping_status":"closed","sticky":false,"template":"","format":"standard","meta":{"_links_to":"","_links_to_target":""},"categories":[114,5714],"tags":[9212,7644],"acf":[],"wps_subtitle":"","_links":{"self":[{"href":"https:\/\/www.foment.com\/es\/wp-json\/wp\/v2\/posts\/225332"}],"collection":[{"href":"https:\/\/www.foment.com\/es\/wp-json\/wp\/v2\/posts"}],"about":[{"href":"https:\/\/www.foment.com\/es\/wp-json\/wp\/v2\/types\/post"}],"author":[{"embeddable":true,"href":"https:\/\/www.foment.com\/es\/wp-json\/wp\/v2\/users\/281"}],"replies":[{"embeddable":true,"href":"https:\/\/www.foment.com\/es\/wp-json\/wp\/v2\/comments?post=225332"}],"version-history":[{"count":4,"href":"https:\/\/www.foment.com\/es\/wp-json\/wp\/v2\/posts\/225332\/revisions"}],"predecessor-version":[{"id":225343,"href":"https:\/\/www.foment.com\/es\/wp-json\/wp\/v2\/posts\/225332\/revisions\/225343"}],"wp:featuredmedia":[{"embeddable":true,"href":"https:\/\/www.foment.com\/es\/wp-json\/wp\/v2\/media\/225331"}],"wp:attachment":[{"href":"https:\/\/www.foment.com\/es\/wp-json\/wp\/v2\/media?parent=225332"}],"wp:term":[{"taxonomy":"category","embeddable":true,"href":"https:\/\/www.foment.com\/es\/wp-json\/wp\/v2\/categories?post=225332"},{"taxonomy":"post_tag","embeddable":true,"href":"https:\/\/www.foment.com\/es\/wp-json\/wp\/v2\/tags?post=225332"}],"curies":[{"name":"wp","href":"https:\/\/api.w.org\/{rel}","templated":true}]}}