{"id":25242,"date":"2016-09-05T09:00:25","date_gmt":"2016-09-05T07:00:25","guid":{"rendered":"http:\/\/foment.itartech.com\/?p=25242"},"modified":"2017-05-24T13:45:06","modified_gmt":"2017-05-24T11:45:06","slug":"cecot-se-adhiere-la-alianza-la-formacion-profesional-dual","status":"publish","type":"post","link":"https:\/\/www.foment.com\/es\/cecot-se-adhiere-la-alianza-la-formacion-profesional-dual\/","title":{"rendered":"Cecot se adhiere a la Alianza para la Formaci\u00f3n Profesional Dual"},"content":{"rendered":"<section class=\"wpb-content-wrapper\"><p>[vc_row][vc_column width=\u00bb1\/1&#8243;][vc_column_text]<span title=\"La Cecot s'ha sumat a l'Alian\u00e7a per a la Formaci\u00f3 Professional Dual que promouen la Fundaci\u00f3 Bertelsmann, la Fundaci\u00f3 Princesa de Girona, la CEOE i la Cambra de Comer\u00e7 d'Espanya.\">La Cecot se ha sumado a la Alianza para la Formaci\u00f3n Profesional Dual que promueven la Fundaci\u00f3n Bertelsmann, la Fundaci\u00f3n Princesa de Girona, la CEOE y la C\u00e1mara de Comercio de Espa\u00f1a. <\/span><span title=\"Amb la signatura en les instal\u00b7lacions de la pr\u00f2pia Cecot del document d'adhesi\u00f3 per part de Francisco Belil, vicepresident de la Fundaci\u00f3 Bertelsmann i president de la Fundaci\u00f3 Princesa de Girona, i d'Antoni Abad, president de la Cecot, les parts\">Con la firma en las instalaciones de la propia Cecot del documento de adhesi\u00f3n por parte de Francisco Belil, vicepresidente de la Fundaci\u00f3n Bertelsmann y presidente de la Fundaci\u00f3n Princesa de Girona, y de Antoni Abad, presidente de la Cecot, las partes <\/span><span title=\"implicades ratifiquen el seu suport al desenvolupament d'accions enfocades a la reducci\u00f3 de la desocupaci\u00f3 juvenil a trav\u00e9s de la promoci\u00f3 d'accions de suport i difusi\u00f3 del Formaci\u00f3 Professional Dual. \">implicadas ratifican su apoyo al desarrollo de acciones enfocadas a la reducci\u00f3n del desempleo juvenil a trav\u00e9s de la promoci\u00f3n de acciones de apoyo y difusi\u00f3n del Formaci\u00f3n Profesional Dual.<\/span><\/p>\n<p><span title=\"Aquesta acci\u00f3 ha comptat amb la implicaci\u00f3 i participaci\u00f3 de Foment del Treball Nacional i s'emmarca en el Programa de suport al desenvolupament de la FP Dual a les pimes espanyoles que est\u00e0 impulsat la Fundaci\u00f3 Bertelsmann amb la JPMorgan Chase Foundation.\">Esta acci\u00f3n ha contado con la implicaci\u00f3n y participaci\u00f3n de Foment del Treball Nacional y se enmarca en el Programa de apoyo al desarrollo de la FP Dual a las pymes espa\u00f1olas que est\u00e1 impulsado la Fundaci\u00f3n Bertelsmann con JPMorgan Chase Foundation. <\/span><span title=\"Amb aquesta nova incorporaci\u00f3 a la xarxa de l'Alian\u00e7a, l'objectiu \u00e9s continuar impulsant l'FP Dual, que permet a l'alumne, d'una banda, fer formaci\u00f3 te\u00f2rica en el centre educatiu i, de l'altra, fer\">Con esta nueva incorporaci\u00f3n a la red de la Alianza, el objetivo es continuar impulsando la FP Dual, que permite al alumno, por un lado, hacer formaci\u00f3n te\u00f3rica en el centro educativo y, por otro, hacer <\/span><span title=\"formaci\u00f3 pr\u00e0ctica en les entitats participants. \">formaci\u00f3n pr\u00e1ctica en las entidades participantes.<\/span><\/p>\n<p><span title=\"L'Alian\u00e7a per a la Formaci\u00f3 Professional Dual \u00e9s una iniciativa promoguda per la Fundaci\u00f3 Bertelsmann, la Fundaci\u00f3 Princesa de Girona, la CEOE i la Cambra de comer\u00e7 d'Espanya, i formada per empreses, institucions i centres educatius que t\u00e9 com a objectiu millorar\">La Alianza para la Formaci\u00f3n Profesional Dual es una iniciativa promovida por la Fundaci\u00f3n Bertelsmann, la Fundaci\u00f3n Princesa de Girona, la CEOE y la C\u00e1mara de Comercio de Espa\u00f1a, y formada por empresas, instituciones y centros educativos que tiene como objetivo mejorar <\/span><span title=\"l'ocupabilitat dels joves mitjan\u00e7ant una Formaci\u00f3 Professional Dual de qualitat, al mateix temps que les empreses obtenen professionals amb una formaci\u00f3 m\u00e9s concorde a les seves necessitats. \">la empleabilidad de los j\u00f3venes mediante una formaci\u00f3n Profesional Dual de calidad, al tiempo que las empresas obtienen profesionales con una formaci\u00f3n m\u00e1s acorde a sus necesidades.<\/span><\/p>\n<p><span title=\"Segons ha expressat la Cecot, la formaci\u00f3 i capacitaci\u00f3 de les plantilles \u00e9s una pe\u00e7a fonamental per al desenvolupament empresarial i econ\u00f2mic.\">Seg\u00fan expres\u00f3 Cecot, la formaci\u00f3n y capacitaci\u00f3n de las plantillas es una pieza fundamental para el desarrollo empresarial y econ\u00f3mico. <\/span><span title=\"Per\u00f2 tamb\u00e9 ho \u00e9s el fet que els models educatius i formatius s'aproximin a la realitat de la nostra economia productiva i arribar a establir, aix\u00ed, un engranatge que faci encaixar les necessitats i impulsi no nom\u00e9s l'economia sin\u00f3 que aquesta influeixi, amb\">Pero tambi\u00e9n lo es el hecho de que los modelos educativos y formativos se aproximen a la realidad de nuestra econom\u00eda productiva y llegar a establecer, as\u00ed, un engranaje que haga encajar las necesidades e impulse no s\u00f3lo la econom\u00eda sino que \u00e9sta influya, con <\/span><span title=\"un desenvolupament paral\u00b7lel, sobre la cohesi\u00f3 social.\">un desarrollo paralelo, sobre la cohesi\u00f3n social. <\/span><span title=\"Aix\u00ed \u00e9s que l'adhesi\u00f3 a l'Alianza permet sumar sinergies per assolir-ho. \">As\u00ed es que la adhesi\u00f3n a la Alianza permite sumar sinergias para lograrlo.<\/span><\/p>\n<p><span title=\"Aquest conveni comporta, a m\u00e9s, que les empreses associades a la Cecot puguin adherir-se tamb\u00e9 a l'Alian\u00e7a i percebre un assessorament t\u00e8cnic totalment gratu\u00eft perqu\u00e8 puguin implementar la FP Dual en les seves organitzacions.\">Este convenio supone, adem\u00e1s, que las empresas asociadas a la Cecot puedan adherirse tambi\u00e9n a la Alianza y percibir un asesoramiento t\u00e9cnico totalmente gratuito para que puedan implementar la FP Dual en sus organizaciones. <\/span><span title=\"El servei d'assessorament els agilitar\u00e0 les gestions en la cerca de perfils, la informaci\u00f3 en tr\u00e0mits i l'orientaci\u00f3 en la manera d'implementar el proc\u00e9s de FP Dual en la seva din\u00e0mica empresarial.\">El servicio de asesoramiento los agilizar\u00e1 las gestiones en la b\u00fasqueda de perfiles, la informaci\u00f3n en tr\u00e1mites y la orientaci\u00f3n en la manera de implementar el proceso de FP Dual en su din\u00e1mica empresarial.<br \/>\n<\/span>[\/vc_column_text][\/vc_column][\/vc_row]<\/p>\n<\/section>","protected":false},"excerpt":{"rendered":"<p>[vc_row][vc_column width=\u00bb1\/1&#8243;][vc_column_text]La Cecot se ha sumado a la Alianza para la Formaci\u00f3n Profesional Dual que promueven la Fundaci\u00f3n Bertelsmann, la Fundaci\u00f3n Princesa de Girona, la CEOE y la C\u00e1mara de Comercio de Espa\u00f1a. Con la firma en las instalaciones de la propia Cecot del documento de adhesi\u00f3n por parte de Francisco Belil, vicepresidente de la Fundaci\u00f3n Bertelsmann y presidente de la Fundaci\u00f3n Princesa de Girona, y de Antoni Abad, presidente de la Cecot, las partes implicadas ratifican su apoyo al desarrollo de acciones enfocadas a la reducci\u00f3n del desempleo juvenil a trav\u00e9s de la promoci\u00f3n de acciones de apoyo y difusi\u00f3n del Formaci\u00f3n Profesional Dual. Esta acci\u00f3n ha contado con la implicaci\u00f3n y participaci\u00f3n de Foment del Treball Nacional y se enmarca en el Programa de apoyo al desarrollo de la FP Dual a las pymes espa\u00f1olas que est\u00e1 impulsado la Fundaci\u00f3n Bertelsmann con JPMorgan Chase Foundation. Con esta nueva incorporaci\u00f3n a la red de la Alianza, el objetivo es continuar impulsando la FP Dual, que permite al alumno, por un lado, hacer formaci\u00f3n te\u00f3rica en el centro educativo y, por otro, hacer formaci\u00f3n pr\u00e1ctica en las entidades participantes. La Alianza para la Formaci\u00f3n Profesional Dual es una iniciativa promovida [&hellip;]<\/p>\n","protected":false},"author":24,"featured_media":25396,"comment_status":"closed","ping_status":"closed","sticky":false,"template":"","format":"standard","meta":{"_links_to":"","_links_to_target":""},"categories":[113,556],"tags":[580,557],"acf":[],"wps_subtitle":"El presidente de la patronal vallesana, Antoni Abad, junto con el vicepresidente de la Fundaci\u00f3n Bertelsmann, Francisco Belil, han firmado el documento de adhesi\u00f3n","_links":{"self":[{"href":"https:\/\/www.foment.com\/es\/wp-json\/wp\/v2\/posts\/25242"}],"collection":[{"href":"https:\/\/www.foment.com\/es\/wp-json\/wp\/v2\/posts"}],"about":[{"href":"https:\/\/www.foment.com\/es\/wp-json\/wp\/v2\/types\/post"}],"author":[{"embeddable":true,"href":"https:\/\/www.foment.com\/es\/wp-json\/wp\/v2\/users\/24"}],"replies":[{"embeddable":true,"href":"https:\/\/www.foment.com\/es\/wp-json\/wp\/v2\/comments?post=25242"}],"version-history":[{"count":0,"href":"https:\/\/www.foment.com\/es\/wp-json\/wp\/v2\/posts\/25242\/revisions"}],"wp:featuredmedia":[{"embeddable":true,"href":"https:\/\/www.foment.com\/es\/wp-json\/wp\/v2\/media\/25396"}],"wp:attachment":[{"href":"https:\/\/www.foment.com\/es\/wp-json\/wp\/v2\/media?parent=25242"}],"wp:term":[{"taxonomy":"category","embeddable":true,"href":"https:\/\/www.foment.com\/es\/wp-json\/wp\/v2\/categories?post=25242"},{"taxonomy":"post_tag","embeddable":true,"href":"https:\/\/www.foment.com\/es\/wp-json\/wp\/v2\/tags?post=25242"}],"curies":[{"name":"wp","href":"https:\/\/api.w.org\/{rel}","templated":true}]}}