{"id":25915,"date":"2016-11-03T09:00:17","date_gmt":"2016-11-03T08:00:17","guid":{"rendered":"http:\/\/foment.itartech.com\/es\/?p=25915"},"modified":"2016-11-20T17:08:24","modified_gmt":"2016-11-20T16:08:24","slug":"barcelona-tech-city-ilustra-foment-maduracion-ecosistema-startup-barcelona","status":"publish","type":"post","link":"https:\/\/www.foment.com\/es\/barcelona-tech-city-ilustra-foment-maduracion-ecosistema-startup-barcelona\/","title":{"rendered":"Barcelona Tech City ilustra en Foment la maduraci\u00f3n del ecosistema startup de Barcelona"},"content":{"rendered":"<section class=\"wpb-content-wrapper\"><p>[vc_row][vc_column width=\u00bb1\/1&#8243;][vc_column_text]<\/p>\n<ul>\n<li><em>Sesi\u00f3n que cont\u00f3 con la participaci\u00f3n de Miquel Marti, CEO de Barcelona Tech City y Christian Rodriguez asesor de startups y fundador de byhours.com<\/em><\/li>\n<li><em>Barcelona se ha situado recientemente como uno de los polos m\u00e1s atractivos para generar startups de Europa.<\/em><\/li>\n<li><em>Ha moderado la sesi\u00f3n Jordi Boronat, Business Development Manager de <strong>Experis<\/strong>, empresa patrocinadora del ciclo de seminarios sobre emprendimiento de Foment<\/em><\/li>\n<li><em>Se puede seguir toda la informaci\u00f3n actualizada del ciclo y el desarrollo en directo de las jornadas en el perfil de twitter <a href=\"https:\/\/twitter.com\/FomentEmpren\" target=\"_blank\">@FomentEmpren<\/a> y a trav\u00e9s del hashtag <a href=\"https:\/\/twitter.com\/hashtag\/reinventat?src=hash\" target=\"_blank\">#reinventat<\/a><\/em><\/li>\n<\/ul>\n<p>Barcelona Tech City se ha situado en s\u00f3lo tres a\u00f1os como uno de los hubs con mayor potencial de crecimiento de Europa, junto a nombres como Berl\u00edn, Par\u00eds y Londres. Miquel Mart\u00ed, CEO de la asociaci\u00f3n, ha explicado en esta jornada como su sede, el <em>Pier01<\/em>, inaugurada este verano en el emblem\u00e1tico edificio de Palau de Mar, ha logrado el reto de concentrar en un \u00fanico espacio f\u00edsico las startups con m\u00e1s proyecci\u00f3n de la ciudad. Un punto de encuentro para todos los integrantes del ecosistema digital y tecnol\u00f3gico. De hecho, Foment del Treball y Barcelona Tech City trabajan ya en formular proyectos de colaboraci\u00f3n que potencien la conexi\u00f3n de este ecosistema startup con el tejido empresarial catal\u00e1n.[\/vc_column_text][\/vc_column][\/vc_row][vc_row][vc_column width=\u00bb1\/1&#8243;]<div class=\"spacer\" style=\"height: 20px;\"><\/div>[vc_raw_html]JTNDYSUyMGRhdGEtZmxpY2tyLWVtYmVkJTNEJTIydHJ1ZSUyMiUyMGRhdGEtY29udGV4dCUzRCUyMnRydWUlMjIlMjAlMjBocmVmJTNEJTIyaHR0cHMlM0ElMkYlMkZ3d3cuZmxpY2tyLmNvbSUyRnBob3RvcyUyRmZvbWVudGRlbHRyZWJhbGwlMkYzMDg0MDg0MjQ3NSUyRmluJTJGYWxidW0tNzIxNTc2NzI2MjA1NzMzMzMlMjIlMjB0aXRsZSUzRCUyMkZvbWVudCUyMEVtcHJlbl9SZWludmVudGElMjYlMjN4MjclM0J0X0h1YiUyMHRlY25vbG9naWMlMjBpbnRlcm5hY2lvbmFsX3BvbmVudHNfMDNfMTFfMjAxNiUyMCUyODIlMjklMjIlM0UlM0NpbWclMjBzcmMlM0QlMjJodHRwcyUzQSUyRiUyRmM0LnN0YXRpY2ZsaWNrci5jb20lMkY2JTJGNTUxNyUyRjMwODQwODQyNDc1XzQwYTYyZTRiY2Rfei5qcGclMjIlMjB3aWR0aCUzRCUyMjY0MCUyMiUyMGhlaWdodCUzRCUyMjQyNyUyMiUyMGFsdCUzRCUyMkZvbWVudCUyMEVtcHJlbl9SZWludmVudGElMjYlMjN4MjclM0J0X0h1YiUyMHRlY25vbG9naWMlMjBpbnRlcm5hY2lvbmFsX3BvbmVudHNfMDNfMTFfMjAxNiUyMCUyODIlMjklMjIlM0UlM0MlMkZhJTNFJTNDc2NyaXB0JTIwYXN5bmMlMjBzcmMlM0QlMjIlMkYlMkZlbWJlZHIuZmxpY2tyLmNvbSUyRmFzc2V0cyUyRmNsaWVudC1jb2RlLmpzJTIyJTIwY2hhcnNldCUzRCUyMnV0Zi04JTIyJTNFJTNDJTJGc2NyaXB0JTNF[\/vc_raw_html]<div class=\"spacer\" style=\"height: 20px;\"><\/div>[\/vc_column][\/vc_row][vc_row][vc_column width=\u00bb1\/1&#8243;][vc_column_text]El ecosistema tecnol\u00f3gico tambi\u00e9n es un gran ejemplo de colaboraci\u00f3n p\u00fablicoprivada. Actualmente cuenta con el apoyo institucional del Ayuntamiento de Barcelona, la Generalitat y el Puerto entre otros, pero suma aceleradoras, incubadoras, fondos de inversi\u00f3n, redes de Business angels, Universidades y grandes empresas como Telef\u00f3nica, Epson y Gas Natural Fenosa. Todos ellos se sit\u00faan junto a startups de \u00e9xito muy potentes como SocialPoint, Holaluz y Ulabox, entre otros, 15.000 profesionales trabajando activamente dentro del ecosistema digital que han movilizado el \u00faltimo a\u00f1o aproximadamente un bill\u00f3n de euros. Por \u00faltimo, Marti ha destacado \u00abhay que dejar constancia de que m\u00e1s del 60% de la inversi\u00f3n en fase seed se hace en Barcelona\u00bb.<\/p>\n<p>Es por ello que Foment del Treball, a trav\u00e9s de su ciclo de seminarios <a href=\"\/es\/actividades\/foment-empren\/\" target=\"_blank\">Reinventa&#8217;t: transforma i crea<\/a>, y con el apoyo de <a href=\"https:\/\/candidate.experis.com\/experis-spain\/es\/#\" target=\"_blank\"><strong>Experis<\/strong><\/a>, ha dedicado una sesi\u00f3n a comprender todas las virtudes que hacen que Barcelona se sit\u00fae como uno de los hubs internacionales de referencia. Ha moderado la sesi\u00f3n Jordi Boronat, Business Development Manager de Exper.<\/p>\n<p>Christian Rodriguez, experto y fundador de Byhours.com ejemplific\u00f3 de forma extraordinaria como la tecnolog\u00eda ha revolucionado sectores tradicionales como los de gran consumo. Desgranando los factores clave a trav\u00e9s de los cuales una startup puede ser disruptiva en el mercado ha se\u00f1alado que es necesario que exista oferta y demanda, una mejor regulaci\u00f3n del marco legal as\u00ed como la complicidad de los grandes agentes del mercado.<\/p>\n<p>\u00abLa tecnolog\u00eda est\u00e1 permeabilizando todos los nuevos negocios\u00bb afirm\u00f3 Rodriguez incorporando ejemplos de startups que est\u00e1n siendo disruptivas en el sector del transporte metropolitano, travel, log\u00edstica y finanzas. El mundo avanza muy r\u00e1pidamente y la legislaci\u00f3n debe acompa\u00f1ar estas nuevas empresas.<\/p>\n<div class=\"ms-rtestate-read ms-rte-wpbox\">\n<div id=\"div_b2b65a29-858e-4886-9455-406720ac10e6\" class=\"ms-rtestate-notify ms-rtestate-read b2b65a29-858e-4886-9455-406720ac10e6\">\n<table cellspacing=\"0\" cellpadding=\"0\">\n<tbody>\n<tr>\n<td id=\"MSOZoneCell_WebPartWPQ3\" class=\"s4-wpcell-plain\" valign=\"top\">\n<table class=\"s4-wpTopTable\" border=\"0\" width=\"100%\" cellspacing=\"0\" cellpadding=\"0\">\n<tbody>\n<tr>\n<td>\n<table border=\"0\" width=\"100%\" cellspacing=\"0\" cellpadding=\"0\">\n<tbody>\n<tr class=\"ms-WPHeader\">\n<td class=\"ms-wpTdSpace\" align=\"left\"><\/td>\n<td id=\"WebPartTitleWPQ3\" class=\"ms-WPHeaderTd\" title=\"Presentaciones - Muestra una vista din\u00e1mica del contenido del sitio.\">\n<h3 class=\"ms-standardheader ms-WPTitle\"><strong>Presentaciones<\/strong><span id=\"WebPartCaptionWPQ3\"><\/span><\/h3>\n<\/td>\n<td class=\"ms-wpTdSpace\" align=\"left\"><\/td>\n<\/tr>\n<\/tbody>\n<\/table>\n<\/td>\n<\/tr>\n<tr>\n<td class=\"\" valign=\"top\">\n<div id=\"WebPartWPQ3\" class=\"ms-WPBody ms-wpContentDivSpace\">\n<div id=\"cbqwpctl00_m_g_b2b65a29_858e_4886_9455_406720ac10e6\" class=\"cbq-layout-main\">\n<ul class=\"dfwp-column dfwp-list\">\n<li class=\"dfwp-item\">\n<div class=\"item link-item\">\n<p><a title=\"\" href=\"\/wp-content\/uploads\/2016\/11\/BCNTECHCITY_en_MASTER.pdf\" target=\"_blank\">Welcome to the cluster that benchmarks Barcelona Tech Ecosystem to the World<\/a>, Miquel Mart\u00ed<\/p>\n<\/div>\n<\/li>\n<li class=\"dfwp-item\">\n<div class=\"item link-item\">\n<p><a title=\"\" href=\"\/wp-content\/uploads\/2016\/11\/christian.rodriguez.pdf\" target=\"_blank\">De la evoluci\u00f3n a la revoluci\u00f3n en los sectores de gran consumo<\/a>, Christian Rodr\u00edguez<\/p>\n<\/div>\n<\/li>\n<\/ul>\n<\/div>\n<\/div>\n<\/td>\n<\/tr>\n<\/tbody>\n<\/table>\n<\/td>\n<\/tr>\n<\/tbody>\n<\/table>\n<\/div>\n<p>&nbsp;<\/p>\n<h3><strong>Fomentar el esp\u00edritu emprendedor<\/strong><\/h3>\n<p>La 5\u00aa edici\u00f3n del ciclo de seminarios de emprendimiento pretende seguir analizando las diversas tem\u00e1ticas que giran en torno a la creaci\u00f3n y crecimiento de las nuevas empresas. Este a\u00f1o, Fomento quiere centrar el debate en los retos de la empresa familiar, los modelos de negocio de las aplicaciones m\u00f3viles, los nuevos sectores del mundo audiovisual, el impulso de la emprendedur\u00eda femenina, las ventajas del ecommerce, el marketing online y la transformaci\u00f3n digital.<\/p>\n<p>Desde el a\u00f1o 2010, Foment del Treball, a trav\u00e9s de su oficina de Creaci\u00f3n de Empresas, ha intensificado las acciones y programas de apoyo y acompa\u00f1amiento a todas las personas que quieren poner en marcha un proyecto empresarial. Limitar los supuestos de fracaso empresarial ofreciendo un asesoramiento personalizado y profesionalizado que d\u00e9 a las personas emprendedoras las herramientas para reflexionar en torno a la viabilidad de su proyecto, es uno de los retos principales que se marca Fomento. Interesa, no \u00fanicamente crear m\u00e1s empresas, sino aumentar la tasa de supervivencia.<\/p>\n<p>Por todo ello, la estrategia de Fomento de apoyo a la emprendedur\u00eda se articula a trav\u00e9s de programas como pueden ser este ciclo de seminarios Reinventa&#8217;t, transforma i crea, el Meeting de Incubadoras Corporativas o el Momento del Emprendedor (colaboraci\u00f3n con UPF, UB, UAB y UPC).<\/p>\n<\/div>\n<p>[\/vc_column_text][\/vc_column][\/vc_row][vc_row][vc_column][vc_column_text]<\/p>\n<p>[\/vc_column_text][\/vc_column][\/vc_row]<\/p>\n<\/section>","protected":false},"excerpt":{"rendered":"<p>[vc_row][vc_column width=\u00bb1\/1&#8243;][vc_column_text] Sesi\u00f3n que cont\u00f3 con la participaci\u00f3n de Miquel Marti, CEO de Barcelona Tech City y Christian Rodriguez asesor de startups y fundador de byhours.com Barcelona se ha situado recientemente como uno de los polos m\u00e1s atractivos para generar startups de Europa. Ha moderado la sesi\u00f3n Jordi Boronat, Business Development Manager de Experis, empresa patrocinadora del ciclo de seminarios sobre emprendimiento de Foment Se puede seguir toda la informaci\u00f3n actualizada del ciclo y el desarrollo en directo de las jornadas en el perfil de twitter @FomentEmpren y a trav\u00e9s del hashtag #reinventat Barcelona Tech City se ha situado en s\u00f3lo tres a\u00f1os como uno de los hubs con mayor potencial de crecimiento de Europa, junto a nombres como Berl\u00edn, Par\u00eds y Londres. Miquel Mart\u00ed, CEO de la asociaci\u00f3n, ha explicado en esta jornada como su sede, el Pier01, inaugurada este verano en el emblem\u00e1tico edificio de Palau de Mar, ha logrado el reto de concentrar en un \u00fanico espacio f\u00edsico las startups con m\u00e1s proyecci\u00f3n de la ciudad. Un punto de encuentro para todos los integrantes del ecosistema digital y tecnol\u00f3gico. De hecho, Foment del Treball y Barcelona Tech City trabajan ya en formular proyectos de colaboraci\u00f3n que potencien [&hellip;]<\/p>\n","protected":false},"author":24,"featured_media":26075,"comment_status":"closed","ping_status":"closed","sticky":false,"template":"","format":"standard","meta":{"_links_to":"","_links_to_target":""},"categories":[67,123],"tags":[],"acf":[],"wps_subtitle":"Barcelona, \u200b\u200bhub internacional de referencia: jornada del ciclo de Foment del Treball Reinventa\u2019t, transforma i crea","_links":{"self":[{"href":"https:\/\/www.foment.com\/es\/wp-json\/wp\/v2\/posts\/25915"}],"collection":[{"href":"https:\/\/www.foment.com\/es\/wp-json\/wp\/v2\/posts"}],"about":[{"href":"https:\/\/www.foment.com\/es\/wp-json\/wp\/v2\/types\/post"}],"author":[{"embeddable":true,"href":"https:\/\/www.foment.com\/es\/wp-json\/wp\/v2\/users\/24"}],"replies":[{"embeddable":true,"href":"https:\/\/www.foment.com\/es\/wp-json\/wp\/v2\/comments?post=25915"}],"version-history":[{"count":0,"href":"https:\/\/www.foment.com\/es\/wp-json\/wp\/v2\/posts\/25915\/revisions"}],"wp:featuredmedia":[{"embeddable":true,"href":"https:\/\/www.foment.com\/es\/wp-json\/wp\/v2\/media\/26075"}],"wp:attachment":[{"href":"https:\/\/www.foment.com\/es\/wp-json\/wp\/v2\/media?parent=25915"}],"wp:term":[{"taxonomy":"category","embeddable":true,"href":"https:\/\/www.foment.com\/es\/wp-json\/wp\/v2\/categories?post=25915"},{"taxonomy":"post_tag","embeddable":true,"href":"https:\/\/www.foment.com\/es\/wp-json\/wp\/v2\/tags?post=25915"}],"curies":[{"name":"wp","href":"https:\/\/api.w.org\/{rel}","templated":true}]}}