{"id":25926,"date":"2016-11-03T09:00:42","date_gmt":"2016-11-03T08:00:42","guid":{"rendered":"http:\/\/foment.itartech.com\/es\/?p=25926"},"modified":"2016-11-20T10:36:22","modified_gmt":"2016-11-20T09:36:22","slug":"foment-treball-defiende-los-aspectos-positivos-que-ha-aportado-reforma-laboral-y-que-han-beneficiado-creacion-empleo","status":"publish","type":"post","link":"https:\/\/www.foment.com\/es\/foment-treball-defiende-los-aspectos-positivos-que-ha-aportado-reforma-laboral-y-que-han-beneficiado-creacion-empleo\/","title":{"rendered":"Foment del Treball defiende los aspectos positivos que ha aportado la Reforma Laboral y que han beneficiado a la creaci\u00f3n de empleo"},"content":{"rendered":"<section class=\"wpb-content-wrapper\"><p>[vc_row][vc_column width=\u00bb1\/1&#8243;][vc_column_text]Foment del Treball defiende los aspectos positivos que ha aportado la Reforma Laboral y que han beneficiado a la creaci\u00f3n de empleo y permiten la paulatina recuperaci\u00f3n del mercado de trabajo que desde 2013 se confirma mes tras mes. Foment espera que el nuevo Gobierno de Espa\u00f1a valore estos efectos positivos de la Reforma Laboral, a la vez que reformule aquellos aspectos de la norma que han generado inseguridad jur\u00eddica por su inconcreci\u00f3n, y que profundize en aquellas medidas a\u00fan pendientes que doten a nuestro mercado laboral de mayor flexibilidad. Las cifras del paro registrado dadas a conocer hoy por el Ministerio de Empleo y Seguridad Social confirman la tendencia de recuperaci\u00f3n del mercado laboral ya que, tanto para el global de Espa\u00f1a como para Catalu\u00f1a, aportan los mejores registros para un mes de octubre desde 2007.[\/vc_column_text][\/vc_column][\/vc_row][vc_row][vc_column width=\u00bb1\/1&#8243;]<div class=\"spacer\" style=\"height: 20px;\"><\/div><div class=\"single_image wpb_content_element align-center    \" data-animation=\"none\" data-delay=\"0\"><img width=\"600\" height=\"296\" src=\"https:\/\/www.foment.com\/wp-content\/uploads\/2016\/11\/paro-registrado-octubre-2016.jpg\" class=\"attachment-full\" alt=\"\" loading=\"lazy\" title=\"paro-registrado-octubre-2016\" srcset=\"https:\/\/www.foment.com\/wp-content\/uploads\/2016\/11\/paro-registrado-octubre-2016.jpg 600w, https:\/\/www.foment.com\/wp-content\/uploads\/2016\/11\/paro-registrado-octubre-2016-300x148.jpg 300w\" sizes=\"(max-width: 600px) 100vw, 600px\" \/><\/div><div class=\"spacer\" style=\"height: 20px;\"><\/div>[\/vc_column][\/vc_row][vc_row][vc_column width=\u00bb1\/1&#8243;][vc_column_text]<\/p>\n<div>El n\u00famero de desempleados en Catalu\u00f1a aument\u00f3 en el mes de octubre en 7.325 personas (1,62%) respecto al mes anterior. En t\u00e9rminos interanuales, el paro registrado se redujo en 65.122 personas (-12,44%): suma as\u00ed nuevamente un descenso del paro en t\u00e9rminos interanuales, que se inici\u00f3 en el mes de julio 2013. Respecto a la contrataci\u00f3n, se han efectuado 267.442 contratos, 14.490 menos que el mes anterior y 10.091 m\u00e1s respecto el a\u00f1o anterior y se mantiene la\u00a0 dualidad entre los contratos temporales que representan el 86,48%, y los indefinidos que representan el 13,52% del total de contratos realizados en este mes. Foment del Treball considera que el mes de octubre es un mes en el que tradicionalmente se incrementa la cifra de parados como consecuencia de la finalizaci\u00f3n de numerosos contratos derivados de la campa\u00f1a estival, como lo demuestra el hecho de que de los 7.325 nuevos desempleados, 6.482 corresponden al sector servicios y 1.293 al agrario. No obstante, ha de destacarse que en Catalu\u00f1a se trata del menor incremento del n\u00famero de parados de un mes de octubre desde 2007, que se ha incrementado el n\u00famero de ocupados respecto al mes anterior y que en t\u00e9rminos interanuales la tendencia es positiva con un descenso del paro registrado de -12,44%.<\/div>\n<p>&nbsp;<\/p>\n<div>Con todo, la cifra del paro registrado en Catalu\u00f1a se sit\u00faa en 458.406 personas desempleadas. Podemos observar en t\u00e9rminos interanuales como desde el mes de julio de 2013 la situaci\u00f3n es mejor a la del a\u00f1o anterior. En este sentido, hemos pasado de una tasa interanual en el mes de enero de 2013 del 4,52% a una tasa del -12,44% en el mes de octubre de 2016. Este descenso, en t\u00e9rminos interanuales, del paro registrado del -12,44%, supone una reducci\u00f3n de 65.122 personas desempleadas menos respecto del mismo mes del a\u00f1o anterior.<\/div>\n<p>&nbsp;<\/p>\n<div>Respecto a la variaci\u00f3n mensual, en Catalu\u00f1a, en este mes de octubre de 2016 el paro ha registrado un incremento del n\u00famero de parados de 7.325 personas respecto al mes anterior (1,62% en t\u00e9rminos relativos).<\/div>\n<p>&nbsp;<\/p>\n<div>Por sectores, el aumento del paro en el mes de octubre ha afectado al sector de servicios +6.482, a la agricultura +1.293, al colectivo sin empleo anterior +102 y a la industria +62 parados. En cambio, ha disminuido en la construcci\u00f3n con 614 parados menos.<\/div>\n<p>&nbsp;<\/p>\n<div>Por provincias, el paro registrado ha aumentado en la provincia de Girona en 2.398 personas (5,83%), seguido de Tarragona con un incremento mensual de 1.848 personas (3,51%),\u00a0 en Lleida aument\u00f3 en 1.704 personas (7,82%) y en la provincia de Barcelona incrementa en 2.398 personas (0,41%). En t\u00e9rminos interanuales, el paro se reduce un -12,86% en Barcelona, un -10,60% en Girona, un -12,07% en Lleida y un -11,38% en Tarragona.<\/div>\n<p>&nbsp;<\/p>\n<div>El paro registrado en cada provincia se sit\u00faa en el mes de octubre en 336.908 en Barcelona, 43.509 en Girona, 23.496 en Lleida y 54.493 en Tarragona.<\/div>\n<p>&nbsp;<\/p>\n<h3><strong>Contrataci\u00f3n<\/strong><\/h3>\n<div>Respecto al n\u00famero de contratos registrados durante el mes de octubre en Catalu\u00f1a, el n\u00famero de contratos se sit\u00faa en 267.442 contratos, de los cuales el 13,52% (36.152 contratos) lo han sido de car\u00e1cter indefinido, y el resto (86,48%, es decir, 231.290 contratos) han sido temporales. El n\u00famero de contratos registrados en Catalu\u00f1a ha descendido un -5,14% respecto al mes anterior (14.490 contratos menos) y\u00a0 ha aumentado un 3,92% respecto al mes de octubre de 2015 (10.091 contratos m\u00e1s).<\/div>\n<p>&nbsp;<\/p>\n<div>A nivel estatal el paro registrado aument\u00f3 en octubre en 44.685 personas en relaci\u00f3n al mes anterior (1,20%). La cifra de paro a nivel estatal se sit\u00faa en el mes de octubre de 2016 en 3.764.982 personas\u00a0 (-9,85% en t\u00e9rminos anuales). Los datos dados a conocer hoy por el Ministerio de Empleo y Seguridad Social, muestran como desde el mes de octubre de 2013 en terminos interanuales el paro ha descendido.\u00a0 En los \u00faltimos 12 meses, el paro registrado ha disminuido en 411.387 personas, el mayor descenso interanual del paro de toda la serie hist\u00f3rica, siendo la tasa de reducci\u00f3n interanual del 9,85%.<\/div>\n<p>&nbsp;<\/p>\n<h3><strong>Afiliaci\u00f3n<\/strong><\/h3>\n<div>En Catalu\u00f1a, el n\u00famero de afiliados a la Seguridad Social se ha situado en el mes de octubre en 3.184.436 ocupados, lo que supone 5.858 ocupados m\u00e1s respecto el mes de septiembre de 2016 (0,18%), y 125.135 ocupados m\u00e1s respecto al mismo mes del a\u00f1o anterior (4,09%). En \u00e1mbito estatal el n\u00famero de afiliados a la Seguridad Social se ha situado en el mes de octubre en 17.813.356 ocupados, lo que supone un incremento de 101.335 personas afiliadas m\u00e1s respecto al mes anterior\u00a0 (0,57%), y en t\u00e9rminos interanuales la afiliaci\u00f3n registr\u00f3 un aumento de 591.889 afiliados (3,44%).<\/div>\n<p>[\/vc_column_text][\/vc_column][\/vc_row]<\/p>\n<\/section>","protected":false},"excerpt":{"rendered":"<p>[vc_row][vc_column width=\u00bb1\/1&#8243;][vc_column_text]Foment del Treball defiende los aspectos positivos que ha aportado la Reforma Laboral y que han beneficiado a la creaci\u00f3n de empleo y permiten la paulatina recuperaci\u00f3n del mercado de trabajo que desde 2013 se confirma mes tras mes. Foment espera que el nuevo Gobierno de Espa\u00f1a valore estos efectos positivos de la Reforma Laboral, a la vez que reformule aquellos aspectos de la norma que han generado inseguridad jur\u00eddica por su inconcreci\u00f3n, y que profundize en aquellas medidas a\u00fan pendientes que doten a nuestro mercado laboral de mayor flexibilidad. Las cifras del paro registrado dadas a conocer hoy por el Ministerio de Empleo y Seguridad Social confirman la tendencia de recuperaci\u00f3n del mercado laboral ya que, tanto para el global de Espa\u00f1a como para Catalu\u00f1a, aportan los mejores registros para un mes de octubre desde 2007.[\/vc_column_text][\/vc_column][\/vc_row][vc_row][vc_column width=\u00bb1\/1&#8243;][\/vc_column][\/vc_row][vc_row][vc_column width=\u00bb1\/1&#8243;][vc_column_text] El n\u00famero de desempleados en Catalu\u00f1a aument\u00f3 en el mes de octubre en 7.325 personas (1,62%) respecto al mes anterior. En t\u00e9rminos interanuales, el paro registrado se redujo en 65.122 personas (-12,44%): suma as\u00ed nuevamente un descenso del paro en t\u00e9rminos interanuales, que se inici\u00f3 en el mes de julio 2013. Respecto a la contrataci\u00f3n, se han efectuado 267.442 contratos, [&hellip;]<\/p>\n","protected":false},"author":24,"featured_media":26081,"comment_status":"closed","ping_status":"closed","sticky":false,"template":"","format":"standard","meta":{"_links_to":"","_links_to_target":""},"categories":[73],"tags":[],"acf":[],"wps_subtitle":"Foment espera que el nuevo Gobierno de Espa\u00f1a valore estos efectos positivos de la Reforma Laboral, a la vez que reformule aquellos aspectos de la norma que han generado inseguridad jur\u00eddica por su inconcreci\u00f3n, y que profundize en aquellas medidas a\u00fan pendientes que doten a nuestro mercado laboral de mayor flexibilidad","_links":{"self":[{"href":"https:\/\/www.foment.com\/es\/wp-json\/wp\/v2\/posts\/25926"}],"collection":[{"href":"https:\/\/www.foment.com\/es\/wp-json\/wp\/v2\/posts"}],"about":[{"href":"https:\/\/www.foment.com\/es\/wp-json\/wp\/v2\/types\/post"}],"author":[{"embeddable":true,"href":"https:\/\/www.foment.com\/es\/wp-json\/wp\/v2\/users\/24"}],"replies":[{"embeddable":true,"href":"https:\/\/www.foment.com\/es\/wp-json\/wp\/v2\/comments?post=25926"}],"version-history":[{"count":0,"href":"https:\/\/www.foment.com\/es\/wp-json\/wp\/v2\/posts\/25926\/revisions"}],"wp:featuredmedia":[{"embeddable":true,"href":"https:\/\/www.foment.com\/es\/wp-json\/wp\/v2\/media\/26081"}],"wp:attachment":[{"href":"https:\/\/www.foment.com\/es\/wp-json\/wp\/v2\/media?parent=25926"}],"wp:term":[{"taxonomy":"category","embeddable":true,"href":"https:\/\/www.foment.com\/es\/wp-json\/wp\/v2\/categories?post=25926"},{"taxonomy":"post_tag","embeddable":true,"href":"https:\/\/www.foment.com\/es\/wp-json\/wp\/v2\/tags?post=25926"}],"curies":[{"name":"wp","href":"https:\/\/api.w.org\/{rel}","templated":true}]}}