{"id":25928,"date":"2016-11-04T09:00:09","date_gmt":"2016-11-04T08:00:09","guid":{"rendered":"http:\/\/foment.itartech.com\/es\/?p=25928"},"modified":"2016-12-19T11:12:11","modified_gmt":"2016-12-19T10:12:11","slug":"foment-apunta-que-catalunya-y-reduccion-deficit-deben-las-prioridades-nuevo-gobierno-espana","status":"publish","type":"post","link":"https:\/\/www.foment.com\/es\/foment-apunta-que-catalunya-y-reduccion-deficit-deben-las-prioridades-nuevo-gobierno-espana\/","title":{"rendered":"Foment apunta que Catalunya y la reducci\u00f3n del d\u00e9ficit deben ser las prioridades del nuevo Gobierno de Espa\u00f1a"},"content":{"rendered":"<section class=\"wpb-content-wrapper\"><p>[vc_row][vc_column width=\u00bb1\/1&#8243;][vc_column_text]<\/p>\n<div>Foment del Treball celebra la formaci\u00f3n del nuevo Gobierno de Espa\u00f1a y conf\u00eda muestre un perfil reformista y dialogante. La patronal catalana defiende que es necesario confirmar y consolidar la Fortaleza de la econom\u00eda espa\u00f1ola con la continuidad de reformes que mejoren la eficiencia\u00a0 de la administraci\u00f3n p\u00fablica y avancen hacia una regulaci\u00f3n fiscal que mejore la competitividad de las empresas. Foment del Treball reclama, por encima de todo, que las prioridades del Gobierno en la legislatura que ahora comienza son la reducci\u00f3n del d\u00e9ficit p\u00fablico y resolver, mediante el di\u00e1logo, cuesti\u00f3n catalana.<\/div>\n<p>&nbsp;<\/p>\n<div>El d\u00e9ficit p\u00fablico es, en el contexto econ\u00f3mico, el principal problema de Espa\u00f1a y el factor que arriesga el crecimiento de la econom\u00eda espa\u00f1ola. Si el d\u00e9ficit p\u00fablico no inicia, a partir del pr\u00f3ximo a\u00f1o, en una clara evoluci\u00f3n de contenci\u00f3n y mejora, el crecimiento del PIB a partir del a\u00f1o 2018 quedar\u00e1 cuestionado, de la misma manera que la credibilidad de Espa\u00f1a antes las instituciones europeas. Foment del Treball entiende que el nuevo ministerio de Econom\u00eda, Industria y Competitividad aporta se\u00f1ales de continuidad para una pol\u00edtica econ\u00f3mica que ha dado muy buenos resultados y que debe continuar con la agenda reformista que todos los pa\u00edses de Europa se exigen internamente.<\/div>\n<p>&nbsp;<\/p>\n<div>Otro reto fundamental del nuevo gobierno es la pol\u00edtica fiscal que, desde el \u00e1mbito empresarial, se entiende debe avanzar hacia reformas que mejoren la competitividad de las empresas. Los \u00faltimos meses se han adoptados medidas muy negativas para las empresas, como es el incremento de los pagos a cuenta del Impuesto de Sociedades. Los empresarios conf\u00edan que estas medidas tributarias orientadas a la reducci\u00f3n del d\u00e9ficit p\u00fablico puedan ser corregidas porque, de otro modo, anulan la capacidad de nuevas inversiones y dreci\u00f3n de ocupaci\u00f3n de las empresas, grandes y peque\u00f1as.<\/div>\n<div><span lang=\"CA\">\u00a0<\/span><\/div>\n<h3><span lang=\"CA\"><strong>Catalu\u00f1a y Corredor <\/strong><\/span><strong>Mediterr\u00e1neo<\/strong><\/h3>\n<div><\/div>\n<div>Foment del Treball reclama que desde el inicio de la nueva legislatura el Gobierno muestre un perfil de di\u00e1logo que no es contradictorio con el cumplimiento del marco legal.\u00a0 Es necesaria una aproximaci\u00f3n a Catalunya desde el di\u00e1logo y es necesario dar se\u00f1ales muy claras y contundentes respecto a la voluntad real de resolver el conflicto pol\u00edtico con Catalunya, que cuenta con un Parlamento con mayor\u00eda independentista.<\/div>\n<p>[\/vc_column_text][\/vc_column][\/vc_row]<\/p>\n<\/section>","protected":false},"excerpt":{"rendered":"<p>[vc_row][vc_column width=\u00bb1\/1&#8243;][vc_column_text] Foment del Treball celebra la formaci\u00f3n del nuevo Gobierno de Espa\u00f1a y conf\u00eda muestre un perfil reformista y dialogante. La patronal catalana defiende que es necesario confirmar y consolidar la Fortaleza de la econom\u00eda espa\u00f1ola con la continuidad de reformes que mejoren la eficiencia\u00a0 de la administraci\u00f3n p\u00fablica y avancen hacia una regulaci\u00f3n fiscal que mejore la competitividad de las empresas. Foment del Treball reclama, por encima de todo, que las prioridades del Gobierno en la legislatura que ahora comienza son la reducci\u00f3n del d\u00e9ficit p\u00fablico y resolver, mediante el di\u00e1logo, cuesti\u00f3n catalana. &nbsp; El d\u00e9ficit p\u00fablico es, en el contexto econ\u00f3mico, el principal problema de Espa\u00f1a y el factor que arriesga el crecimiento de la econom\u00eda espa\u00f1ola. Si el d\u00e9ficit p\u00fablico no inicia, a partir del pr\u00f3ximo a\u00f1o, en una clara evoluci\u00f3n de contenci\u00f3n y mejora, el crecimiento del PIB a partir del a\u00f1o 2018 quedar\u00e1 cuestionado, de la misma manera que la credibilidad de Espa\u00f1a antes las instituciones europeas. Foment del Treball entiende que el nuevo ministerio de Econom\u00eda, Industria y Competitividad aporta se\u00f1ales de continuidad para una pol\u00edtica econ\u00f3mica que ha dado muy buenos resultados y que debe continuar con la agenda reformista que todos [&hellip;]<\/p>\n","protected":false},"author":24,"featured_media":0,"comment_status":"closed","ping_status":"closed","sticky":false,"template":"","format":"standard","meta":{"_links_to":"","_links_to_target":""},"categories":[69],"tags":[],"acf":[],"wps_subtitle":"\u200bReclama una reforma fiscal que impulse la competitividad y no la perjudique, como la reforma del Impuesto de Sociedades","_links":{"self":[{"href":"https:\/\/www.foment.com\/es\/wp-json\/wp\/v2\/posts\/25928"}],"collection":[{"href":"https:\/\/www.foment.com\/es\/wp-json\/wp\/v2\/posts"}],"about":[{"href":"https:\/\/www.foment.com\/es\/wp-json\/wp\/v2\/types\/post"}],"author":[{"embeddable":true,"href":"https:\/\/www.foment.com\/es\/wp-json\/wp\/v2\/users\/24"}],"replies":[{"embeddable":true,"href":"https:\/\/www.foment.com\/es\/wp-json\/wp\/v2\/comments?post=25928"}],"version-history":[{"count":0,"href":"https:\/\/www.foment.com\/es\/wp-json\/wp\/v2\/posts\/25928\/revisions"}],"wp:attachment":[{"href":"https:\/\/www.foment.com\/es\/wp-json\/wp\/v2\/media?parent=25928"}],"wp:term":[{"taxonomy":"category","embeddable":true,"href":"https:\/\/www.foment.com\/es\/wp-json\/wp\/v2\/categories?post=25928"},{"taxonomy":"post_tag","embeddable":true,"href":"https:\/\/www.foment.com\/es\/wp-json\/wp\/v2\/tags?post=25928"}],"curies":[{"name":"wp","href":"https:\/\/api.w.org\/{rel}","templated":true}]}}