{"id":25930,"date":"2016-11-07T09:00:07","date_gmt":"2016-11-07T08:00:07","guid":{"rendered":"http:\/\/foment.itartech.com\/es\/?p=25930"},"modified":"2016-12-19T11:10:45","modified_gmt":"2016-12-19T10:10:45","slug":"%e2%80%8bla-generalitat-ha-redactado-anteproyecto-ley-camaras-centralista-sin-haber-consultado-las-organizaciones-empresariales","status":"publish","type":"post","link":"https:\/\/www.foment.com\/es\/%e2%80%8bla-generalitat-ha-redactado-anteproyecto-ley-camaras-centralista-sin-haber-consultado-las-organizaciones-empresariales\/","title":{"rendered":"\u200bLa Generalitat ha redactado un anteproyecto de Ley de C\u00e1maras centralista sin haber consultado a las organizaciones empresariales"},"content":{"rendered":"<section class=\"wpb-content-wrapper\"><p>[vc_row][vc_column width=\u00bb1\/1&#8243;][vc_column_text]<\/p>\n<ul>\n<li>El anteproyecto no da respuesta a la necesidad de estabilizar los recursos para la financiaci\u00f3n de las c\u00e1maras<\/li>\n<li>Foment promovi\u00f3 en 1886 la creaci\u00f3n de las C\u00e1maras, y luego en 1911 el nacimiento de la C\u00e1mara de Industria<\/li>\n<\/ul>\n<p>La Junta Directiva de Foment del Treball ha criticado hoy el procedimiento seguido por la Generalitat de Catalunya para la redacci\u00f3n del anteproyecto de la Ley de C\u00e1maras sin hacer ninguna consulta previa a las c\u00e1maras catalanas ni a las organizaciones patronales. Este defecto de forma es especialmente grave en el caso de Foment del Treball, que es la entidad que en 1886 promovi\u00f3 la creaci\u00f3n de las C\u00e1maras de Comercio y en 1911 el nacimiento de la C\u00e1mara de Industria.<\/p>\n<p>La patronal catalana, que no ha recibido, adem\u00e1s, informaci\u00f3n oficial del anteproyecto de Ley, considera que promover el nacimiento de un nuevo organismo, como la C\u00e1mara General de Catalu\u00f1a, es una iniciativa centralista y que reduce a m\u00ednimos testimoniales la coordinaci\u00f3n de las organizaciones empresariales con las c\u00e1maras catalanas. Replica, por tanto, lo peor de la Ley B\u00e1sica del Estado.<\/p>\n<p>En este sentido, la Junta Directiva de Foment del Treball, denuncia tambi\u00e9n que el anteproyecto no da respuesta a la necesidad de estabilizar los recursos para la financiaci\u00f3n de las c\u00e1maras. La nueva Ley de C\u00e1maras de Catalu\u00f1a es fundamental para regular a favor de las c\u00e1maras las funciones de servicios para la internacionalizaci\u00f3n del tejido empresarial catal\u00e1n, en un contexto de crecimiento de las exportaciones, por un lado, y del incremento de localizaciones de las empresas a mercado emergentes.<\/p>\n<p>Por todo ello, Foment reclama corregir el procedimiento para la redacci\u00f3n del anteproyecto para que incorpore las consultas pertinentes a todos los agentes del mundo empresarial, como son las mismas c\u00e1maras y las organizaciones patronales, con el objetivo de coordinar y hacer m\u00e1s eficiente el sistema representativo de las empresas en Catalu\u00f1a, asegurando la proporcionalidad de los territorios y de los sectores econ\u00f3micos en el proceso de toma de decisiones y, por \u00faltimo, estableciendo los criterios de financiaci\u00f3n de las c\u00e1maras.[\/vc_column_text][\/vc_column][\/vc_row]<\/p>\n<\/section>","protected":false},"excerpt":{"rendered":"<p>[vc_row][vc_column width=\u00bb1\/1&#8243;][vc_column_text] El anteproyecto no da respuesta a la necesidad de estabilizar los recursos para la financiaci\u00f3n de las c\u00e1maras Foment promovi\u00f3 en 1886 la creaci\u00f3n de las C\u00e1maras, y luego en 1911 el nacimiento de la C\u00e1mara de Industria La Junta Directiva de Foment del Treball ha criticado hoy el procedimiento seguido por la Generalitat de Catalunya para la redacci\u00f3n del anteproyecto de la Ley de C\u00e1maras sin hacer ninguna consulta previa a las c\u00e1maras catalanas ni a las organizaciones patronales. Este defecto de forma es especialmente grave en el caso de Foment del Treball, que es la entidad que en 1886 promovi\u00f3 la creaci\u00f3n de las C\u00e1maras de Comercio y en 1911 el nacimiento de la C\u00e1mara de Industria. La patronal catalana, que no ha recibido, adem\u00e1s, informaci\u00f3n oficial del anteproyecto de Ley, considera que promover el nacimiento de un nuevo organismo, como la C\u00e1mara General de Catalu\u00f1a, es una iniciativa centralista y que reduce a m\u00ednimos testimoniales la coordinaci\u00f3n de las organizaciones empresariales con las c\u00e1maras catalanas. Replica, por tanto, lo peor de la Ley B\u00e1sica del Estado. En este sentido, la Junta Directiva de Foment del Treball, denuncia tambi\u00e9n que el anteproyecto no da respuesta a [&hellip;]<\/p>\n","protected":false},"author":24,"featured_media":0,"comment_status":"closed","ping_status":"closed","sticky":false,"template":"","format":"standard","meta":{"_links_to":"","_links_to_target":""},"categories":[67],"tags":[],"acf":[],"wps_subtitle":"Foment no ha recibido, adem\u00e1s, ninguna informaci\u00f3n oficial del anteproyecto de Ley","_links":{"self":[{"href":"https:\/\/www.foment.com\/es\/wp-json\/wp\/v2\/posts\/25930"}],"collection":[{"href":"https:\/\/www.foment.com\/es\/wp-json\/wp\/v2\/posts"}],"about":[{"href":"https:\/\/www.foment.com\/es\/wp-json\/wp\/v2\/types\/post"}],"author":[{"embeddable":true,"href":"https:\/\/www.foment.com\/es\/wp-json\/wp\/v2\/users\/24"}],"replies":[{"embeddable":true,"href":"https:\/\/www.foment.com\/es\/wp-json\/wp\/v2\/comments?post=25930"}],"version-history":[{"count":0,"href":"https:\/\/www.foment.com\/es\/wp-json\/wp\/v2\/posts\/25930\/revisions"}],"wp:attachment":[{"href":"https:\/\/www.foment.com\/es\/wp-json\/wp\/v2\/media?parent=25930"}],"wp:term":[{"taxonomy":"category","embeddable":true,"href":"https:\/\/www.foment.com\/es\/wp-json\/wp\/v2\/categories?post=25930"},{"taxonomy":"post_tag","embeddable":true,"href":"https:\/\/www.foment.com\/es\/wp-json\/wp\/v2\/tags?post=25930"}],"curies":[{"name":"wp","href":"https:\/\/api.w.org\/{rel}","templated":true}]}}