{"id":26080,"date":"2016-11-17T10:32:36","date_gmt":"2016-11-17T09:32:36","guid":{"rendered":"http:\/\/foment.itartech.com\/es\/?p=26080"},"modified":"2016-12-18T12:12:15","modified_gmt":"2016-12-18T11:12:15","slug":"foment-reconoce-esfuerzo-inversor-seat-y-trayectoria-empresarial-javier-godo","status":"publish","type":"post","link":"https:\/\/www.foment.com\/es\/foment-reconoce-esfuerzo-inversor-seat-y-trayectoria-empresarial-javier-godo\/","title":{"rendered":"Foment reconoce el esfuerzo inversor de SEAT y la trayectoria empresarial de Javier God\u00f3"},"content":{"rendered":"<section class=\"wpb-content-wrapper\"><p>[vc_row][vc_column width=\u00bb1\/1&#8243;][vc_column_text]<\/p>\n<ul>\n<li>Medalla de Honor la Trayectoria Empresarial de Javier God\u00f3 Munta\u00f1ola y Medalla de Honor como el Empresario del A\u00f1o para Francisco Javier Garc\u00eda Sanz, presidente del Consejo de Administraci\u00f3n de SEAT<\/li>\n<li>Los Premios Carlos Ferrer Salat distinguen <strong>Grupo Indukern<\/strong> en Internacionalizaci\u00f3n, <strong>Condis Supermercados <\/strong>en Compromiso Social; <strong>Grupo Carinsa<\/strong> en I+D+i; y <strong>Salgot <\/strong>en Medio Ambiente<\/li>\n<li>Foment entrega sus galardones en el marco de un acto que presidir\u00e1 <strong>Su Majestad el Rey <\/strong>y que tendr\u00e1 lugar ma\u00f1ana jueves 17 de noviembre, por la noche, en la sede de Foment<\/li>\n<\/ul>\n<p>[\/vc_column_text][\/vc_column][\/vc_row][vc_row][vc_column width=\u00bb1\/1&#8243;]<div class=\"spacer\" style=\"height: 20px;\"><\/div><div class=\"single_image wpb_content_element align-center    \" data-animation=\"none\" data-delay=\"0\"><img width=\"600\" height=\"400\" src=\"https:\/\/www.foment.com\/wp-content\/uploads\/2016\/11\/medalla-seat.jpg\" class=\"attachment-full\" alt=\"\" loading=\"lazy\" title=\"medalla-seat\" srcset=\"https:\/\/www.foment.com\/wp-content\/uploads\/2016\/11\/medalla-seat.jpg 600w, https:\/\/www.foment.com\/wp-content\/uploads\/2016\/11\/medalla-seat-300x200.jpg 300w\" sizes=\"(max-width: 600px) 100vw, 600px\" \/><span class=\"single_image_caption\">Ha recogido la Medalla en nombre de Garc\u00eda Sanz el Presidente del Comit\u00e9 Ejecutivo de Seat, Luca de Meo\n\u00a9 Job Vermeulen<\/span><\/div><div class=\"spacer\" style=\"height: 20px;\"><\/div>[\/vc_column][\/vc_row][vc_row][vc_column width=\u00bb1\/1&#8243;][vc_column_text]<\/p>\n<div>Foment del Treball distingue al presidente del Consejo de Administraci\u00f3n de <a href=\"http:\/\/www.seat.es\/compania\/noticias.html\" target=\"_blank\"><strong>SEAT<\/strong><\/a>,\u00a0<strong> Francisco<\/strong><strong>Javier Garc\u00eda Sanz<\/strong>, con la Medalla de Honor al Empresario del A\u00f1o por \u00abel esfuerzo inversor sin precedentes, de 3.300 millones de euros, que est\u00e1 realizando SEAT, con nuevos modelos que afianzan el camino hacia la excelencia recorrido por la marca en los \u00faltimos a\u00f1os en todas y cada una de sus \u00e1reas\u00bb. En este sentido, Foment reconoce especialmente \u00abel compromiso de la marca que preside Garc\u00eda Sanz con la generaci\u00f3n de riqueza y de puestos de trabajo y con el papel de motor del sector industrial espa\u00f1ol y de dinamizador de nuevas iniciativas empresariales con la puesta en marcha este a\u00f1o de un programa de aceleraci\u00f3n de startups vinculadas al sector de la automoci\u00f3n\u00bb. Francisco Javier Garc\u00eda Sanz es presidente del Consejo de Administraci\u00f3n de SEAT desde el a\u00f1o 2007. Entre 2008 y 2012, fue presidente de la Asociaci\u00f3n Espa\u00f1ola de Fabricantes de Autom\u00f3viles y Camiones (ANFAC). En abril de 2010, recibi\u00f3 la Gran Cruz de la Orden del M\u00e9rito Civil, y en 2014 fue distinguido como \u00abPersonaje ilustre de la automoci\u00f3n espa\u00f1ola\u00bb por la Asociaci\u00f3n Espa\u00f1ola de Profesionales de la Automoci\u00f3n (ASEPA).<\/div>\n<p>&nbsp;<\/p>\n<div>Asimismo, Foment distingue a <strong>Javier God\u00f3 Munta\u00f1ola<\/strong> con la Medalla de Honor a la Trayectoria Empresarial: la patronal catalana reconoce en el empresario \u00abla coherencia y el compromiso de una trayectoria empresarial de \u00e9xito clave en el sector de la comunicaci\u00f3n y la cultura en Catalu\u00f1a y fiel siempre al esp\u00edritu fundacional de un diario referencia como la Vanguardia en la defensa de una Catalu\u00f1a abierta y de una Espa\u00f1a plural\u201d. Javier God\u00f3 Munta\u00f1ola es actualmente Presidente del grupo multimedia <strong><a href=\"http:\/\/www.grupogodo.net\/\" target=\"_blank\">Grupo God\u00f3 de Comunicaci\u00f3n, SA<\/a><\/strong>, Editor de La Vanguardia, Presidente de Honor del Consejo de Administraci\u00f3n de El Mundo Deportivo, Presidente de Catalu\u00f1a Comunicaci\u00f3n y patrono de la Fundaci\u00f3n Bancaria \u00abLa Caixa\u00bb, entre otros. Asimismo, es Vicepresidente de la Fundaci\u00f3n Conde de Barcelona, de la Sociedad Econ\u00f3mica Barcelonesa de Amigos del Pa\u00eds, Vicepresidente del Patronato de la Fundaci\u00f3n del Museo de Arte Contempor\u00e1neo de Barcelona (MACBA), consejero del Museo de Arte Moderno de Nueva York (MoMA), miembro del Patronato de la Universidad Ramon Llull y miembro del Consejo Asesor de Telef\u00f3nica Espa\u00f1a.<\/div>\n<p>[\/vc_column_text][\/vc_column][\/vc_row][vc_row][vc_column width=\u00bb1\/1&#8243;]<div class=\"spacer\" style=\"height: 20px;\"><\/div><div class=\"single_image wpb_content_element align-center    \" data-animation=\"none\" data-delay=\"0\"><img width=\"600\" height=\"400\" src=\"https:\/\/www.foment.com\/wp-content\/uploads\/2016\/11\/medalla-godo.jpg\" class=\"attachment-full\" alt=\"\" loading=\"lazy\" title=\"medalla-godo\" srcset=\"https:\/\/www.foment.com\/wp-content\/uploads\/2016\/11\/medalla-godo.jpg 600w, https:\/\/www.foment.com\/wp-content\/uploads\/2016\/11\/medalla-godo-300x200.jpg 300w\" sizes=\"(max-width: 600px) 100vw, 600px\" \/><\/div><div class=\"spacer\" style=\"height: 20px;\"><\/div>[\/vc_column][\/vc_row][vc_row][vc_column width=\u00bb1\/1&#8243;][vc_column_text]<\/p>\n<div>Foment entrega sus galardones en el marco de un acto que presidir\u00e1 <strong>Su Majestad el Rey<\/strong> y que tendr\u00e1 lugar <strong>ma\u00f1ana jueves 17 de noviembre, por la noche, en la sede de Foment<\/strong>. Se trata de la IX edici\u00f3n de las Medallas de Honor y Premios Carles Ferrer Salat, que Foment del Treball convoca de forma anual.<\/div>\n<p>&nbsp;<\/p>\n<div>El jurado de esta edici\u00f3n de las Medallas y Premios de Foment ha acordado distinguir mediante cuatro premios en las categor\u00edas de I+D+i, Internacionalizaci\u00f3n, Compromiso Social y Medio Ambiente en:<\/div>\n<p>&nbsp;<\/p>\n<blockquote>\n<blockquote>\n<ul>\n<li class=\"ms-rteFontSize-3\"><strong>Grupo Indukern<\/strong> (Internacionalizaci\u00f3n)<\/li>\n<li class=\"ms-rteFontSize-3\"><strong>Condis Supermercats<\/strong> (Compromiso Social)<\/li>\n<li class=\"ms-rteFontSize-3\"><strong>Grupo Carinsa<\/strong> (I+D+i)<\/li>\n<li><strong class=\"ms-rteFontSize-3\">Salgot <\/strong><span class=\"ms-rteFontSize-3\">(Medio Ambiente)<\/span><\/li>\n<\/ul>\n<\/blockquote>\n<\/blockquote>\n<div><\/div>\n<div>Han formado parte del jurado de esta edici\u00f3n: el presidente de la Cambra de Comer\u00e7 de Barcelona, Miquel Valls; el presidente del Cercle d\u2019Economia, Ant\u00f3n Costas; el presidente de Futbol Club Barcelona, Josep Maria Bartomeu; el presidente del RACC, Josep Mateu; el presidente del Institut Agr\u00edcola Catal\u00e0 de Sant Isidre, Baldiri Ros; el presidente de la Societat Econ\u00f2mica Barcelonesa d\u2019Amics del Pa\u00eds, Miquel Roca; el presidente del Ateneu Barcelon\u00e8s, Jordi Casassas; el director general del IESE, Franz Heukamp; el presidente de la Asociaci\u00f3n Espa\u00f1ola de Directivos, Pau Herrera; el presidente de l\u2019Associaci\u00f3 Catalana de l\u2019 Empresa Familiar, Jaume Grego; el delegado especial del Estado en el Consorci de la Zona Franca de Barcelona, Jordi Cornet; el presidente de la Zona Mediterr\u00e0nia de la Asociaci\u00f3n para el Progreso de la Direcci\u00f3n, Pedro Fontana; el secretario general de Foment, Joan Pujol; el director de Relaciones Institucionales de Foment, Antonio Pizarro; la presidenta de Fepime, Mar\u00eda Helena de Felipe; y el presidente de Foment del Treball, Joaquim Gay de Montell\u00e0.<\/div>\n<p>&nbsp;<\/p>\n<h3><strong>Premios Carles Ferrer Salat<\/strong><\/h3>\n<div>\n<div><a href=\"\/wp-content\/uploads\/2016\/11\/premi-indukern.jpg\" target=\"_blank\"><img loading=\"lazy\" class=\"ms-rtePosition-1 alignleft\" src=\"\/wp-content\/uploads\/2016\/11\/premi-indukern.jpg\" width=\"600\" height=\"400\" \/><\/a><\/div>\n<p>El Premio a la Internacionalizaci\u00f3n se otorga a <strong class=\"ms-rteFontSize-4\">Grupo Indukern<\/strong>\u00a0por ser \u00abejemplo de \u00e9xito en el asentamiento de una estrategia empresarial basada en la apertura de nuevos mercados y la diversificaci\u00f3n del negocio\u00bb. El <strong><a href=\"http:\/\/www.grupoindukern.com\/\" target=\"_blank\">Grupo Indukern<\/a><\/strong> factura 755 millones de euros y el 55% de su negocio procede de los mercados internacionales. Tiene m\u00e1s de 1.700 empleados en todo el mundo, cuenta con filiales en 19 pa\u00edses y comercializa sus productos a m\u00e1s de 80. La diversificaci\u00f3n de sus negocios, la expansi\u00f3n internacional y el aprovechamiento de las oportunidades de los mercados en los que opera han sido claves en su trayectoria. Su actividad constante de creaci\u00f3n de empresas y nuevos proyectos se materializa en la gran presencia internacional de cada una de sus l\u00edneas de negocio.<\/p>\n<p><a href=\"\/wp-content\/uploads\/2016\/11\/premi-condis.jpg\" target=\"_blank\"><img loading=\"lazy\" class=\"ms-rtePosition-1 alignright\" src=\"\/wp-content\/uploads\/2016\/11\/premi-condis.jpg\" width=\"600\" height=\"400\" \/><\/a>Por otro lado, con el Premio al Compromiso Social a <span class=\"ms-rteFontSize-4\"><strong>Condis Supermercats<\/strong><\/span>, el Jurado reconoce \u00abuna compa\u00f1\u00eda que ha sido pionera y modelo en el desarrollo de un Plan de Responsabilidad Social Corporativa desde hace m\u00e1s de 20 a\u00f1os\u00bb. La compa\u00f1\u00eda ha desarrollado una actividad que se ha convertido ejemplar en aspectos como la escolarizaci\u00f3n, la salud y la nutrici\u00f3n infantil, la cooperaci\u00f3n internacional, la cohesi\u00f3n social, la recogida de alimentos para familias desfavorecidas o la lucha contra enfermedades graves. Asimismo, el Jurado de los Premios Ferrer Salat ha valorado el compromiso de <strong><a href=\"https:\/\/www.condis.es\/home\" target=\"_blank\">Condis<\/a><\/strong> de \u00abcontribuir a la mejora del entorno social tambi\u00e9n desde un modelo de negocio responsable y sostenible\u00bb. Condis apuesta tambi\u00e9n por la responsabilidad la laboral enfocada a los colaboradores que trabajan en la compa\u00f1\u00eda con diferentes planes de integraci\u00f3n y diversidad, de igualdad, de formaci\u00f3n y desarrollo. y a la vez, desarrolla acciones de compromiso medioambiental, entre las que destaca el hecho de haber sido la primera compa\u00f1\u00eda de supermercados en tirar al mercado una bolsa de pl\u00e1stico 100% degradable ya en 2008.<\/p>\n<p><a href=\"\/wp-content\/uploads\/2016\/11\/premi-carinsa.jpg\" target=\"_blank\"><img loading=\"lazy\" class=\"ms-rtePosition-1 alignleft\" src=\"\/wp-content\/uploads\/2016\/11\/premi-carinsa.jpg\" width=\"600\" height=\"400\" \/><\/a>El Premio a la I+D+i, en esta IXI edici\u00f3n, Foment lo concede a <strong class=\"ms-rteFontSize-4\">Grupo Carinsa<\/strong>, compa\u00f1\u00eda de quien el Jurado valora que \u00abdestine hasta un 25% de su cifra de negocio a la actividad de investigaci\u00f3n y ocupe en las \u00e1reas de investigaci\u00f3n y desarrollo un 40% de los 150 trabajador s que tiene en plantilla\u00bb. El Jurado remarca que \u00abGrupo Carinsa entiende que la innovaci\u00f3n es la herramienta esencial para la diferenciaci\u00f3n y la creaci\u00f3n de servicios y productos con valor a\u00f1adido para competir en el mundo global\u00bb. <strong><a href=\"http:\/\/www.carinsa.com\/\" target=\"_blank\">Grupo CARINSA<\/a><\/strong> actualmente participa en m\u00e1s de 25 proyectos de investigaci\u00f3n de \u00e1mbito nacional e internacional. Forma parte de diferentes acuerdos y colaboraciones fuera de su \u00e1mbito empresarial, permitiendo, entre otros, crear una C\u00e1tedra Universitaria, liderar el cl\u00faster del packaging, ser l\u00edderes en diferentes comunidades de RIS3Cat, o incluso, formar parte del Patronato de Eureca , entre otros.<\/p>\n<p><a href=\"\/wp-content\/uploads\/2016\/11\/premi-salgot.jpg\" target=\"_blank\"><img loading=\"lazy\" class=\"ms-rtePosition-1 alignleft\" src=\"\/wp-content\/uploads\/2016\/11\/premi-salgot.jpg\" width=\"600\" height=\"400\" \/><\/a>Finalmente, el Premi de Medio Ambiente reconoce \u201cel esfuerzo de la empresa <strong class=\"ms-rteFontSize-4\">Salgot<\/strong> al poner en funcionamiento y consolidar el proyecto de una Ecogranja que combina el firme compromiso con el medio ambiente, con la sociedad y el bienestar de los animales, con una apuesta de futuro hacia la calidad de los embutidos y de sus procesos de elaboraci\u00f3n \u00ab. La puesta en marcha por <strong><a href=\"http:\/\/salgot.com\/\" target=\"_blank\">Salgot<\/a><\/strong> es la primera granja que en territorio espa\u00f1ol combina la crianza ecol\u00f3gica de cerdos y la I+D+i, con unas instalaciones que generan una importante reducci\u00f3n de costes gracias sobre todo a los sistemas pasivos y eficientes de climatizaci\u00f3n. En cuanto a los beneficios para el medio ambiente, destaca el aprovechamiento en la nueva granja del 100% de aguas pluviales, la recuperaci\u00f3n de aguas grises y la depuraci\u00f3n biol\u00f3gica in situ. Tambi\u00e9n el uso de energ\u00edas renovables en la l\u00ednea de producci\u00f3n, con una caldera de biomasa y energ\u00eda solar t\u00e9rmica y fotovoltaica. La autosuficiencia con la energ\u00eda solar llega al 50% en condiciones clim\u00e1ticas favorables.<\/p>\n<p>&nbsp;<\/p>\n<h3><strong>Los valores de Ferrer Salat<\/strong><\/h3>\n<div>Con la instituci\u00f3n de sus premios anuales, Foment del Treball quiere reconocer y agradecer el esfuerzo y la determinaci\u00f3n de empresarios liberales, abiertos y defensores del conocimiento y del di\u00e1logo, como fue Carles Ferrer Salat. Brillante empresario catal\u00e1n, Ferrer Salat fue presidente de Foment en el momento del renacimiento de la patronal catalana con la llegada de la democracia: la vez, fue tambi\u00e9n presidente fundador de la patronal espa\u00f1ola CEOE y posteriormente presidente de la gran patronal europea UNICE, hoy llamada Business Europe.<\/div>\n<p>&nbsp;<\/p>\n<div>Unos valores, que representa Carles Ferrer Salat, que identifican plenamente los de Foment del Treball: la patronal catalana, la organizaci\u00f3n empresarial m\u00e1s antigua de Europa con 240 a\u00f1os de historia, que ha encarnado el entusiasmo de catalanes emprendedores por el progreso de Catalu\u00f1a y de Espa\u00f1a.<\/div>\n<\/div>\n<p>[\/vc_column_text][\/vc_column][\/vc_row][vc_row][vc_column][vc_column_text]<\/p>\n<p>[\/vc_column_text][\/vc_column][\/vc_row]<\/p>\n<\/section>","protected":false},"excerpt":{"rendered":"<p>[vc_row][vc_column width=\u00bb1\/1&#8243;][vc_column_text] Medalla de Honor la Trayectoria Empresarial de Javier God\u00f3 Munta\u00f1ola y Medalla de Honor como el Empresario del A\u00f1o para Francisco Javier Garc\u00eda Sanz, presidente del Consejo de Administraci\u00f3n de SEAT Los Premios Carlos Ferrer Salat distinguen Grupo Indukern en Internacionalizaci\u00f3n, Condis Supermercados en Compromiso Social; Grupo Carinsa en I+D+i; y Salgot en Medio Ambiente Foment entrega sus galardones en el marco de un acto que presidir\u00e1 Su Majestad el Rey y que tendr\u00e1 lugar ma\u00f1ana jueves 17 de noviembre, por la noche, en la sede de Foment [\/vc_column_text][\/vc_column][\/vc_row][vc_row][vc_column width=\u00bb1\/1&#8243;][\/vc_column][\/vc_row][vc_row][vc_column width=\u00bb1\/1&#8243;][vc_column_text] Foment del Treball distingue al presidente del Consejo de Administraci\u00f3n de SEAT,\u00a0 FranciscoJavier Garc\u00eda Sanz, con la Medalla de Honor al Empresario del A\u00f1o por \u00abel esfuerzo inversor sin precedentes, de 3.300 millones de euros, que est\u00e1 realizando SEAT, con nuevos modelos que afianzan el camino hacia la excelencia recorrido por la marca en los \u00faltimos a\u00f1os en todas y cada una de sus \u00e1reas\u00bb. En este sentido, Foment reconoce especialmente \u00abel compromiso de la marca que preside Garc\u00eda Sanz con la generaci\u00f3n de riqueza y de puestos de trabajo y con el papel de motor del sector industrial espa\u00f1ol y de dinamizador de nuevas iniciativas empresariales [&hellip;]<\/p>\n","protected":false},"author":24,"featured_media":26145,"comment_status":"closed","ping_status":"closed","sticky":false,"template":"","format":"standard","meta":{"_links_to":"","_links_to_target":""},"categories":[114,127],"tags":[],"acf":[],"wps_subtitle":"La ceremonia de entrega tiene lugar el jueves 17 de noviembre en la Sala Magna de Foment del Treball","_links":{"self":[{"href":"https:\/\/www.foment.com\/es\/wp-json\/wp\/v2\/posts\/26080"}],"collection":[{"href":"https:\/\/www.foment.com\/es\/wp-json\/wp\/v2\/posts"}],"about":[{"href":"https:\/\/www.foment.com\/es\/wp-json\/wp\/v2\/types\/post"}],"author":[{"embeddable":true,"href":"https:\/\/www.foment.com\/es\/wp-json\/wp\/v2\/users\/24"}],"replies":[{"embeddable":true,"href":"https:\/\/www.foment.com\/es\/wp-json\/wp\/v2\/comments?post=26080"}],"version-history":[{"count":0,"href":"https:\/\/www.foment.com\/es\/wp-json\/wp\/v2\/posts\/26080\/revisions"}],"wp:featuredmedia":[{"embeddable":true,"href":"https:\/\/www.foment.com\/es\/wp-json\/wp\/v2\/media\/26145"}],"wp:attachment":[{"href":"https:\/\/www.foment.com\/es\/wp-json\/wp\/v2\/media?parent=26080"}],"wp:term":[{"taxonomy":"category","embeddable":true,"href":"https:\/\/www.foment.com\/es\/wp-json\/wp\/v2\/categories?post=26080"},{"taxonomy":"post_tag","embeddable":true,"href":"https:\/\/www.foment.com\/es\/wp-json\/wp\/v2\/tags?post=26080"}],"curies":[{"name":"wp","href":"https:\/\/api.w.org\/{rel}","templated":true}]}}