{"id":29029,"date":"2017-01-25T11:37:51","date_gmt":"2017-01-25T10:37:51","guid":{"rendered":"http:\/\/www.foment.com\/es\/seguretat-juridica-marc-regulador-ordenat-i-raonable\/"},"modified":"2017-01-25T17:23:37","modified_gmt":"2017-01-25T16:23:37","slug":"seguridad-juridica-marco-regulatorio-ordenado-y-razonable","status":"publish","type":"post","link":"https:\/\/www.foment.com\/es\/seguridad-juridica-marco-regulatorio-ordenado-y-razonable\/","title":{"rendered":"Seguridad Jur\u00eddica a partir de un marco regulatorio ordenado y razonable"},"content":{"rendered":"<section class=\"wpb-content-wrapper\"><p>[vc_row][vc_column width=\u00bb1\/1&#8243;][vc_column_text]El ministro de Justicia, Rafael Catal\u00e1, ha animado hoy en Barcelona durante su intervenci\u00f3n en la inauguraci\u00f3n de la jornada Justicia y fomento de la actividad econ\u00f3mica, organizada por Foment del Treball Nacional, a continuar con las transformaciones impulsadas en el Programa Nacional de reformas emprendido durante la \u00faltima legislatura para afianzar la seguridad jur\u00eddica alcanzada, que ha vuelto a Espa\u00f1a a la senda de la recuperaci\u00f3n y el crecimiento econ\u00f3mico. As\u00ed Catal\u00e1, que considera que <strong>la mayor seguridad jur\u00eddica de un pa\u00eds redunda en mayor potencial para atraer inversi\u00f3n y ser competitivo econ\u00f3micamente<\/strong>, ha defendido que el esfuerzo invertido durante los \u00faltimos a\u00f1os por la sociedad espa\u00f1ola no debe detenerse ahora, siendo necesario articular reformas tanto en la defensa y protecci\u00f3n del Estado de Derecho, como en la propia reforma de la Justicia.<\/p>\n<p>Por su parte, en la apertura de la jornada, el presidente del Foment del Treball, Joaquim Gay de Montell\u00e0, ha subrayado que <strong>\u00abse evidencia que el incremento de la competitividad de Espa\u00f1a a trav\u00e9s de una mejora de su sistema de Justicia no est\u00e1 asociado a una \u00fanica norma o medida, sino que el crecimiento econ\u00f3mico y la creaci\u00f3n de puestos de trabajo se ver\u00e1 estimulado sobre todo por aquello que contribuya a agilizar los tribunales\u00bb<\/strong>.[\/vc_column_text]<div class=\"spacer\" style=\"height: 20px;\"><\/div>[\/vc_column][\/vc_row][vc_row][vc_column width=\u00bb1\/2&#8243;]<div class=\"single_image wpb_content_element align-left    \" data-animation=\"none\" data-delay=\"0\"><a href=\"https:\/\/www.foment.com\/wp-content\/uploads\/2017\/01\/ministrec-catala-justicia-foment-activitat-economomica-3-news.jpg\" class=\"prettyPhoto\" rel=\"prettyPhoto[image]\"><img width=\"1236\" height=\"600\" src=\"https:\/\/www.foment.com\/wp-content\/uploads\/2017\/01\/ministrec-catala-justicia-foment-activitat-economomica-3-news.jpg\" class=\"attachment-full\" alt=\"\" loading=\"lazy\" title=\"ministrec-catala-justicia-foment-activitat-economomica-3-news\" \/><\/a><span class=\"single_image_caption\">El ministro Catal\u00e1 ha abierto la jorada sobre Justicia y fomento de la actividad econ\u00f3mica<\/span><\/div>[\/vc_column][vc_column width=\u00bb1\/2&#8243;][vc_column_text]<\/p>\n<blockquote><p>Si somos capaces de tener mejores leyes, m\u00e1s y mejores profesionales y utilizamos las nuevas tecnolog\u00edas -ha dicho el ministro-, conseguiremos una justicia m\u00e1s \u00e1gil, cercana y que responda con calidad e inmediatez a las necesidades de los ciudadanos. Este sistema de garant\u00edas, tiene un valor incalculable y es el medio para fortalecer nuestra econom\u00eda y atraer inversiones.<\/p><\/blockquote>\n<p>[\/vc_column_text][\/vc_column][\/vc_row][vc_row][vc_column width=\u00bb1\/1&#8243;]<div class=\"spacer\" style=\"height: 20px;\"><\/div>[vc_column_text]El ministro se ha mostrado convencido de que hay que mejorar la forma de hacer las leyes, aumentando la participaci\u00f3n de expertos y destinatarios y cuidando el lenguaje jur\u00eddico. Asimismo, aboga por buscar el sentido pr\u00e1ctico de las normas, aludiendo a la responsabilidad penal de las personas jur\u00eddicas y los programas de compliance, que sirven para reforzar las estructuras empresariales y conceden la oportunidad de conseguir un instrumento de control interno. Catal\u00e1 ha apuntado tambi\u00e9n a la necesidad de dotar de m\u00e1s medios materiales y humanos a la Justicia y en este sentido considera necesaria una mayor especializaci\u00f3n de los juzgados que les permita afrontar y agilizar los pleitos complejos.<\/p>\n<p>En la l\u00ednea de una mejor organizaci\u00f3n de los recursos disponibles, el ministro se refiri\u00f3 al proceso inexorable de digitalizaci\u00f3n de la Justicia. LexNet y el expediente judicial electr\u00f3nico han eliminado los tiempos muertos que se generan con un sistema de notificaciones en papel.<\/p>\n<p>Si somos capaces de tener mejores leyes, m\u00e1s y mejores profesionales y utilizamos las nuevas tecnolog\u00edas, ha dicho el ministro, conseguiremos una justicia m\u00e1s \u00e1gil, cercana y que responda con calidad e inmediatez a las necesidades de los ciudadanos. Este sistema de garant\u00edas, tiene un valor incalculable y es el medio para fortalecer nuestra econom\u00eda y atraer inversiones.<\/p>\n<p>En este sentido, el ministro se ha mostrado convencido de que la reforma de la Justicia, concebida como meta prioritaria, debe gozar del mayor consenso pol\u00edtico, institucional, profesional y social dentro de una Estrategia Nacional de Justicia que canalice las reformas de forma estructural.<\/p>\n<p>&nbsp;<\/p>\n<p>&nbsp;<\/p>\n<h3>Presentaci\u00f3n de los estudios elaborados por CEOE y el Consejo General de Economistas<\/h3>\n<p>Esta jornada la ha organizado el Fomento para analizar el impacto de la justicia sobre la actividad econ\u00f3mica a trav\u00e9s de la presentaci\u00f3n de dos estudios aparecidos bien recientemente: uno de la CEOE, titulado<em> Propuestas para potenciar el crecimiento econ\u00f3mico y mejorar la administraci\u00f3n de Justicia; <\/em>y otro del Consejo General de Economistas, titulado<em> Implicaciones econ\u00f3micas del funcionamiento de la justicia en Espa\u00f1a.<br \/>\n<\/em>[\/vc_column_text]<div class=\"spacer\" style=\"height: 20px;\"><\/div>[\/vc_column][\/vc_row][vc_row][vc_column width=\u00bb1\/2&#8243;]<div class=\"iconbox  iconbox-style-10 icon-color-accent color-dark clearfix\"><i class=\"fa fa-paperclip boxicon\" style=\"\"><\/i><h3>CEOE<\/h3><p><a href=\"http:\/\/www.foment.com\/wp-content\/uploads\/2017\/01\/FINAL-Diciembre-2016-Informe-Propuestas-Mejorar-Legisl-Admt-Justicia.pdf\">Propuestas para mejorar la legislaci\u00f3n y la Aministraci\u00f3n de Justicia<\/a><\/p><\/div>[\/vc_column][vc_column width=\u00bb1\/2&#8243;]<div class=\"iconbox  iconbox-style-10 icon-color-accent color-dark clearfix\"><i class=\"fa fa-paperclip boxicon\" style=\"\"><\/i><h3>Consejo General de Economistas<\/h3><p><a href=\"http:\/\/www.foment.com\/wp-content\/uploads\/2017\/01\/CGE-Estudio-Econom\u00eda-y-Justicia.pdf\" target=\"_blank\">Implicaciones econ\u00f3micas del funcionamiento de la Justicia en Espa\u00f1a<\/a><\/p><\/div>[\/vc_column][\/vc_row][vc_row][vc_column width=\u00bb1\/1&#8243;]<div class=\"spacer\" style=\"height: 20px;\"><\/div>[vc_column_text]Ambos estudios aportan claridad y asumen conclusiones rotundamente razonables. Por ejemplo, evidencian que la Administraci\u00f3n de Justicia en Espa\u00f1a tiene entre los ciudadanos m\u00e1s mala reputaci\u00f3n que lo que la realidad de los datos podr\u00eda sugerir. De este modo, comparando muchos par\u00e1metros con los est\u00e1ndares europeos, se ve que los de la Justicia espa\u00f1ola en muchos casos son homologables. Sin embargo, los informes evidencian que los \u00e1mbitos de mejora para una mayor competitividad son muchos, tambi\u00e9n en el \u00e1mbito legislativo: legislar menos y legislar mejor.[\/vc_column_text][\/vc_column][\/vc_row][vc_row][vc_column width=\u00bb1\/1&#8243;]<div class=\"spacer\" style=\"height: 40px;\"><\/div>[vc_raw_html]JTNDYSUyMGRhdGEtZmxpY2tyLWVtYmVkJTNEJTIydHJ1ZSUyMiUyMCUyMGhyZWYlM0QlMjJodHRwcyUzQSUyRiUyRnd3dy5mbGlja3IuY29tJTJGcGhvdG9zJTJGZm9tZW50ZGVsdHJlYmFsbCUyRmFsYnVtcyUyRjcyMTU3Njc1ODU4NjU5Njc0JTIyJTIwdGl0bGUlM0QlMjJKdXN0JUMzJUFEY2lhJTIwaSUyMGZvbWVudCUyMGRlJTIwbCVFMiU4MCU5OWFjdGl2aXRhdCUyMGVjb24lQzMlQjJtaWNhJTIyJTNFJTNDaW1nJTIwc3JjJTNEJTIyaHR0cHMlM0ElMkYlMkZjMS5zdGF0aWNmbGlja3IuY29tJTJGMSUyRjc0NSUyRjMyNTE1OTI0ODk1XzhjNDAwNTk2NDFfYy5qcGclMjIlMjB3aWR0aCUzRCUyMjgwMCUyMiUyMGhlaWdodCUzRCUyMjUzNCUyMiUyMGFsdCUzRCUyMkp1c3QlQzMlQURjaWElMjBpJTIwZm9tZW50JTIwZGUlMjBsJUUyJTgwJTk5YWN0aXZpdGF0JTIwZWNvbiVDMyVCMm1pY2ElMjIlM0UlM0MlMkZhJTNFJTNDc2NyaXB0JTIwYXN5bmMlMjBzcmMlM0QlMjIlMkYlMkZlbWJlZHIuZmxpY2tyLmNvbSUyRmFzc2V0cyUyRmNsaWVudC1jb2RlLmpzJTIyJTIwY2hhcnNldCUzRCUyMnV0Zi04JTIyJTNFJTNDJTJGc2NyaXB0JTNF[\/vc_raw_html][\/vc_column][\/vc_row]<\/p>\n<\/section>","protected":false},"excerpt":{"rendered":"<p>[vc_row][vc_column width=\u00bb1\/1&#8243;][vc_column_text]El ministro de Justicia, Rafael Catal\u00e1, ha animado hoy en Barcelona durante su intervenci\u00f3n en la inauguraci\u00f3n de la jornada Justicia y fomento de la actividad econ\u00f3mica, organizada por Foment del Treball Nacional, a continuar con las transformaciones impulsadas en el Programa Nacional de reformas emprendido durante la \u00faltima legislatura para afianzar la seguridad jur\u00eddica alcanzada, que ha vuelto a Espa\u00f1a a la senda de la recuperaci\u00f3n y el crecimiento econ\u00f3mico. As\u00ed Catal\u00e1, que considera que la mayor seguridad jur\u00eddica de un pa\u00eds redunda en mayor potencial para atraer inversi\u00f3n y ser competitivo econ\u00f3micamente, ha defendido que el esfuerzo invertido durante los \u00faltimos a\u00f1os por la sociedad espa\u00f1ola no debe detenerse ahora, siendo necesario articular reformas tanto en la defensa y protecci\u00f3n del Estado de Derecho, como en la propia reforma de la Justicia. Por su parte, en la apertura de la jornada, el presidente del Foment del Treball, Joaquim Gay de Montell\u00e0, ha subrayado que \u00abse evidencia que el incremento de la competitividad de Espa\u00f1a a trav\u00e9s de una mejora de su sistema de Justicia no est\u00e1 asociado a una \u00fanica norma o medida, sino que el crecimiento econ\u00f3mico y la creaci\u00f3n de puestos de trabajo se ver\u00e1 [&hellip;]<\/p>\n","protected":false},"author":24,"featured_media":29026,"comment_status":"closed","ping_status":"closed","sticky":false,"template":"","format":"standard","meta":{"_links_to":"","_links_to_target":""},"categories":[114,69],"tags":[273,276,277],"acf":[],"wps_subtitle":"Jornada en Foment sobre Justicia e impulso de la actividad econ\u00f3mica","_links":{"self":[{"href":"https:\/\/www.foment.com\/es\/wp-json\/wp\/v2\/posts\/29029"}],"collection":[{"href":"https:\/\/www.foment.com\/es\/wp-json\/wp\/v2\/posts"}],"about":[{"href":"https:\/\/www.foment.com\/es\/wp-json\/wp\/v2\/types\/post"}],"author":[{"embeddable":true,"href":"https:\/\/www.foment.com\/es\/wp-json\/wp\/v2\/users\/24"}],"replies":[{"embeddable":true,"href":"https:\/\/www.foment.com\/es\/wp-json\/wp\/v2\/comments?post=29029"}],"version-history":[{"count":0,"href":"https:\/\/www.foment.com\/es\/wp-json\/wp\/v2\/posts\/29029\/revisions"}],"wp:featuredmedia":[{"embeddable":true,"href":"https:\/\/www.foment.com\/es\/wp-json\/wp\/v2\/media\/29026"}],"wp:attachment":[{"href":"https:\/\/www.foment.com\/es\/wp-json\/wp\/v2\/media?parent=29029"}],"wp:term":[{"taxonomy":"category","embeddable":true,"href":"https:\/\/www.foment.com\/es\/wp-json\/wp\/v2\/categories?post=29029"},{"taxonomy":"post_tag","embeddable":true,"href":"https:\/\/www.foment.com\/es\/wp-json\/wp\/v2\/tags?post=29029"}],"curies":[{"name":"wp","href":"https:\/\/api.w.org\/{rel}","templated":true}]}}