{"id":29127,"date":"2016-05-12T13:55:26","date_gmt":"2016-05-12T11:55:26","guid":{"rendered":"http:\/\/www.foment.com\/es\/incentius-fiscals-rdi-tic-actual-oportunitats-cas-especial-software\/"},"modified":"2017-01-26T14:17:59","modified_gmt":"2017-01-26T13:17:59","slug":"incentius-fiscals-rdi-tic-actual-oportunitats-cas-especial-software","status":"publish","type":"post","link":"https:\/\/www.foment.com\/es\/incentius-fiscals-rdi-tic-actual-oportunitats-cas-especial-software\/","title":{"rendered":"Incentivos fiscales para la I+D+i en TIC: Estado actual y oportunidades. El caso especial del software"},"content":{"rendered":"<p>Foment del Treball ha acogido una jornada coorganizada por Ametic y F.Iniciativas: una nueva versi\u00f3n sobre los incentivos fiscales a la I+D+i, centrada principalmente en el sector TIC y en la nueva calificaci\u00f3n del software como I+D desde la perspectiva fiscal y del Impuesto de Sociedades.<\/p>\n<p>&nbsp;<\/p>\n<h3><strong>Innovaci\u00f3n Competitiva de Foment del Treball<\/strong><\/h3>\n<p>Foment del Treball, con el ciclo Innovaci\u00f3n Competitiva, ofrece un calendario de acciones presenciales dirigido al personal directivo y mandos intermedios de las empresas, para facilitar instrumentos para la mejora de la competitividad y adaptaci\u00f3n al cambio, incrementar el nivel de formaci\u00f3n de los profesionales de las empresas en el \u00e1mbito de la innovaci\u00f3n y las nuevas tecnolog\u00edas y favorecer el networking entre las empresas para propiciar un entorno de confianza de cara a posibles colaboraciones. En definitiva, Innovaci\u00f3n Competitiva pretende conseguir un entorno que ayude a las empresas a mejorar su nivel de competitividad especialmente en el \u00e1mbito de la I+D, innovaci\u00f3n y nuevas tecnolog\u00edas, haciendo uso de las redes sociales.<\/p>\n<p>&nbsp;<\/p>\n","protected":false},"excerpt":{"rendered":"<p>Foment del Treball ha acogido una jornada coorganizada por Ametic y F.Iniciativas: una nueva versi\u00f3n sobre los incentivos fiscales a la I+D+i, centrada principalmente en el sector TIC y en la nueva calificaci\u00f3n del software como I+D desde la perspectiva fiscal y del Impuesto de Sociedades. &nbsp; Innovaci\u00f3n Competitiva de Foment del Treball Foment del Treball, con el ciclo Innovaci\u00f3n Competitiva, ofrece un calendario de acciones presenciales dirigido al personal directivo y mandos intermedios de las empresas, para facilitar instrumentos para la mejora de la competitividad y adaptaci\u00f3n al cambio, incrementar el nivel de formaci\u00f3n de los profesionales de las empresas en el \u00e1mbito de la innovaci\u00f3n y las nuevas tecnolog\u00edas y favorecer el networking entre las empresas para propiciar un entorno de confianza de cara a posibles colaboraciones. En definitiva, Innovaci\u00f3n Competitiva pretende conseguir un entorno que ayude a las empresas a mejorar su nivel de competitividad especialmente en el \u00e1mbito de la I+D, innovaci\u00f3n y nuevas tecnolog\u00edas, haciendo uso de las redes sociales. &nbsp;<\/p>\n","protected":false},"author":24,"featured_media":29124,"comment_status":"closed","ping_status":"closed","sticky":false,"template":"","format":"standard","meta":{"_links_to":"","_links_to_target":""},"categories":[71],"tags":[286,285],"acf":[],"wps_subtitle":"Jornada coorganizada por Ametic y F.Iniciativas","_links":{"self":[{"href":"https:\/\/www.foment.com\/es\/wp-json\/wp\/v2\/posts\/29127"}],"collection":[{"href":"https:\/\/www.foment.com\/es\/wp-json\/wp\/v2\/posts"}],"about":[{"href":"https:\/\/www.foment.com\/es\/wp-json\/wp\/v2\/types\/post"}],"author":[{"embeddable":true,"href":"https:\/\/www.foment.com\/es\/wp-json\/wp\/v2\/users\/24"}],"replies":[{"embeddable":true,"href":"https:\/\/www.foment.com\/es\/wp-json\/wp\/v2\/comments?post=29127"}],"version-history":[{"count":0,"href":"https:\/\/www.foment.com\/es\/wp-json\/wp\/v2\/posts\/29127\/revisions"}],"wp:featuredmedia":[{"embeddable":true,"href":"https:\/\/www.foment.com\/es\/wp-json\/wp\/v2\/media\/29124"}],"wp:attachment":[{"href":"https:\/\/www.foment.com\/es\/wp-json\/wp\/v2\/media?parent=29127"}],"wp:term":[{"taxonomy":"category","embeddable":true,"href":"https:\/\/www.foment.com\/es\/wp-json\/wp\/v2\/categories?post=29127"},{"taxonomy":"post_tag","embeddable":true,"href":"https:\/\/www.foment.com\/es\/wp-json\/wp\/v2\/tags?post=29127"}],"curies":[{"name":"wp","href":"https:\/\/api.w.org\/{rel}","templated":true}]}}