{"id":29135,"date":"2016-05-26T14:16:36","date_gmt":"2016-05-26T12:16:36","guid":{"rendered":"http:\/\/www.foment.com\/es\/drons-situacio-actual-perspectives-daplicacio-empreses\/"},"modified":"2017-01-27T09:31:39","modified_gmt":"2017-01-27T08:31:39","slug":"drones-situacion-actual-perspectivas-aplicacion-empresas","status":"publish","type":"post","link":"https:\/\/www.foment.com\/es\/drones-situacion-actual-perspectivas-aplicacion-empresas\/","title":{"rendered":"Drones: Situaci\u00f3n actual y perspectivas de aplicaci\u00f3n en las empresas"},"content":{"rendered":"<p>Los drones, mezcla creativa de hardware, software y tecnolog\u00edas diversas, han pasado de ser unos dispositivos conocidos s\u00f3lo por especialistas en defensa, a inundar los medios con noticias de nuevas aplicaciones en campos tan distantes como el sector audiovisual, la agricultura o el mantenimiento entre muchas otras. A su alrededor est\u00e1 emergiendo un nuevo sector de actividad econ\u00f3mica con un gran impacto tanto en la industria como en los servicios, permitiendo incrementar la eficacia y eficiencia en actividades ya existentes, y posibilitando la aparici\u00f3n de otros de nuevo cu\u00f1o, antes impensables &#8230; y es s\u00f3lo el principio!<\/p>\n<p>En esta jornada nos aproximarse de una forma poli\u00e9drica a este sector emergente, a partir de la visi\u00f3n de constructores, prestadores de servicios espec\u00edficos con drones, empresas que utilizan los drones en sus actividades, expertos legales y creadores de talento, y, finalmente, se debati\u00f3 sobre su potencial para generar nuevos negocios e incrementar la competitividad de nuestro tejido empresarial.<\/p>\n<p>Durante la jornada contamos con la colaboraci\u00f3n de la Secretar\u00eda para la Gobernanza de las TIC, de la Generalitat de Catalunya y de la Universitat Polit\u00e8cnica de Catalunya.<\/p>\n<h3><strong>Innovaci\u00f3n Competitiva de Foment del Treball<\/strong><\/h3>\n<p>Foment del Treball, con el ciclo Innovaci\u00f3n Competitiva, ofrece un calendario de acciones presenciales dirigido al personal directivo y mandos intermedios de las empresas, para facilitar instrumentos para la mejora de la competitividad y adaptaci\u00f3n al cambio, incrementar el nivel de formaci\u00f3n de los profesionales de las empresas en el \u00e1mbito de la innovaci\u00f3n y las nuevas tecnolog\u00edas y favorecer el networking entre las empresas para propiciar un entorno de confianza de cara a posibles colaboraciones. En definitiva, Innovaci\u00f3n Competitiva pretende conseguir un entorno que ayude a las empresas a mejorar su nivel de competitividad especialmente en el \u00e1mbito de la I+D, innovaci\u00f3n y nuevas tecnolog\u00edas, haciendo uso de las redes sociales.<\/p>\n<p>&nbsp;<\/p>\n<p>&nbsp;<\/p>\n","protected":false},"excerpt":{"rendered":"<p>Los drones, mezcla creativa de hardware, software y tecnolog\u00edas diversas, han pasado de ser unos dispositivos conocidos s\u00f3lo por especialistas en defensa, a inundar los medios con noticias de nuevas aplicaciones en campos tan distantes como el sector audiovisual, la agricultura o el mantenimiento entre muchas otras. A su alrededor est\u00e1 emergiendo un nuevo sector de actividad econ\u00f3mica con un gran impacto tanto en la industria como en los servicios, permitiendo incrementar la eficacia y eficiencia en actividades ya existentes, y posibilitando la aparici\u00f3n de otros de nuevo cu\u00f1o, antes impensables &#8230; y es s\u00f3lo el principio! En esta jornada nos aproximarse de una forma poli\u00e9drica a este sector emergente, a partir de la visi\u00f3n de constructores, prestadores de servicios espec\u00edficos con drones, empresas que utilizan los drones en sus actividades, expertos legales y creadores de talento, y, finalmente, se debati\u00f3 sobre su potencial para generar nuevos negocios e incrementar la competitividad de nuestro tejido empresarial. Durante la jornada contamos con la colaboraci\u00f3n de la Secretar\u00eda para la Gobernanza de las TIC, de la Generalitat de Catalunya y de la Universitat Polit\u00e8cnica de Catalunya. Innovaci\u00f3n Competitiva de Foment del Treball Foment del Treball, con el ciclo Innovaci\u00f3n Competitiva, ofrece un [&hellip;]<\/p>\n","protected":false},"author":24,"featured_media":29131,"comment_status":"closed","ping_status":"closed","sticky":false,"template":"","format":"standard","meta":{"_links_to":"","_links_to_target":""},"categories":[71],"tags":[288,284],"acf":[],"wps_subtitle":"","_links":{"self":[{"href":"https:\/\/www.foment.com\/es\/wp-json\/wp\/v2\/posts\/29135"}],"collection":[{"href":"https:\/\/www.foment.com\/es\/wp-json\/wp\/v2\/posts"}],"about":[{"href":"https:\/\/www.foment.com\/es\/wp-json\/wp\/v2\/types\/post"}],"author":[{"embeddable":true,"href":"https:\/\/www.foment.com\/es\/wp-json\/wp\/v2\/users\/24"}],"replies":[{"embeddable":true,"href":"https:\/\/www.foment.com\/es\/wp-json\/wp\/v2\/comments?post=29135"}],"version-history":[{"count":0,"href":"https:\/\/www.foment.com\/es\/wp-json\/wp\/v2\/posts\/29135\/revisions"}],"wp:featuredmedia":[{"embeddable":true,"href":"https:\/\/www.foment.com\/es\/wp-json\/wp\/v2\/media\/29131"}],"wp:attachment":[{"href":"https:\/\/www.foment.com\/es\/wp-json\/wp\/v2\/media?parent=29135"}],"wp:term":[{"taxonomy":"category","embeddable":true,"href":"https:\/\/www.foment.com\/es\/wp-json\/wp\/v2\/categories?post=29135"},{"taxonomy":"post_tag","embeddable":true,"href":"https:\/\/www.foment.com\/es\/wp-json\/wp\/v2\/tags?post=29135"}],"curies":[{"name":"wp","href":"https:\/\/api.w.org\/{rel}","templated":true}]}}