{"id":29578,"date":"2017-02-06T10:20:10","date_gmt":"2017-02-06T09:20:10","guid":{"rendered":"http:\/\/www.foment.com\/es\/empresaris-regions-mes-industrialitzades-deuropa-esperen-desplegament-rapid-corredor-mediterrani%e2%80%8b\/"},"modified":"2017-02-06T11:30:13","modified_gmt":"2017-02-06T10:30:13","slug":"empresarios-regiones-mas-industrializadas-europa-esperan-despliegue-rapid-corredor-mediterrane%e2%80%8bo","status":"publish","type":"post","link":"https:\/\/www.foment.com\/es\/empresarios-regiones-mas-industrializadas-europa-esperan-despliegue-rapid-corredor-mediterrane%e2%80%8bo\/","title":{"rendered":"Los empresarios de las regiones m\u00e1s industrializadas de Europa esperan el despliegue r\u00e1pido del Corredor Mediterr\u00e1neo"},"content":{"rendered":"<section class=\"wpb-content-wrapper\"><p>[vc_row][vc_column width=\u00bb1\/1&#8243;][vc_column_text]<\/p>\n<div class=\"wpb_row vc_row-fluid standard-section section section-no-parallax stretch \" data-speed=\"1\">\n<div class=\"col span_12 color-dark left\">\n<div class=\"vc_col-sm-12 wpb_column column_container col no-padding color-dark\" data-animation=\"\" data-delay=\"\">\n<div class=\"wpb_wrapper\">\n<div>Las principales organizaciones empresariales de las regiones m\u00e1s industrializadas de Europa -entre las que se encuentra Foment del Treball- han valorado hoy la importancia del Corredor Mediterr\u00e1neo en la red europea de transporte y han confiado en que su desarrollo sea lo m\u00e1s r\u00e1pido posible. Estas organizaciones empresariales, agrupadas en el foro Fodere, consideran el Corredor Mediterr\u00e1neo \u00abuna infraestructura clave para la competitividad de la econom\u00eda europea para que estrecha la conexi\u00f3n de los grandes polos de actividad en Europa, desde Barcelona a Kiev\u00bb. El Fodere (Foro para el Desarrollo Empresarial de las Regiones m\u00e1s Industrializadas de Europa) ha celebrado hoy en Barcelona, en la sede del Foment, su encuentro anual. Por parte de Foment, ha participado el presidente, Joaquim Gay de Montell\u00e0, el secretario general, Joan Pujol, y el director de internacional, David Tornos. El Fodere es el Foro para el Desarrollo Empresarial de las Regiones m\u00e1s Industrializadas de Europa, que re\u00fane a las patronales del Piamonte, Suiza Romanda, Baden-W\u00fcrttemberg, Rh\u00f4ne-Alpes y Catalu\u00f1a.<\/div>\n<div><\/div>\n<h3><strong>Reuni\u00f3n con el Ministro Nadal<\/strong><\/h3>\n<div>Los miembro del Fodere elaboran an\u00e1lisis y diagnosis conjuntos, de manera peri\u00f3dica, para alinear sus posicionamientos en el contexto europeo. Por ejemplo, uno de los puntos constantes en los \u00faltimos a\u00f1os es la gesti\u00f3n energ\u00e9tica y su impacto sobre la competitividad empresarial, punto en el que han formulado propuestas concretas que pasan por ubicar la competitividad de las empresas en el centro de las decisiones a fin de no influir en el coste de la energ\u00eda o garantizar una mayor coherencia de las pol\u00edticas de la UE en materia de energ\u00eda, incluida una reforma del mercado de carb\u00f3n, la introducci\u00f3n de un mercado de capacidad para garantizar la rentabilidad de las plantas de energ\u00eda y la financiaci\u00f3n de las energ\u00edas renovables. Es por ello, que a lo largo de hoy mantendr\u00e1n un encuentro con el Ministro de Energ\u00eda, Turismo y Agenda Digital del Gobierno, <strong>\u00c1lvaro Nadal<\/strong>.<\/div>\n<\/div>\n<\/div>\n<\/div>\n<\/div>\n<p>[\/vc_column_text]<div class=\"spacer\" style=\"height: 20px;\"><\/div>[\/vc_column][\/vc_row][vc_row][vc_column width=\u00bb1\/2&#8243;]<div class=\"spacer\" style=\"height: 20px;\"><\/div>[vc_column_text]<\/p>\n<blockquote><p>\u00abEl Corredor Mediterr\u00e1neo es una infraestructura clave para la competitividad de la econom\u00eda europea para que estrecha la conexi\u00f3n de los grandes polos de actividad en Europa, desde Barcelona a Kiev\u00bb<\/p><\/blockquote>\n<p>[\/vc_column_text][\/vc_column][vc_column width=\u00bb1\/2&#8243;]<div class=\"single_image wpb_content_element align-left    \" data-animation=\"none\" data-delay=\"0\"><a href=\"https:\/\/www.foment.com\/wp-content\/uploads\/2017\/02\/Fomen-Fodere-1.jpg\" class=\"prettyPhoto\" rel=\"prettyPhoto[image]\"><img width=\"2500\" height=\"1695\" src=\"https:\/\/www.foment.com\/wp-content\/uploads\/2017\/02\/Fomen-Fodere-1.jpg\" class=\"attachment-full\" alt=\"\" loading=\"lazy\" title=\"fomen-fodere-1\" \/><\/a><\/div>[\/vc_column][\/vc_row][vc_row][vc_column width=\u00bb1\/1&#8243;]<div class=\"spacer\" style=\"height: 40px;\"><\/div>[vc_column_text]<\/p>\n<div class=\"wpb_row vc_row-fluid standard-section section section-no-parallax stretch \" data-speed=\"1\">\n<div class=\"col span_12 color-dark left\">\n<div class=\"vc_col-sm-12 wpb_column column_container col no-padding color-dark\" data-animation=\"\" data-delay=\"\">\n<div class=\"wpb_wrapper\">\n<div>\n<h3>Preocupaci\u00f3n por los populismos<\/h3>\n<div>Asimismo, las patronales de las cinco regiones m\u00e1s industrializadas de Europa mantienen a lo largo de los \u00faltimos a\u00f1os su preocupaci\u00f3n por la pujanza de movimientos nacionalistas y populistas que generan inestabilidad pol\u00edtica y da\u00f1an la d\u00e9bil recuperaci\u00f3n de las econom\u00edas europeas. En este sentido, se han mostrado preocupados por los efectos del Brexit sobre las econom\u00edas europeas y del impacto global de la pol\u00edtica econ\u00f3mica que plantea el nuevo presidente de los EEUU, Donald Trump y la situaci\u00f3n en que queda el TTIP, acuerdo al que estas organizaciones dan pleno apoyo. Asimismo, los l\u00edderes de las patronales de las cinco regiones m\u00e1s industrializadas de Europa han clamado por una pol\u00edtica europea com\u00fan en cuanto a inmigraci\u00f3n.<\/div>\n<\/div>\n<\/div>\n<\/div>\n<\/div>\n<\/div>\n<p>[\/vc_column_text]<div class=\"spacer\" style=\"height: 20px;\"><\/div>[\/vc_column][\/vc_row][vc_row][vc_column width=\u00bb1\/1&#8243;][vc_column_text]<\/p>\n<h3><strong><a href=\"http:\/\/www.foment.com\/wp-content\/uploads\/2017\/02\/Fomen-Fodere-2.jpg\"><img loading=\"lazy\" class=\"alignleft wp-image-29563\" src=\"http:\/\/www.foment.com\/wp-content\/uploads\/2017\/02\/Fomen-Fodere-2.jpg\" alt=\"fomen-fodere-2\" width=\"510\" height=\"297\" \/><\/a><\/strong><strong>Trabajo coordinado en un mercado com\u00fan<\/strong><\/h3>\n<p>El Fodere fue creado en 1987 por iniciativa de la Uni\u00f3n Patronal del R\u00f3dano-Alpes con la intenci\u00f3n de reunir las organizaciones patronales de las cinco regiones m\u00e1s din\u00e1micas e industrializadas de Europa y m\u00e1s entrelazadas geogr\u00e1ficamente. Los representantes empresariales vieron la oportunidad de trabajar a\u00fan m\u00e1s coordinados con la puesta en funcionamiento del mercado \u00fanico europeo y la previsi\u00f3n de las entonces futuras moneda \u00fanica (euro) y ampliaci\u00f3n de los estados miembros de la Uni\u00f3n Europea. Forman parte actualmente Confindustria Piemonte, F\u00e9d\u00e9ration des Entreprises Romandes Gen\u00e8ve (FER-Gen\u00e8ve), Landesverband der Baden\u2010W\u00fcrttembergischen Industrie eV, Landesvereinigung Baden\u2010W\u00fcrttembergischer Arbeitgeberverbande eV, Mouvement des Entreprises de France \u2013 MEDEF\u2010Rh\u00f4ne\u2010Alpes, y Foment del Treball Nacional.<\/p>\n<p>La presidencia del Fodere cambia cada a\u00f1o de manera rotatoria entre todos los miembros que forman parte de \u00e9l. La presidencia del Fodere ha reca\u00eddo en Foment del Treball Nacional los a\u00f1os 1990, 1995, 2000, 2005 y 2011. Por otra parte, Foment ha ejercido la <a href=\"https:\/\/www.foment.com\/es\/las-patronales-las-cinco-regiones-mas-industriales-europa-preocupadas-ascenso-nacionalismos-populismos\/\">Secretar\u00eda Ejecutiva permanente<\/a> del Foro desde el a\u00f1o 2012[\/vc_column_text][\/vc_column][\/vc_row]<\/p>\n<\/section>","protected":false},"excerpt":{"rendered":"<p>[vc_row][vc_column width=\u00bb1\/1&#8243;][vc_column_text] Las principales organizaciones empresariales de las regiones m\u00e1s industrializadas de Europa -entre las que se encuentra Foment del Treball- han valorado hoy la importancia del Corredor Mediterr\u00e1neo en la red europea de transporte y han confiado en que su desarrollo sea lo m\u00e1s r\u00e1pido posible. Estas organizaciones empresariales, agrupadas en el foro Fodere, consideran el Corredor Mediterr\u00e1neo \u00abuna infraestructura clave para la competitividad de la econom\u00eda europea para que estrecha la conexi\u00f3n de los grandes polos de actividad en Europa, desde Barcelona a Kiev\u00bb. El Fodere (Foro para el Desarrollo Empresarial de las Regiones m\u00e1s Industrializadas de Europa) ha celebrado hoy en Barcelona, en la sede del Foment, su encuentro anual. Por parte de Foment, ha participado el presidente, Joaquim Gay de Montell\u00e0, el secretario general, Joan Pujol, y el director de internacional, David Tornos. El Fodere es el Foro para el Desarrollo Empresarial de las Regiones m\u00e1s Industrializadas de Europa, que re\u00fane a las patronales del Piamonte, Suiza Romanda, Baden-W\u00fcrttemberg, Rh\u00f4ne-Alpes y Catalu\u00f1a. Reuni\u00f3n con el Ministro Nadal Los miembro del Fodere elaboran an\u00e1lisis y diagnosis conjuntos, de manera peri\u00f3dica, para alinear sus posicionamientos en el contexto europeo. Por ejemplo, uno de los puntos constantes en los [&hellip;]<\/p>\n","protected":false},"author":24,"featured_media":29559,"comment_status":"closed","ping_status":"closed","sticky":false,"template":"","format":"standard","meta":{"_links_to":"","_links_to_target":""},"categories":[114,112,72],"tags":[233,309,310],"acf":[],"wps_subtitle":"Foment convoca en Barcelona el Fodere: el foro que re\u00fane las patronales de las patronales del Piamonte, Suiza Romanda, Baden-W\u00fcrttemberg, Rh\u00f4ne-Alpes y Catalu\u00f1a","_links":{"self":[{"href":"https:\/\/www.foment.com\/es\/wp-json\/wp\/v2\/posts\/29578"}],"collection":[{"href":"https:\/\/www.foment.com\/es\/wp-json\/wp\/v2\/posts"}],"about":[{"href":"https:\/\/www.foment.com\/es\/wp-json\/wp\/v2\/types\/post"}],"author":[{"embeddable":true,"href":"https:\/\/www.foment.com\/es\/wp-json\/wp\/v2\/users\/24"}],"replies":[{"embeddable":true,"href":"https:\/\/www.foment.com\/es\/wp-json\/wp\/v2\/comments?post=29578"}],"version-history":[{"count":0,"href":"https:\/\/www.foment.com\/es\/wp-json\/wp\/v2\/posts\/29578\/revisions"}],"wp:featuredmedia":[{"embeddable":true,"href":"https:\/\/www.foment.com\/es\/wp-json\/wp\/v2\/media\/29559"}],"wp:attachment":[{"href":"https:\/\/www.foment.com\/es\/wp-json\/wp\/v2\/media?parent=29578"}],"wp:term":[{"taxonomy":"category","embeddable":true,"href":"https:\/\/www.foment.com\/es\/wp-json\/wp\/v2\/categories?post=29578"},{"taxonomy":"post_tag","embeddable":true,"href":"https:\/\/www.foment.com\/es\/wp-json\/wp\/v2\/tags?post=29578"}],"curies":[{"name":"wp","href":"https:\/\/api.w.org\/{rel}","templated":true}]}}