{"id":29616,"date":"2017-02-06T16:58:01","date_gmt":"2017-02-06T15:58:01","guid":{"rendered":"http:\/\/www.foment.com\/es\/?p=29616"},"modified":"2017-02-06T16:58:38","modified_gmt":"2017-02-06T15:58:38","slug":"ministro-nadal-para-seguir-siendo-las-regiones-mas-industrializadas-europa-debemos-introducir-mundo-digital-diseno-producto-gestion-y-produccion","status":"publish","type":"post","link":"https:\/\/www.foment.com\/es\/ministro-nadal-para-seguir-siendo-las-regiones-mas-industrializadas-europa-debemos-introducir-mundo-digital-diseno-producto-gestion-y-produccion\/","title":{"rendered":"Ministro Nadal: \u00abpara seguir siendo una de las regiones m\u00e1s industrializadas de Europa debemos introducir el mundo digital en el dise\u00f1o de producto, de gesti\u00f3n y de producci\u00f3n\u00bb"},"content":{"rendered":"<section class=\"wpb-content-wrapper\"><p>[vc_row][vc_column width=\u00bb1\/1&#8243;][vc_column_text](Foment\/Europa Press)<\/p>\n<p>El ministro de Energ\u00eda,Turismo y Agenda Digital, \u00c1lvaro Nadal, ha subrayado este lunes que las regiones m\u00e1s industrializadas de Europa, entre las que se encuentra Catalu\u00f1a, deben impulsar su digitalizaci\u00f3n para mantener su rol, ya que ha asegurado que es imprescindible introducir el mundo digital en el dise\u00f1o de productos, de gesti\u00f3n y de producci\u00f3n. El Ministro Nadal ha participado en la <a href=\"https:\/\/www.foment.com\/es\/empresarios-regiones-mas-industrializadas-europa-esperan-despliegue-rapid-corredor-mediterrane%e2%80%8bo\/\">reuni\u00f3n anual del Fodere<\/a>, el Foro para el Desarrollo Empresarial de las Regiones m\u00e1s Industrializadas de Europa, que re\u00fane a las patronales del Piamonte, Suiza Romanda, Baden-W\u00fcrttemberg, Rh\u00f4ne-Alpes y Catalu\u00f1a.[\/vc_column_text]<div class=\"spacer\" style=\"height: 20px;\"><\/div><div class=\"video-embed  wpb_content_element\"><iframe title=\"El Ministro Nadal en Foment. La revoluci\u00f3n digital\" width=\"1161\" height=\"653\" src=\"https:\/\/www.youtube.com\/embed\/h-8rqWfusDU?feature=oembed\" frameborder=\"0\" allow=\"accelerometer; autoplay; clipboard-write; encrypted-media; gyroscope; picture-in-picture; web-share\" referrerpolicy=\"strict-origin-when-cross-origin\" allowfullscreen><\/iframe><\/div><div class=\"spacer\" style=\"height: 20px;\"><\/div>[vc_column_text]Nadal ha alertado de que en Europa hay un retraso en el desarrollo de plataformas digitales, y ha considerado que las empresas del continente tienen la posibilidad de volver a liderar en muchos \u00e1mbitos de los servicios p\u00fablicos, ya que los pa\u00edses europeos son los que tienen un mejor conocimiento y mejor gesti\u00f3n del Estado del Bienestar. Ha puesto como ejemplo la digitalizaci\u00f3n y la introducci\u00f3n de inteligencia artificial en \u00e1mbitos como la sanidad y los servicios sociales, adem\u00e1s tambi\u00e9n de la manufactura, a trav\u00e9s del concepto de industria 4.0, que ha recordado que acu\u00f1\u00f3 e impuls\u00f3 el Gobierno alem\u00e1n.[\/vc_column_text]<div class=\"spacer\" style=\"height: 20px;\"><\/div><div class=\"single_image wpb_content_element align-left    \" data-animation=\"none\" data-delay=\"0\"><a href=\"https:\/\/www.foment.com\/wp-content\/uploads\/2017\/02\/Nadal-Fodere-1.jpg\" class=\"prettyPhoto\" rel=\"prettyPhoto[image]\"><img width=\"1024\" height=\"581\" src=\"https:\/\/www.foment.com\/wp-content\/uploads\/2017\/02\/Nadal-Fodere-1.jpg\" class=\"attachment-large\" alt=\"\" loading=\"lazy\" title=\"nadal-fodere-1\" \/><\/a><\/div>[\/vc_column][\/vc_row]<\/p>\n<\/section>","protected":false},"excerpt":{"rendered":"<p>[vc_row][vc_column width=\u00bb1\/1&#8243;][vc_column_text](Foment\/Europa Press) El ministro de Energ\u00eda,Turismo y Agenda Digital, \u00c1lvaro Nadal, ha subrayado este lunes que las regiones m\u00e1s industrializadas de Europa, entre las que se encuentra Catalu\u00f1a, deben impulsar su digitalizaci\u00f3n para mantener su rol, ya que ha asegurado que es imprescindible introducir el mundo digital en el dise\u00f1o de productos, de gesti\u00f3n y de producci\u00f3n. El Ministro Nadal ha participado en la reuni\u00f3n anual del Fodere, el Foro para el Desarrollo Empresarial de las Regiones m\u00e1s Industrializadas de Europa, que re\u00fane a las patronales del Piamonte, Suiza Romanda, Baden-W\u00fcrttemberg, Rh\u00f4ne-Alpes y Catalu\u00f1a.[\/vc_column_text][vc_column_text]Nadal ha alertado de que en Europa hay un retraso en el desarrollo de plataformas digitales, y ha considerado que las empresas del continente tienen la posibilidad de volver a liderar en muchos \u00e1mbitos de los servicios p\u00fablicos, ya que los pa\u00edses europeos son los que tienen un mejor conocimiento y mejor gesti\u00f3n del Estado del Bienestar. Ha puesto como ejemplo la digitalizaci\u00f3n y la introducci\u00f3n de inteligencia artificial en \u00e1mbitos como la sanidad y los servicios sociales, adem\u00e1s tambi\u00e9n de la manufactura, a trav\u00e9s del concepto de industria 4.0, que ha recordado que acu\u00f1\u00f3 e impuls\u00f3 el Gobierno alem\u00e1n.[\/vc_column_text][\/vc_column][\/vc_row]<\/p>\n","protected":false},"author":24,"featured_media":29620,"comment_status":"closed","ping_status":"closed","sticky":false,"template":"","format":"standard","meta":{"_links_to":"","_links_to_target":""},"categories":[114,70,71],"tags":[311,312],"acf":[],"wps_subtitle":"El Ministro de Energ\u00eda, Turismo y Agenda Digital participa en Barcelona en la asamblea anual del Fodere, foro que re\u00fane las patronals de las cinco regiones m\u00e1s industrializadas de Europa, entre las cuales Foment","_links":{"self":[{"href":"https:\/\/www.foment.com\/es\/wp-json\/wp\/v2\/posts\/29616"}],"collection":[{"href":"https:\/\/www.foment.com\/es\/wp-json\/wp\/v2\/posts"}],"about":[{"href":"https:\/\/www.foment.com\/es\/wp-json\/wp\/v2\/types\/post"}],"author":[{"embeddable":true,"href":"https:\/\/www.foment.com\/es\/wp-json\/wp\/v2\/users\/24"}],"replies":[{"embeddable":true,"href":"https:\/\/www.foment.com\/es\/wp-json\/wp\/v2\/comments?post=29616"}],"version-history":[{"count":0,"href":"https:\/\/www.foment.com\/es\/wp-json\/wp\/v2\/posts\/29616\/revisions"}],"wp:featuredmedia":[{"embeddable":true,"href":"https:\/\/www.foment.com\/es\/wp-json\/wp\/v2\/media\/29620"}],"wp:attachment":[{"href":"https:\/\/www.foment.com\/es\/wp-json\/wp\/v2\/media?parent=29616"}],"wp:term":[{"taxonomy":"category","embeddable":true,"href":"https:\/\/www.foment.com\/es\/wp-json\/wp\/v2\/categories?post=29616"},{"taxonomy":"post_tag","embeddable":true,"href":"https:\/\/www.foment.com\/es\/wp-json\/wp\/v2\/tags?post=29616"}],"curies":[{"name":"wp","href":"https:\/\/api.w.org\/{rel}","templated":true}]}}