{"id":35012,"date":"2017-04-28T17:10:16","date_gmt":"2017-04-28T15:10:16","guid":{"rendered":"http:\/\/www.foment.com\/es\/?p=35012"},"modified":"2017-05-19T09:23:55","modified_gmt":"2017-05-19T07:23:55","slug":"28-abril-2017-dia-internacional","status":"publish","type":"post","link":"https:\/\/www.foment.com\/es\/28-abril-2017-dia-internacional\/","title":{"rendered":"28 de abril de 2017. D\u00eda internacional de la seguridad y salud en el trabajo."},"content":{"rendered":"<section class=\"wpb-content-wrapper\"><p>[vc_row][vc_column][vc_column_text]<\/p>\n<p style=\"text-align: justify;\">El\u00a0Departament de Treball, Afers Socials i Fam\u00edlies y las organizaciones patronales y sindicales m\u00e1s representativas de Catalu\u00f1a, cada 28 de abril conmemoran el D\u00eda Internacional de la Seguridad y Salud en el Trabajo, con la edici\u00f3n del cartel premiado en el concurso de carteles \u00abLa prevenci\u00f3, un valor segur\u00bb.<\/p>\n<p style=\"text-align: justify;\">Para la conmemoraci\u00f3n del 28 de abril de 2017, se ha seleccionado el cartel de la alumna L\u00eddia Olmo Batlle, de la Escola d&#8217;Art i Disseny Illa, de Sabadell.<\/p>\n<p>[\/vc_column_text][\/vc_column][\/vc_row][vc_row][vc_column width=\u00bb1\/1&#8243;]<div class=\"single_image wpb_content_element align-center   image_tilt \" data-animation=\"none\" data-delay=\"0\"><a href=\"http:\/\/treball.gencat.cat\/web\/.content\/09_-_seguretat_i_salut_laboral\/imatges\/09_-_promocio_i_campanyes\/2017\/28_abril\/2016-3r_commemoratiu-BAIXA-QUALITAT.pdf\" target=\"_blank\"><img width=\"183\" height=\"300\" src=\"https:\/\/www.foment.com\/wp-content\/uploads\/2017\/05\/PRL_2_01.png\" class=\"attachment-medium\" alt=\"28 abril puzle\" loading=\"lazy\" title=\"PRL_2_01\" \/><\/a><\/div>[vc_column_text]<\/p>\n<p style=\"text-align: center;\"><a href=\"http:\/\/treball.gencat.cat\/web\/.content\/09_-_seguretat_i_salut_laboral\/imatges\/09_-_promocio_i_campanyes\/2017\/28_abril\/2016-3r_commemoratiu-BAIXA-QUALITAT.pdf\">Descargar<\/a> cartel conmemorativo del d\u00eda 28 de abril de 2017<\/p>\n<p>[\/vc_column_text][\/vc_column][\/vc_row]<\/p>\n<\/section>","protected":false},"excerpt":{"rendered":"<p>[vc_row][vc_column][vc_column_text] El\u00a0Departament de Treball, Afers Socials i Fam\u00edlies y las organizaciones patronales y sindicales m\u00e1s representativas de Catalu\u00f1a, cada 28 de abril conmemoran el D\u00eda Internacional de la Seguridad y Salud en el Trabajo, con la edici\u00f3n del cartel premiado en el concurso de carteles \u00abLa prevenci\u00f3, un valor segur\u00bb. Para la conmemoraci\u00f3n del 28 de abril de 2017, se ha seleccionado el cartel de la alumna L\u00eddia Olmo Batlle, de la Escola d&#8217;Art i Disseny Illa, de Sabadell. [\/vc_column_text][\/vc_column][\/vc_row][vc_row][vc_column width=\u00bb1\/1&#8243;][vc_column_text] Descargar cartel conmemorativo del d\u00eda 28 de abril de 2017 [\/vc_column_text][\/vc_column][\/vc_row]<\/p>\n","protected":false},"author":15,"featured_media":35027,"comment_status":"closed","ping_status":"closed","sticky":false,"template":"","format":"standard","meta":{"_links_to":"","_links_to_target":""},"categories":[216],"tags":[560,435],"acf":[],"wps_subtitle":"La prevenci\u00f3n la pieza que necesitas.","_links":{"self":[{"href":"https:\/\/www.foment.com\/es\/wp-json\/wp\/v2\/posts\/35012"}],"collection":[{"href":"https:\/\/www.foment.com\/es\/wp-json\/wp\/v2\/posts"}],"about":[{"href":"https:\/\/www.foment.com\/es\/wp-json\/wp\/v2\/types\/post"}],"author":[{"embeddable":true,"href":"https:\/\/www.foment.com\/es\/wp-json\/wp\/v2\/users\/15"}],"replies":[{"embeddable":true,"href":"https:\/\/www.foment.com\/es\/wp-json\/wp\/v2\/comments?post=35012"}],"version-history":[{"count":0,"href":"https:\/\/www.foment.com\/es\/wp-json\/wp\/v2\/posts\/35012\/revisions"}],"wp:featuredmedia":[{"embeddable":true,"href":"https:\/\/www.foment.com\/es\/wp-json\/wp\/v2\/media\/35027"}],"wp:attachment":[{"href":"https:\/\/www.foment.com\/es\/wp-json\/wp\/v2\/media?parent=35012"}],"wp:term":[{"taxonomy":"category","embeddable":true,"href":"https:\/\/www.foment.com\/es\/wp-json\/wp\/v2\/categories?post=35012"},{"taxonomy":"post_tag","embeddable":true,"href":"https:\/\/www.foment.com\/es\/wp-json\/wp\/v2\/tags?post=35012"}],"curies":[{"name":"wp","href":"https:\/\/api.w.org\/{rel}","templated":true}]}}