{"id":35444,"date":"2017-05-23T12:44:52","date_gmt":"2017-05-23T10:44:52","guid":{"rendered":"http:\/\/www.foment.com\/es\/foment-reclama-que-negocii-industria-reforma-estructural-politica-energetica\/"},"modified":"2017-05-23T12:57:15","modified_gmt":"2017-05-23T10:57:15","slug":"foment-reclama-que-se-negocie-industria-reforma-estructural-politica-energetica","status":"publish","type":"post","link":"https:\/\/www.foment.com\/es\/foment-reclama-que-se-negocie-industria-reforma-estructural-politica-energetica\/","title":{"rendered":"Foment  reclama que se negocie con la industria una reforma estructural de la pol\u00edtica energ\u00e9tica"},"content":{"rendered":"<section class=\"wpb-content-wrapper\"><p>[vc_row][vc_column width=\u00bb1\/1&#8243;][vc_column_text]El Comit\u00e9 Ejecutivo de Foment del Treball considera que el Gobierno debe adoptar decisiones de pol\u00edtica energ\u00e9tica enfocadas a la mejora de la competitividad de la industria e iniciar una negociaci\u00f3n urgente para avanzar en la reforma y desarrollo de una pol\u00edtica energ\u00e9tica que resuelva los graves problemas que sufre el sector industrial catal\u00e1n -y tambi\u00e9n espa\u00f1ol- como consecuencia de los elevados costes de la energ\u00eda. La industria sufre una acelerada p\u00e9rdida de competitividad en relaci\u00f3n a los principales pa\u00edses europeos.<\/p>\n<p>Foment consider\u00f3 a trav\u00e9s de su Comit\u00e9 Ejecutivo que m\u00e1s all\u00e1 de adoptar soluciones territoriales sobre tarifas en funci\u00f3n de ciertas aritm\u00e9ticas pol\u00edticas, es irrenunciable que el gobierno considere el conjunto del sector industrial espa\u00f1ol y estructure las reformas siguiendo criterios objetivos, transparentes y uniformes en el territorio. En consecuencia es necesaria una revisi\u00f3n general de la tarifa el\u00e9ctrica de acceso, siguiendo el reciente pacto presupuestario, y con el objetivo de asegurar el mismo marco de competitividad en las industrias de todo el pa\u00eds.<\/p>\n<p>En este sentido, Foment del Treball recuerda el peso industrial de Catalunya respecto al conjunto del Estado y destaca la incidencia que adem\u00e1s tiene en determinados sectores como el qu\u00edmico. El punto de partida de la negociaci\u00f3n de largo alcance que Foment propone se estructura en torno a tres cuestiones:<\/p>\n<p>A.-<strong>Impulsar el desarrollo legislativo de esquema de redes cerradas<\/strong>, de modo que sea posible compartir infraestructuras de conexi\u00f3n el\u00e9ctrica para incrementar de forma notable la eficiencia en los costes y ser capaz de atraer nuevas inversiones industriales.<\/p>\n<p>B.-Iniciar de manera inmediata con el Gobierno la negociaci\u00f3n para que el sector de la cogeneraci\u00f3n ampl\u00ede la vida \u00fatil de las instalaciones, conocido como el <strong>Plan Renove de la Cogeneraci\u00f3n<\/strong>.<\/p>\n<p>C.-<strong>Impulsar la valorizaci\u00f3n energ\u00e9tica de los residuos<\/strong>, de modo que los propios residuos industriales sean la materia prima que cubra parte de sus necesidades energ\u00e9ticas.[\/vc_column_text]<div class=\"spacer\" style=\"height: 30px;\"><\/div>[\/vc_column][\/vc_row][vc_row bg_color=\u00bb#f9f9f9&#8243;][vc_column width=\u00bb1\/1&#8243;]<div class=\"iconbox  wpb_content_element iconbox-style-3 icon-color-accent color-dark\"><i class=\"fa fa-battery-three-quarters  boxicon\" style=\"\"><\/i><h3>Dec\u00e1logo para una industria m\u00e1s competitiva<\/h3><p>1.-Orientar la pol\u00edtica energ\u00e9tica con mayor acento en la demanda industrial.<\/p>\n<p>2.-Garantizar la seguridad jur\u00eddica, otorgando estabilidad y coherencia a la toma de decisiones en materia de pol\u00edtica energ\u00e9tica.<\/p>\n<p>3.- Estimular los mercados de gas y electricidad.<\/p>\n<p>4.- Avanzar en el mercado \u00fanico energ\u00e9tico asegurando la transposici\u00f3n y cumplimiento de las directivas pendientes.<\/p>\n<p>5.-Reconocimiento en la tarifa de los esfuerzos del consumidor industrial en t\u00e9rminos de eficiencia energ\u00e9tica y perfil de consumo.<\/p>\n<p>6.-Revisi\u00f3n de la fiscalidad actual sobre la energ\u00eda, evitando la doble imposici\u00f3n y eliminando las cargas fiscales.<\/p>\n<p>7.- Revisar con realismo el papel de la energ\u00eda nuclear y del gas de esquisto en el mix energ\u00e9tico.<\/p>\n<p>8.-Replanteamiento y ajuste de la funci\u00f3n de la cogeneraci\u00f3n a la realidad industrial y a su funci\u00f3n de aporte a la eficiencia de proceso industrial.<\/p>\n<p>9.-Integraci\u00f3n de la pol\u00edtica energ\u00e9tica y ambiental.<\/p>\n<p>10.-Dise\u00f1o de la tarifa sin costes derivados de la adopci\u00f3n de pol\u00edticas energ\u00e9ticas que deber\u00edan incluirse en los Presupuestos Generales del Estado.<\/p>\n<p>&nbsp;<\/p>\n<p style=\"text-align: left;\">10.-Disseny de la tarifa sense costos derivats de l&#8217;adopci\u00f3 de pol\u00edtiques energ\u00e8tiques que s\u2019haurien d\u2019incloure als Pressupostos Generals de l&#8217;Estat.<\/p>\n<\/p><\/div>[\/vc_column][\/vc_row]<\/p>\n<\/section>","protected":false},"excerpt":{"rendered":"<p>[vc_row][vc_column width=\u00bb1\/1&#8243;][vc_column_text]El Comit\u00e9 Ejecutivo de Foment del Treball considera que el Gobierno debe adoptar decisiones de pol\u00edtica energ\u00e9tica enfocadas a la mejora de la competitividad de la industria e iniciar una negociaci\u00f3n urgente para avanzar en la reforma y desarrollo de una pol\u00edtica energ\u00e9tica que resuelva los graves problemas que sufre el sector industrial catal\u00e1n -y tambi\u00e9n espa\u00f1ol- como consecuencia de los elevados costes de la energ\u00eda. La industria sufre una acelerada p\u00e9rdida de competitividad en relaci\u00f3n a los principales pa\u00edses europeos. Foment consider\u00f3 a trav\u00e9s de su Comit\u00e9 Ejecutivo que m\u00e1s all\u00e1 de adoptar soluciones territoriales sobre tarifas en funci\u00f3n de ciertas aritm\u00e9ticas pol\u00edticas, es irrenunciable que el gobierno considere el conjunto del sector industrial espa\u00f1ol y estructure las reformas siguiendo criterios objetivos, transparentes y uniformes en el territorio. En consecuencia es necesaria una revisi\u00f3n general de la tarifa el\u00e9ctrica de acceso, siguiendo el reciente pacto presupuestario, y con el objetivo de asegurar el mismo marco de competitividad en las industrias de todo el pa\u00eds. En este sentido, Foment del Treball recuerda el peso industrial de Catalunya respecto al conjunto del Estado y destaca la incidencia que adem\u00e1s tiene en determinados sectores como el qu\u00edmico. El punto de partida [&hellip;]<\/p>\n","protected":false},"author":24,"featured_media":35443,"comment_status":"closed","ping_status":"closed","sticky":false,"template":"","format":"standard","meta":{"_links_to":"","_links_to_target":""},"categories":[114,111,70],"tags":[],"acf":[],"wps_subtitle":"El Comit\u00e9 Ejecutivo de la patronal catalana requiere una negociaci\u00f3n urgente para frenar la acelerada p\u00e9rdida competitividad de la industria","_links":{"self":[{"href":"https:\/\/www.foment.com\/es\/wp-json\/wp\/v2\/posts\/35444"}],"collection":[{"href":"https:\/\/www.foment.com\/es\/wp-json\/wp\/v2\/posts"}],"about":[{"href":"https:\/\/www.foment.com\/es\/wp-json\/wp\/v2\/types\/post"}],"author":[{"embeddable":true,"href":"https:\/\/www.foment.com\/es\/wp-json\/wp\/v2\/users\/24"}],"replies":[{"embeddable":true,"href":"https:\/\/www.foment.com\/es\/wp-json\/wp\/v2\/comments?post=35444"}],"version-history":[{"count":0,"href":"https:\/\/www.foment.com\/es\/wp-json\/wp\/v2\/posts\/35444\/revisions"}],"wp:featuredmedia":[{"embeddable":true,"href":"https:\/\/www.foment.com\/es\/wp-json\/wp\/v2\/media\/35443"}],"wp:attachment":[{"href":"https:\/\/www.foment.com\/es\/wp-json\/wp\/v2\/media?parent=35444"}],"wp:term":[{"taxonomy":"category","embeddable":true,"href":"https:\/\/www.foment.com\/es\/wp-json\/wp\/v2\/categories?post=35444"},{"taxonomy":"post_tag","embeddable":true,"href":"https:\/\/www.foment.com\/es\/wp-json\/wp\/v2\/tags?post=35444"}],"curies":[{"name":"wp","href":"https:\/\/api.w.org\/{rel}","templated":true}]}}