{"id":36724,"date":"2017-06-14T14:33:23","date_gmt":"2017-06-14T12:33:23","guid":{"rendered":"http:\/\/www.foment.com\/es\/foment-espera-que-activitat-estiba-portuaria-pugui-recuperar-properes-hores\/"},"modified":"2017-06-14T14:54:49","modified_gmt":"2017-06-14T12:54:49","slug":"foment-espera-que-actividad-estiba-portuaria-pueda-recuperarse-proximas-horas","status":"publish","type":"post","link":"https:\/\/www.foment.com\/es\/foment-espera-que-actividad-estiba-portuaria-pueda-recuperarse-proximas-horas\/","title":{"rendered":"Foment espera que la actividad de la estiba en los puertos se pueda recuperar en las pr\u00f3ximas horas"},"content":{"rendered":"<p>Foment del Treball lamenta la situaci\u00f3n causada por el paro de la estiba en los puertos espa\u00f1oles y espera que la actividad se pueda retomar en las pr\u00f3ximas horas. La patronal catalana advierte del da\u00f1o irreparable que el paro total de la estiba causa sobre la actividad industrial y econ\u00f3mica en m\u00faltiples sectores, con un impacto econ\u00f3mico desmesurado.<\/p>\n<p>Ante este escenario, Foment conf\u00eda en la responsabilidad de ambas partes, en especial la parte sindical, para desconvocar las huelgas previstas y garantizar la estabilidad en el sector.<\/p>\n<p>Foment conf\u00eda en la capacidades de las partes para llegar a un acuerdo en breve y apoya a La Asociaci\u00f3n Nacional de Empresas Estibadoras y Consignatarias de Buques (ANESCO), que ya ha manifestado su intenci\u00f3n de analizar con detalle la nueva propuesta planteada por los sindicatos, y se suma a su demanda de cese del calendario previsto de movilizaciones mientras duren las negociaciones debido a los graves perjuicios que el conflicto est\u00e1 ocasionando en toda Espa\u00f1a\u00bb.<\/p>\n<p>Foment invita a agotar todas las v\u00edas de di\u00e1logo posibles para solucionar el conflicto generado con la entrada en vigor del Real Decreto Ley 8\/2017 que da cumplimiento a la sentencia del Tribunal de Justicia de la Uni\u00f3n Europea.<\/p>\n","protected":false},"excerpt":{"rendered":"<p>Foment del Treball lamenta la situaci\u00f3n causada por el paro de la estiba en los puertos espa\u00f1oles y espera que la actividad se pueda retomar en las pr\u00f3ximas horas. La patronal catalana advierte del da\u00f1o irreparable que el paro total de la estiba causa sobre la actividad industrial y econ\u00f3mica en m\u00faltiples sectores, con un impacto econ\u00f3mico desmesurado. Ante este escenario, Foment conf\u00eda en la responsabilidad de ambas partes, en especial la parte sindical, para desconvocar las huelgas previstas y garantizar la estabilidad en el sector. Foment conf\u00eda en la capacidades de las partes para llegar a un acuerdo en breve y apoya a La Asociaci\u00f3n Nacional de Empresas Estibadoras y Consignatarias de Buques (ANESCO), que ya ha manifestado su intenci\u00f3n de analizar con detalle la nueva propuesta planteada por los sindicatos, y se suma a su demanda de cese del calendario previsto de movilizaciones mientras duren las negociaciones debido a los graves perjuicios que el conflicto est\u00e1 ocasionando en toda Espa\u00f1a\u00bb. Foment invita a agotar todas las v\u00edas de di\u00e1logo posibles para solucionar el conflicto generado con la entrada en vigor del Real Decreto Ley 8\/2017 que da cumplimiento a la sentencia del Tribunal de Justicia de la Uni\u00f3n [&hellip;]<\/p>\n","protected":false},"author":24,"featured_media":36723,"comment_status":"closed","ping_status":"closed","sticky":false,"template":"","format":"standard","meta":{"_links_to":"","_links_to_target":""},"categories":[69,65],"tags":[652,653],"acf":[],"wps_subtitle":"","_links":{"self":[{"href":"https:\/\/www.foment.com\/es\/wp-json\/wp\/v2\/posts\/36724"}],"collection":[{"href":"https:\/\/www.foment.com\/es\/wp-json\/wp\/v2\/posts"}],"about":[{"href":"https:\/\/www.foment.com\/es\/wp-json\/wp\/v2\/types\/post"}],"author":[{"embeddable":true,"href":"https:\/\/www.foment.com\/es\/wp-json\/wp\/v2\/users\/24"}],"replies":[{"embeddable":true,"href":"https:\/\/www.foment.com\/es\/wp-json\/wp\/v2\/comments?post=36724"}],"version-history":[{"count":0,"href":"https:\/\/www.foment.com\/es\/wp-json\/wp\/v2\/posts\/36724\/revisions"}],"wp:featuredmedia":[{"embeddable":true,"href":"https:\/\/www.foment.com\/es\/wp-json\/wp\/v2\/media\/36723"}],"wp:attachment":[{"href":"https:\/\/www.foment.com\/es\/wp-json\/wp\/v2\/media?parent=36724"}],"wp:term":[{"taxonomy":"category","embeddable":true,"href":"https:\/\/www.foment.com\/es\/wp-json\/wp\/v2\/categories?post=36724"},{"taxonomy":"post_tag","embeddable":true,"href":"https:\/\/www.foment.com\/es\/wp-json\/wp\/v2\/tags?post=36724"}],"curies":[{"name":"wp","href":"https:\/\/api.w.org\/{rel}","templated":true}]}}