{"id":37081,"date":"2017-06-28T11:16:34","date_gmt":"2017-06-28T09:16:34","guid":{"rendered":"http:\/\/www.foment.com\/es\/?p=37081"},"modified":"2021-09-18T20:22:18","modified_gmt":"2021-09-18T18:22:18","slug":"foment-treball-y-instituto-iberoamericano-interim-management-promoveran-cataluna-esta-innovadora-modalidad-servicios-directivos","status":"publish","type":"post","link":"https:\/\/www.foment.com\/es\/foment-treball-y-instituto-iberoamericano-interim-management-promoveran-cataluna-esta-innovadora-modalidad-servicios-directivos\/","title":{"rendered":"Foment del Treball y el Instituto Iberoamericano de Interim Management, promover\u00e1n en Catalu\u00f1a esta innovadora modalidad de servicios directivos"},"content":{"rendered":"<p class=\"p1\"><span class=\"s1\">Joaquim Gay de Montell\u00e0<\/span><span class=\"s2\">, presidente de Foment del Treball, y Dirk Kremer, socio fundador y vicepresidente primero del Instituto Iberoamericano de Interim Management, han suscrito un acuerdo de colaboraci\u00f3n orientado a la difusi\u00f3n de esta innovadora modalidad para la direcci\u00f3n temporal de proyectos en Catalu\u00f1a.<\/span><\/p>\n<p class=\"p2\"><span class=\"s2\">El Instituto Iberoamericano de Interim Management, asociaci\u00f3n sin \u00e1nimo de lucro fundada en octubre de 2016, tiene como misi\u00f3n fundamental la difusi\u00f3n de la direcci\u00f3n en transici\u00f3n, y la formaci\u00f3n en esta especialidad. Radicada en Espa\u00f1a, esta organizaci\u00f3n tiene car\u00e1cter iberoamericano y ya est\u00e1 iniciando su expansi\u00f3n hacia Am\u00e9rica Latina, despu\u00e9s de haber creado una importante red de direcciones territoriales entre la que se encuentra la de Catalu\u00f1a, \u201cuna zona estrat\u00e9gica para el Interim Management en Espa\u00f1a\u201d, seg\u00fan ha afirmado Dirk Kremer, su m\u00e1ximo representante en la regi\u00f3n.<\/span><\/p>\n<p class=\"p2\"><span class=\"s2\">Por su parte, Foment del Treball, fiel a su tradici\u00f3n innovadora y de servicio a los empresarios catalanes, ha sabido ver en el Interim Management una potente herramienta al servicio de las empresas, cada vez m\u00e1s necesitadas de f\u00f3rmulas profesionales que les permitan abordar con flexibilidad y eficacia sus objetivos de competitividad.<\/span><\/p>\n<p class=\"p2\"><span class=\"s2\"><a href=\"https:\/\/www.foment.com\/wp-content\/uploads\/2017\/06\/Foment-del-Treball-IIIM-3.jpg\"><img loading=\"lazy\" class=\"aligncenter wp-image-126497 size-large\" src=\"https:\/\/www.foment.com\/wp-content\/uploads\/2017\/06\/Foment-del-Treball-IIIM-3-1024x428.jpg\" alt=\"\" width=\"1024\" height=\"428\" srcset=\"https:\/\/www.foment.com\/wp-content\/uploads\/2017\/06\/Foment-del-Treball-IIIM-3-1024x428.jpg 1024w, https:\/\/www.foment.com\/wp-content\/uploads\/2017\/06\/Foment-del-Treball-IIIM-3-300x125.jpg 300w, https:\/\/www.foment.com\/wp-content\/uploads\/2017\/06\/Foment-del-Treball-IIIM-3-768x321.jpg 768w, https:\/\/www.foment.com\/wp-content\/uploads\/2017\/06\/Foment-del-Treball-IIIM-3.jpg 1199w\" sizes=\"(max-width: 1024px) 100vw, 1024px\" \/><\/a><\/span><\/p>\n<p class=\"p2\"><span class=\"s2\">Gracias a este acuerdo de colaboraci\u00f3n, an\u00e1logo a otros suscritos por el Instituto con entidades como la Confederaci\u00f3n Empresarial de la Peque\u00f1a y Mediana Empresa (CEPYME), se informar\u00e1 a los empresarios catalanes sobre todos los aspectos relacionados con el Interim Management a trav\u00e9s de eventos informativos orientados al networking, y de la divulgaci\u00f3n de art\u00edculos relacionados con esta especialidad en la prestigiosa publicaci\u00f3n, <em>F. La revista del Foment<\/em>, cuyos or\u00edgenes editoriales se remontan a 1849.<\/span><\/p>\n<p class=\"p2\"><span class=\"s2\">Es evidente que el Interim Management, como modalidad de gesti\u00f3n del talento directivo, aporta valor a las organizaciones, pero tambi\u00e9n cumple otra funci\u00f3n esencial a trav\u00e9s de la formaci\u00f3n, fomentando el reciclaje de los colectivos senior, colaborando a su reincorporaci\u00f3n al mercado de trabajo y a la prolongaci\u00f3n de su actividad profesional.<\/span><\/p>\n<p class=\"p3\"><span class=\"s2\">De todo ello se hablar\u00e1 en una jornada informativa que Foment del Treball y el Instituto Iberoamericano tienen previsto realizar antes de finalizar 2017 en Barcelona, iniciando as\u00ed un periplo informativo por Catalu\u00f1a, destinado a lograr que el Interim Management adquiera la relevancia que ya tiene en pa\u00edses como <\/span><span class=\"s3\">Alemania, Holanda, B\u00e9lgica o Francia.<\/span><\/p>\n","protected":false},"excerpt":{"rendered":"<p>Joaquim Gay de Montell\u00e0, presidente de Foment del Treball, y Dirk Kremer, socio fundador y vicepresidente primero del Instituto Iberoamericano de Interim Management, han suscrito un acuerdo de colaboraci\u00f3n orientado a la difusi\u00f3n de esta innovadora modalidad para la direcci\u00f3n temporal de proyectos en Catalu\u00f1a. El Instituto Iberoamericano de Interim Management, asociaci\u00f3n sin \u00e1nimo de lucro fundada en octubre de 2016, tiene como misi\u00f3n fundamental la difusi\u00f3n de la direcci\u00f3n en transici\u00f3n, y la formaci\u00f3n en esta especialidad. Radicada en Espa\u00f1a, esta organizaci\u00f3n tiene car\u00e1cter iberoamericano y ya est\u00e1 iniciando su expansi\u00f3n hacia Am\u00e9rica Latina, despu\u00e9s de haber creado una importante red de direcciones territoriales entre la que se encuentra la de Catalu\u00f1a, \u201cuna zona estrat\u00e9gica para el Interim Management en Espa\u00f1a\u201d, seg\u00fan ha afirmado Dirk Kremer, su m\u00e1ximo representante en la regi\u00f3n. Por su parte, Foment del Treball, fiel a su tradici\u00f3n innovadora y de servicio a los empresarios catalanes, ha sabido ver en el Interim Management una potente herramienta al servicio de las empresas, cada vez m\u00e1s necesitadas de f\u00f3rmulas profesionales que les permitan abordar con flexibilidad y eficacia sus objetivos de competitividad. Gracias a este acuerdo de colaboraci\u00f3n, an\u00e1logo a otros suscritos por el Instituto con entidades [&hellip;]<\/p>\n","protected":false},"author":24,"featured_media":37095,"comment_status":"closed","ping_status":"closed","sticky":false,"template":"","format":"standard","meta":{"_links_to":"","_links_to_target":""},"categories":[114,67],"tags":[],"acf":[],"wps_subtitle":"Joaquim Gay de Montell\u00e0, presidente de Foment del Treball, y Dirk Kremer, socio fundador y vicepresidente primero del Instituto Iberoamericano de Interim Management, han suscrito el acuerdo de colaboraci\u00f3n","_links":{"self":[{"href":"https:\/\/www.foment.com\/es\/wp-json\/wp\/v2\/posts\/37081"}],"collection":[{"href":"https:\/\/www.foment.com\/es\/wp-json\/wp\/v2\/posts"}],"about":[{"href":"https:\/\/www.foment.com\/es\/wp-json\/wp\/v2\/types\/post"}],"author":[{"embeddable":true,"href":"https:\/\/www.foment.com\/es\/wp-json\/wp\/v2\/users\/24"}],"replies":[{"embeddable":true,"href":"https:\/\/www.foment.com\/es\/wp-json\/wp\/v2\/comments?post=37081"}],"version-history":[{"count":1,"href":"https:\/\/www.foment.com\/es\/wp-json\/wp\/v2\/posts\/37081\/revisions"}],"predecessor-version":[{"id":126501,"href":"https:\/\/www.foment.com\/es\/wp-json\/wp\/v2\/posts\/37081\/revisions\/126501"}],"wp:featuredmedia":[{"embeddable":true,"href":"https:\/\/www.foment.com\/es\/wp-json\/wp\/v2\/media\/37095"}],"wp:attachment":[{"href":"https:\/\/www.foment.com\/es\/wp-json\/wp\/v2\/media?parent=37081"}],"wp:term":[{"taxonomy":"category","embeddable":true,"href":"https:\/\/www.foment.com\/es\/wp-json\/wp\/v2\/categories?post=37081"},{"taxonomy":"post_tag","embeddable":true,"href":"https:\/\/www.foment.com\/es\/wp-json\/wp\/v2\/tags?post=37081"}],"curies":[{"name":"wp","href":"https:\/\/api.w.org\/{rel}","templated":true}]}}