{"id":37290,"date":"2017-07-04T10:22:12","date_gmt":"2017-07-04T08:22:12","guid":{"rendered":"http:\/\/www.foment.com\/es\/?p=37290"},"modified":"2024-01-11T10:12:32","modified_gmt":"2024-01-11T09:12:32","slug":"numero-verano-f-revista-foment-los-retratos-tiempo","status":"publish","type":"post","link":"https:\/\/www.foment.com\/es\/numero-verano-f-revista-foment-los-retratos-tiempo\/","title":{"rendered":"N\u00famero de verano de &#8216;F. La Revista del Foment&#8217;: Los retratos del Tiempo"},"content":{"rendered":"<section class=\"wpb-content-wrapper\"><p>[vc_row][vc_column width=\u00bb1\/4&#8243;]<div class=\"single_image wpb_content_element align-left  image_box_shadow  \" data-animation=\"none\" data-delay=\"0\"><img width=\"220\" height=\"272\" src=\"https:\/\/www.foment.com\/wp-content\/uploads\/2017\/07\/F-La-Revista-del-Foment-Verano-2017.png\" class=\"attachment-full\" alt=\"\" loading=\"lazy\" title=\"F-La-Revista-del-Foment-Verano-2017\" \/><\/div><a href=\"http:\/\/www.foment.com\/wp-content\/uploads\/2017\/07\/Total-F_12-ESP-13062017.pdf\" target=\"_blank\" class=\"button color-2 medium \" style=\"border-radius: 2px;\">Descargar PDF<\/a>[\/vc_column][vc_column width=\u00bb3\/4&#8243;][vc_column_text]<\/p>\n<h2><strong><span class=\"ms-rteFontSize-2 ms-rteThemeForeColor-2-0\">F. La Revista del Foment<br class=\"ms-rteFontSize-2 ms-rteThemeForeColor-2-0\" \/>2152. Los Retratos del Tiempo<br \/>\n<\/span><\/strong><\/h2>\n<h2><strong><span class=\"ms-rteFontSize-2 ms-rteThemeForeColor-2-0\"><span class=\"ms-rteThemeForeColor-2-3\">ISSN 2385A-5614A<\/span><\/span><\/strong><\/h2>\n<div><\/div>\n<div>\u00a0<a href=\"https:\/\/itunes.apple.com\/es\/app\/f.-la-revista-del-foment\/id898225059?mt=8\" target=\"_blank\" rel=\"noopener noreferrer\"><img loading=\"lazy\" class=\"\" src=\"\/wp-content\/uploads\/2016\/11\/descarga-apple-store.jpg\" alt=\"\" width=\"126\" height=\"47\" \/><\/a> <a href=\"https:\/\/play.google.com\/store\/apps\/details?id=com.prismapublicaciones.foment&amp;hl=es\" target=\"_blank\" rel=\"noopener noreferrer\"><img loading=\"lazy\" class=\"\" src=\"\/wp-content\/uploads\/2016\/11\/descarga-android.jpg\" alt=\"\" width=\"103\" height=\"49\" \/><\/a><\/div>\n<div>\n<p class=\"blue ms-rteThemeForeColor-5-0 ms-rteFontSize-3\"><div class=\"divider divider1\" style='margin:30px 0px 30px 0px !important;'><\/div>\n<h3 class=\"blue ms-rteThemeForeColor-5-0 ms-rteFontSize-3\"><\/h3>\n<h3 class=\"blue ms-rteThemeForeColor-5-0 ms-rteFontSize-3\">Sumario<\/h3>\n<div>\n<div><span style=\"color: #ab192d;\"><strong>Panorama. Los Retratos del Tiempo<br \/>\n<\/strong><\/span><\/div>\n<div>\n<div><strong class=\"ms-rteThemeForeColor-5-0\">10<\/strong> Breve pero verdadera historia del retrato, por<strong> Artur Ramon<\/strong>.<\/div>\n<div><strong class=\"ms-rteThemeForeColor-5-0\">16<\/strong> El retrato en la historia, por <strong>Jos\u00e9 Enrique Ruiz-Dom\u00e8nec<\/strong>.<\/div>\n<\/div>\n<\/div>\n<div><strong><br \/>\n<span style=\"color: #ab192d;\">Dossier. \u00bfFallan las encuestas?<\/span><\/strong><br \/>\n<strong class=\"ms-rteThemeForeColor-5-0\">24<\/strong> El populismo y los sondeos, por <strong>Isabel Garc\u00eda Pag\u00e1n<\/strong><br \/>\n<span class=\"ms-rteThemeForeColor-5-0\"><strong>30 <\/strong>La aut\u00e9ntica crisis de los medios, por<strong> Jos\u00e9 Antonio Zarzalejos<br \/>\n<\/strong><\/span><\/div>\n<div><span class=\"ms-rteThemeForeColor-5-0\"><strong>34<\/strong><\/span> Nunca fueron la Biblia pero sirven, por <strong>Joan Tapia<\/strong><br \/>\n<strong class=\"ms-rteThemeForeColor-5-0\">36<\/strong> Diccionario demosc\u00f3pico, por <strong>Oriol Bartomeus<br \/>\n<\/strong><\/div>\n<div>\n<p><strong><br \/>\n<span style=\"color: #ab192d;\">Temas de ma\u00f1ana. Una historia sin final<\/span><\/strong><br \/>\n<strong class=\"ms-rteThemeForeColor-5-0\">42<\/strong> Amenazas interiores de la democracia, por <strong>Manuel Arias Maldonado<\/strong><br \/>\n<strong class=\"ms-rteThemeForeColor-5-0\">44<\/strong> Liderazgos inertes o colpasados, por <strong>Ignacio Peyr\u00f3<br \/>\n<strong class=\"ms-rteThemeForeColor-5-0\">46<\/strong> <\/strong>La desconexi\u00f3n, por<strong> Marc Bassets<br \/>\n<\/strong><strong class=\"ms-rteThemeForeColor-5-0\">48<\/strong> UE 1951-2017: \u2018per aspera ad astra\u2019, por <strong>Ana Mar Fern\u00e1ndez Pasar\u00edn<br \/>\n<strong class=\"ms-rteThemeForeColor-5-0\">50<\/strong> <\/strong>Cambios de coordenadas, por<strong> Jordi Amat<br \/>\n<strong class=\"ms-rteThemeForeColor-5-0\">52<\/strong> <\/strong>Una Europa mejor, por<strong> Daniel Cap\u00f3<br \/>\n<\/strong><\/p>\n<p><span style=\"color: #ab192d;\"><strong>Carta desde Roma<\/strong><\/span><br \/>\n<strong class=\"ms-rteThemeForeColor-5-0\">54<\/strong> Roma en el atardecer, por <strong>Javier Reverte<br \/>\n<\/strong><\/p>\n<p><span style=\"color: #ab192d;\"><strong>artes&amp;Co.<\/strong><\/span><br \/>\n<strong class=\"ms-rteThemeForeColor-5-0\">64<\/strong> <em class=\"ms-rteThemeForeColor-5-0\">Entrevista<\/em>.<strong> Llu\u00eds Homar<\/strong>: el coraje de reconocerse, por <strong>Sergi Doria<\/strong><br \/>\n<span class=\"ms-rteThemeForeColor-5-0\"><strong>68<\/strong> <em>M\u00fasica<\/em><\/span>. La gran dama Ella Fitzgerald, por <strong>Eduardo Hojman<\/strong><br \/>\n<span class=\"ms-rteThemeForeColor-5-0\"><strong>70<\/strong><em> Con filtros<\/em><\/span>. El \u2018selfie\u2019, retrato del ego, per <strong>Ll\u00facia Ramis<\/strong><br \/>\n<strong class=\"ms-rteThemeForeColor-5-0\">72<\/strong><em><span class=\"ms-rteThemeForeColor-5-0\"> Cine<\/span><\/em>. Cine y m\u00fasica: una retroalimentaci\u00f3n afectiva, por <strong>Jacobo Zabalo<\/strong><br \/>\n<strong class=\"ms-rteThemeForeColor-5-0\">74<\/strong> <em class=\"ms-rteThemeForeColor-5-0\">Teatro<\/em>. Cutre pol\u00edtica teatral, por <strong>Luis Mar\u00eda Ans\u00f3n<\/strong><br \/>\n<span class=\"ms-rteThemeForeColor-5-0\"><strong>76<\/strong> <em>Geograf\u00edas<\/em>. <span class=\"ms-rteThemeForeColor-2-2\">En el caf\u00e9 de Mahfuz, por <strong>Ignacio Vidal-Folch<\/strong><\/span><br \/>\n<strong>78<\/strong><\/span> <em class=\"ms-rteThemeForeColor-5-0\">De autor<\/em>. Hombres elegantes, por <strong>Milena Busquets<br \/>\n<\/strong><\/p>\n<\/div>\n<div><\/div>\n<\/div>\n<p>[\/vc_column_text][\/vc_column][\/vc_row]<\/p>\n<\/section>","protected":false},"excerpt":{"rendered":"<p>[vc_row][vc_column width=\u00bb1\/4&#8243;][\/vc_column][vc_column width=\u00bb3\/4&#8243;][vc_column_text] F. La Revista del Foment2152. Los Retratos del Tiempo ISSN 2385A-5614A \u00a0 Sumario Panorama. Los Retratos del Tiempo 10 Breve pero verdadera historia del retrato, por Artur Ramon. 16 El retrato en la historia, por Jos\u00e9 Enrique Ruiz-Dom\u00e8nec. Dossier. \u00bfFallan las encuestas? 24 El populismo y los sondeos, por Isabel Garc\u00eda Pag\u00e1n 30 La aut\u00e9ntica crisis de los medios, por Jos\u00e9 Antonio Zarzalejos 34 Nunca fueron la Biblia pero sirven, por Joan Tapia 36 Diccionario demosc\u00f3pico, por Oriol Bartomeus Temas de ma\u00f1ana. Una historia sin final 42 Amenazas interiores de la democracia, por Manuel Arias Maldonado 44 Liderazgos inertes o colpasados, por Ignacio Peyr\u00f3 46 La desconexi\u00f3n, por Marc Bassets 48 UE 1951-2017: \u2018per aspera ad astra\u2019, por Ana Mar Fern\u00e1ndez Pasar\u00edn 50 Cambios de coordenadas, por Jordi Amat 52 Una Europa mejor, por Daniel Cap\u00f3 Carta desde Roma 54 Roma en el atardecer, por Javier Reverte artes&amp;Co. 64 Entrevista. Llu\u00eds Homar: el coraje de reconocerse, por Sergi Doria 68 M\u00fasica. La gran dama Ella Fitzgerald, por Eduardo Hojman 70 Con filtros. El \u2018selfie\u2019, retrato del ego, per Ll\u00facia Ramis 72 Cine. Cine y m\u00fasica: una retroalimentaci\u00f3n afectiva, por Jacobo Zabalo 74 Teatro. Cutre pol\u00edtica teatral, por [&hellip;]<\/p>\n","protected":false},"author":24,"featured_media":37292,"comment_status":"closed","ping_status":"closed","sticky":false,"template":"","format":"standard","meta":{"_links_to":"","_links_to_target":""},"categories":[114],"tags":[683],"acf":[],"wps_subtitle":"","_links":{"self":[{"href":"https:\/\/www.foment.com\/es\/wp-json\/wp\/v2\/posts\/37290"}],"collection":[{"href":"https:\/\/www.foment.com\/es\/wp-json\/wp\/v2\/posts"}],"about":[{"href":"https:\/\/www.foment.com\/es\/wp-json\/wp\/v2\/types\/post"}],"author":[{"embeddable":true,"href":"https:\/\/www.foment.com\/es\/wp-json\/wp\/v2\/users\/24"}],"replies":[{"embeddable":true,"href":"https:\/\/www.foment.com\/es\/wp-json\/wp\/v2\/comments?post=37290"}],"version-history":[{"count":1,"href":"https:\/\/www.foment.com\/es\/wp-json\/wp\/v2\/posts\/37290\/revisions"}],"predecessor-version":[{"id":176586,"href":"https:\/\/www.foment.com\/es\/wp-json\/wp\/v2\/posts\/37290\/revisions\/176586"}],"wp:featuredmedia":[{"embeddable":true,"href":"https:\/\/www.foment.com\/es\/wp-json\/wp\/v2\/media\/37292"}],"wp:attachment":[{"href":"https:\/\/www.foment.com\/es\/wp-json\/wp\/v2\/media?parent=37290"}],"wp:term":[{"taxonomy":"category","embeddable":true,"href":"https:\/\/www.foment.com\/es\/wp-json\/wp\/v2\/categories?post=37290"},{"taxonomy":"post_tag","embeddable":true,"href":"https:\/\/www.foment.com\/es\/wp-json\/wp\/v2\/tags?post=37290"}],"curies":[{"name":"wp","href":"https:\/\/api.w.org\/{rel}","templated":true}]}}