{"id":37954,"date":"2017-09-04T13:50:56","date_gmt":"2017-09-04T11:50:56","guid":{"rendered":"http:\/\/www.foment.com\/es\/?p=37954"},"modified":"2017-09-04T14:36:26","modified_gmt":"2017-09-04T12:36:26","slug":"defender-reformas-incrementa-flexibilidad-laboral-ocupacion","status":"publish","type":"post","link":"https:\/\/www.foment.com\/es\/defender-reformas-incrementa-flexibilidad-laboral-ocupacion\/","title":{"rendered":"Foment insiste en defender las reformas para incrementar la flexibilidad laboral y favorecer la ocupaci\u00f3n"},"content":{"rendered":"<section class=\"wpb-content-wrapper\"><p>[vc_row][vc_column][vc_column_text]<\/p>\n<ul>\n<li>Despu\u00e9s de Andaluc\u00eda, Catalu\u00f1a es la Comunidad Aut\u00f3noma en la que m\u00e1s se ha reducido el desempleo en t\u00e9rminos absolutos en el mes de agosto desde el a\u00f1o 2013.<\/li>\n<\/ul>\n<p>El n\u00famero de desempleados en Catalu\u00f1a se ha incrementado en el mes de agosto en 10.072 personas (2,60%) respecto al mes anterior. En t\u00e9rminos interanuales, el paro registrado se redujo en 48.055 personas (-10,79%). Catalu\u00f1a suma nuevamente un descenso del paro en t\u00e9rminos interanuales, que se inici\u00f3 en el mes de julio 2013, siendo la segunda Comunidad Aut\u00f3noma, despu\u00e9s de Andaluc\u00eda, \u00a0en la que en t\u00e9rminos absolutos m\u00e1s ha descendido el paro registrado en el mes de agosto. Respecto a la contrataci\u00f3n, se han efectuado menos contratos que el mes anterior (95.343 contratos menos), y se mantiene la dualidad entre los contratos temporales que representan el 89,73%, y los indefinidos que representan el 10,27% del total de contratos realizados en este mes.<\/p>\n<p>Foment del Treball valora negativamente el incremento del n\u00famero de desempleados en el mes de agosto, si bien se trata de un mes en el que tradicionalmente aumenta el paro arrastrado por la finalizaci\u00f3n de numerosos contratos en el sector servicios por la conclusi\u00f3n de la campa\u00f1a estival y la disminuci\u00f3n de actividad en otros sectores.<\/p>\n<p>A pesar de que la tendencia y las proyecciones de creaci\u00f3n de empleo a corto y medio plazo son positivas, deben priorizarse la adopci\u00f3n de medidas y reformas normativas en el \u00e1mbito laboral para incentivar la flexibilidad de las relaciones laborales y la creaci\u00f3n de empleo.[\/vc_column_text]<div class=\"single_image wpb_content_element align-left    \" data-animation=\"none\" data-delay=\"0\"><img width=\"1077\" height=\"483\" src=\"https:\/\/www.foment.com\/wp-content\/uploads\/2017\/09\/grafic_1.png\" class=\"attachment-full\" alt=\"\" loading=\"lazy\" title=\"grafic_1\" srcset=\"https:\/\/www.foment.com\/wp-content\/uploads\/2017\/09\/grafic_1.png 1077w, https:\/\/www.foment.com\/wp-content\/uploads\/2017\/09\/grafic_1-300x135.png 300w, https:\/\/www.foment.com\/wp-content\/uploads\/2017\/09\/grafic_1-768x344.png 768w, https:\/\/www.foment.com\/wp-content\/uploads\/2017\/09\/grafic_1-1024x459.png 1024w\" sizes=\"(max-width: 1077px) 100vw, 1077px\" \/><\/div>[vc_column_text]La cifra del paro registrado en Catalu\u00f1a se sit\u00faa en 397.385 personas desempleadas.<\/p>\n<p>Podemos observar en t\u00e9rminos interanuales como desde el mes de julio de 2013 la situaci\u00f3n es mejor a la del a\u00f1o anterior. En este sentido, hemos pasado de una tasa interanual en el mes de enero de 2013 del 4,52% a una tasa del -10,79% en el mes de agosto de 2017. Despu\u00e9s de Andaluc\u00eda, Catalu\u00f1a es la Comunidad Aut\u00f3noma en la que m\u00e1s se ha reducido el desempleo en t\u00e9rminos absolutos en el mes de agosto.<\/p>\n<p>Este descenso, <u>en t\u00e9rminos interanuales<\/u>, del paro registrado del -10,79%, \u00a0supone una reducci\u00f3n de 48.055 personas desempleadas menos respecto del mismo mes del a\u00f1o anterior.[\/vc_column_text]<div class=\"single_image wpb_content_element align-left    \" data-animation=\"none\" data-delay=\"0\"><img width=\"1089\" height=\"408\" src=\"https:\/\/www.foment.com\/wp-content\/uploads\/2017\/09\/grafic_2.png\" class=\"attachment-full\" alt=\"\" loading=\"lazy\" title=\"grafic_2\" srcset=\"https:\/\/www.foment.com\/wp-content\/uploads\/2017\/09\/grafic_2.png 1089w, https:\/\/www.foment.com\/wp-content\/uploads\/2017\/09\/grafic_2-300x112.png 300w, https:\/\/www.foment.com\/wp-content\/uploads\/2017\/09\/grafic_2-768x288.png 768w, https:\/\/www.foment.com\/wp-content\/uploads\/2017\/09\/grafic_2-1024x384.png 1024w\" sizes=\"(max-width: 1089px) 100vw, 1089px\" \/><\/div>[vc_column_text]Respecto a la <u>variaci\u00f3n mensual<\/u>, en Catalu\u00f1a, en este mes de agosto de 2017 el paro ha registrado un incremento de 10.072 personas desempleadas m\u00e1s respecto al mes anterior (un 2,60% en t\u00e9rminos relativos).[\/vc_column_text]<div class=\"single_image wpb_content_element align-left    \" data-animation=\"none\" data-delay=\"0\"><img width=\"995\" height=\"606\" src=\"https:\/\/www.foment.com\/wp-content\/uploads\/2017\/09\/grafic_3.png\" class=\"attachment-full\" alt=\"\" loading=\"lazy\" title=\"grafic_3\" srcset=\"https:\/\/www.foment.com\/wp-content\/uploads\/2017\/09\/grafic_3.png 995w, https:\/\/www.foment.com\/wp-content\/uploads\/2017\/09\/grafic_3-300x183.png 300w, https:\/\/www.foment.com\/wp-content\/uploads\/2017\/09\/grafic_3-768x468.png 768w\" sizes=\"(max-width: 995px) 100vw, 995px\" \/><\/div>[vc_column_text]Por sectores, el paro registrado aumenta en el sector industria (1.067 desempleadas m\u00e1s), en la construcci\u00f3n (1.257 personas) y en el sector servicios (9.703 personas desempleadas m\u00e1s). En cambio, hay una reducci\u00f3n del paro registrado en el sector agr\u00edcola (-363 personas menos) y en personas sin empleo anterior (-1.592 personas).<\/p>\n<p>Por provincias, el paro registrado se ha incrementado en todas las provincias catalanas. En Barcelona ha aumentado el n\u00famero de parados en 7.446 \u00a0personas, en Girona en 1.027 personas, en Lleida en 503 y en Tarragona en 1.096 personas. En t\u00e9rminos interanuales, el paro se reduce en un 10,83% en Barcelona, en un 10,28% en Girona, en un 11,46% en Lleida y en un 10,59% en Tarragona.<\/p>\n<p>El paro registrado en cada provincia se sit\u00faa este mes de agosto en 299.723 en Barcelona, 34.455 en Girona, 18.344 en Lleida y 44.863 en Tarragona.<\/p>\n<p><u>Contrataci\u00f3n<\/u>. Respecto al n\u00famero de contratos registrados durante el mes de agosto en Catalu\u00f1a, el n\u00famero de contratos se sit\u00faa en \u00a0219.884 \u00a0contratos, de los cuales 10,27% (22.581 contratos) lo han sido de car\u00e1cter indefinido, y el resto (89,73%, es decir, 197.303 contratos) han sido temporales. El n\u00famero de contratos registrados en Catalu\u00f1a se ha reducido un 30,25% respecto al mes anterior (95.343 contratos menos) y ha aumentado un 5,16% respecto al mes de agosto de 2016 (10.796 contratos m\u00e1s).<\/p>\n<p><u>A <\/u><u>nivel estatal<\/u> el paro registrado ha aumentado en 46.400 personas en relaci\u00f3n al mes anterior (1,39%). La cifra de paro a nivel estatal se sit\u00faa en el mes de agosto de 2017 en 3.382.324 personas (-8,52% en t\u00e9rminos anuales).<\/p>\n<p>Los datos dados a conocer hoy por el Ministerio de Empleo y Seguridad Social, muestran como desde el mes de octubre de 2013 en terminos interanuales el paro ha descendido. \u00a0Durante los ocho \u00a0primeros meses del a\u00f1o el desempleo se ha reducido en 320.650 personas.<\/p>\n<p><u>Afiliaci\u00f3n.<\/u> En Catalu\u00f1a, el n\u00famero de afiliados a la Seguridad Social se ha situado en el mes de agosto de 2017 en 3.294418 ocupados, lo que supone 59.363 ocupados menos respecto el mes de julio de 2017 (-1,77%), y 119.578 ocupados m\u00e1s respecto al mismo mes del a\u00f1o anterior (3,77%).[\/vc_column_text]<div class=\"single_image wpb_content_element align-left    \" data-animation=\"none\" data-delay=\"0\"><img width=\"998\" height=\"549\" src=\"https:\/\/www.foment.com\/wp-content\/uploads\/2017\/09\/grafic_4.png\" class=\"attachment-full\" alt=\"\" loading=\"lazy\" title=\"grafic_4\" srcset=\"https:\/\/www.foment.com\/wp-content\/uploads\/2017\/09\/grafic_4.png 998w, https:\/\/www.foment.com\/wp-content\/uploads\/2017\/09\/grafic_4-300x165.png 300w, https:\/\/www.foment.com\/wp-content\/uploads\/2017\/09\/grafic_4-768x422.png 768w\" sizes=\"(max-width: 998px) 100vw, 998px\" \/><\/div>[vc_column_text]Por provincias, en Barcelona el n\u00famero de afiliados este mes ha disminuido en 52.989 personas, en Girona en 3.119 personas, en Lleida en 65 personas y en Tarragona en 3.190 personas. En t\u00e9rminos interanuales,\u00a0 la afiliaci\u00f3n incrementa en un 3,83% en Barcelona, en un 3,63% en Girona, en un 4,08% en Lleida y en un 3,23% en Tarragona.<\/p>\n<p>El n\u00famero de ocupados en cada provincia se sit\u00faa este mes de agosto en \u00a02.447.864 en Barcelona, 336.822 en Girona, 196.635 en Lleida y 313.098 en Tarragona.<\/p>\n<p><u><\/u><u>En \u00e1mbito estatal<\/u> el n\u00famero de afiliados a la Seguridad Social se ha situado en el mes de agosto en 18.309.844 \u00a0ocupados, lo que supone un descenso de 179.485 personas afiliadas respecto al mes anterior \u00a0(-0,97%), y en t\u00e9rminos interanuales la afiliaci\u00f3n registr\u00f3 un aumento de 609.849 afiliados (3,45%).<strong>\u00a0\u00a0 <\/strong>[\/vc_column_text][\/vc_column][\/vc_row]<\/p>\n<\/section>","protected":false},"excerpt":{"rendered":"<p>[vc_row][vc_column][vc_column_text] Despu\u00e9s de Andaluc\u00eda, Catalu\u00f1a es la Comunidad Aut\u00f3noma en la que m\u00e1s se ha reducido el desempleo en t\u00e9rminos absolutos en el mes de agosto desde el a\u00f1o 2013. El n\u00famero de desempleados en Catalu\u00f1a se ha incrementado en el mes de agosto en 10.072 personas (2,60%) respecto al mes anterior. En t\u00e9rminos interanuales, el paro registrado se redujo en 48.055 personas (-10,79%). Catalu\u00f1a suma nuevamente un descenso del paro en t\u00e9rminos interanuales, que se inici\u00f3 en el mes de julio 2013, siendo la segunda Comunidad Aut\u00f3noma, despu\u00e9s de Andaluc\u00eda, \u00a0en la que en t\u00e9rminos absolutos m\u00e1s ha descendido el paro registrado en el mes de agosto. Respecto a la contrataci\u00f3n, se han efectuado menos contratos que el mes anterior (95.343 contratos menos), y se mantiene la dualidad entre los contratos temporales que representan el 89,73%, y los indefinidos que representan el 10,27% del total de contratos realizados en este mes. Foment del Treball valora negativamente el incremento del n\u00famero de desempleados en el mes de agosto, si bien se trata de un mes en el que tradicionalmente aumenta el paro arrastrado por la finalizaci\u00f3n de numerosos contratos en el sector servicios por la conclusi\u00f3n de la campa\u00f1a estival [&hellip;]<\/p>\n","protected":false},"author":10,"featured_media":29420,"comment_status":"closed","ping_status":"closed","sticky":false,"template":"","format":"standard","meta":{"_links_to":"","_links_to_target":""},"categories":[114,68,73],"tags":[228],"acf":[],"wps_subtitle":"El incremento del paro en Catalunya en un 2,6% no es relevante porque se debe al fin de contratos de verano","_links":{"self":[{"href":"https:\/\/www.foment.com\/es\/wp-json\/wp\/v2\/posts\/37954"}],"collection":[{"href":"https:\/\/www.foment.com\/es\/wp-json\/wp\/v2\/posts"}],"about":[{"href":"https:\/\/www.foment.com\/es\/wp-json\/wp\/v2\/types\/post"}],"author":[{"embeddable":true,"href":"https:\/\/www.foment.com\/es\/wp-json\/wp\/v2\/users\/10"}],"replies":[{"embeddable":true,"href":"https:\/\/www.foment.com\/es\/wp-json\/wp\/v2\/comments?post=37954"}],"version-history":[{"count":0,"href":"https:\/\/www.foment.com\/es\/wp-json\/wp\/v2\/posts\/37954\/revisions"}],"wp:featuredmedia":[{"embeddable":true,"href":"https:\/\/www.foment.com\/es\/wp-json\/wp\/v2\/media\/29420"}],"wp:attachment":[{"href":"https:\/\/www.foment.com\/es\/wp-json\/wp\/v2\/media?parent=37954"}],"wp:term":[{"taxonomy":"category","embeddable":true,"href":"https:\/\/www.foment.com\/es\/wp-json\/wp\/v2\/categories?post=37954"},{"taxonomy":"post_tag","embeddable":true,"href":"https:\/\/www.foment.com\/es\/wp-json\/wp\/v2\/tags?post=37954"}],"curies":[{"name":"wp","href":"https:\/\/api.w.org\/{rel}","templated":true}]}}