{"id":38041,"date":"2017-09-05T14:08:33","date_gmt":"2017-09-05T12:08:33","guid":{"rendered":"http:\/\/www.foment.com\/es\/economia-prioritzar-ocupacio-davant-salaris\/"},"modified":"2017-09-06T15:02:54","modified_gmt":"2017-09-06T13:02:54","slug":"economia-priorizar-ocupacion-ante-salarios","status":"publish","type":"post","link":"https:\/\/www.foment.com\/es\/economia-priorizar-ocupacion-ante-salarios\/","title":{"rendered":"Las previsiones de crecimiento sostenido de la econom\u00eda confirman que hay que priorizar la creaci\u00f3n de empleo ante los salarios"},"content":{"rendered":"<section class=\"wpb-content-wrapper\"><p>[vc_row][vc_column width=\u00bb1\/1&#8243;]<div class=\"box clearfix style-1 wpb_content_element align-center \" style=\"padding: 40px 40px 40px 40px; \">\n<ul>\n<li style=\"text-align: left;\">Catalu\u00f1a ha incrementado la necesidad de financiaci\u00f3n (0,57% del PIB) por reducci\u00f3n de recursos (0,5%) y el incremento del gasto (4,4%).<\/li>\n<li style=\"text-align: left;\">Los indicadores m\u00e1s relevantes siguen mostrando un crecimiento sostenido de la econom\u00eda, impulsado por la demanda interna, la creaci\u00f3n de empleo y las exportaciones.<\/li>\n<li style=\"text-align: left;\">En 2016 fue el 3er a\u00f1o consecutivo de crecimiento del n\u00famero de empresas, despu\u00e9s de seis a\u00f1os de destrucci\u00f3n del tejido empresarial como consecuencia de la crisis econ\u00f3mica. En el conjunto de Espa\u00f1a el incremento fue del 1,4% y en Catalu\u00f1a del 2,1%.<\/li>\n<li style=\"text-align: left;\">El Indicador de Confianza del Consumidor alcanz\u00f3 un nuevo m\u00e1ximo hist\u00f3rico con 108,3 puntos.<\/li>\n<li style=\"text-align: left;\">Hacer lo posible para que las nuevas empresas puedan mantenerse en el tiempo y crear empleo es vital para asegurar un crecimiento consolidado de la actividad econ\u00f3mica. La demanda interna y el consumo se vinculan m\u00e1s al trabajo que al salario.<\/li>\n<li style=\"text-align: left;\">Las elecciones en Francia y el Reino Unido han reducido los factores de riesgo en Europa, pero persiste la amenaza de un giro a pol\u00edticas proteccionistas y no se descartan tensiones geopol\u00edticas.<\/li>\n<li style=\"text-align: left;\">La variaci\u00f3n interanual del IPC para el 2017 se estima en un 0,8%.<\/li>\n<li style=\"text-align: left;\">Las exportaciones de Catalu\u00f1a representan el 25,3% del total de Espa\u00f1a.<\/li>\n<\/ul>\n<\/div><div class=\"iconbox  iconbox-style-10 icon-color-accent color-dark clearfix\"><i class=\"fa fa-paperclip boxicon\" style=\"\"><\/i><h3><\/h3><p><a href=\"http:\/\/www.foment.com\/wp-content\/uploads\/2017\/09\/Informe-coyuntura-Septiembre-2017-castellano-1.pdf\">Informe de Coyuntura Econ\u00f3mica<\/a><\/p><\/div>[vc_column_text]Los indicadores m\u00e1s relevantes de la econom\u00eda espa\u00f1ola y catalana siguen mostrando una notable fortaleza y, en general, son el reflejo de un crecimiento sostenido y robusto gracias, fundamentalmente, al comportamiento de la demanda interna y el consumo. Pese a los datos del mes de agosto, la creaci\u00f3n de empleo en Catalu\u00f1a ha sido continuada desde el 4\u00ba trimestre del a\u00f1o 2013 y el paro se sit\u00faa en el 13,2% -el 17,2% el conjunto de Espa\u00f1a -. El turismo ha registrado r\u00e9cord hist\u00f3rico con 46,9 millones (11,2 en Catalu\u00f1a, el 24,3% del total), hasta el mes de julio y el \u00cdndice de Confianza del Consumidor ha logrado el registro m\u00e1s alto de 108,8 puntos. A pesar de las incertidumbres derivadas de los factores pol\u00edticos, Fomento del trabajo considera que es el momento de apoyar a las nuevas empresas y proyectos emprendedores para generar m\u00e1s empleo, que es esencial para mantener la actividad econ\u00f3mica y el consumo.<\/p>\n<p>El presidente de la Comisi\u00f3n de Econom\u00eda y Fiscalidad de Foment, Valent\u00edn Pich, y el director de Econom\u00eda de Foment, Salvador Guillermo, han presentado el Informe de Coyuntura Econ\u00f3mica correspondiente al tercer trimestre del a\u00f1o.[\/vc_column_text]<div class=\"single_image wpb_content_element align-left    \" data-animation=\"none\" data-delay=\"0\"><img width=\"738\" height=\"443\" src=\"https:\/\/www.foment.com\/wp-content\/uploads\/2017\/09\/grafic-1-informe.png\" class=\"attachment-full\" alt=\"\" loading=\"lazy\" title=\"grafic 1 informe\" srcset=\"https:\/\/www.foment.com\/wp-content\/uploads\/2017\/09\/grafic-1-informe.png 738w, https:\/\/www.foment.com\/wp-content\/uploads\/2017\/09\/grafic-1-informe-300x180.png 300w\" sizes=\"(max-width: 738px) 100vw, 738px\" \/><\/div>[vc_column_text]En su actualizaci\u00f3n de previsiones del mes de julio, el FMI ha mantenido sus estimaciones de crecimiento econ\u00f3mico mundial tanto por 2017 como para 2018: del 3,5% y del 3,6%, respectivamente. Sin embargo, aunque la cifra de proyecci\u00f3n se haya mantenido igual a las previsiones de abril, se han producido cambios en las contribuciones por pa\u00edses. As\u00ed, el FMI ha rebajado las previsiones de crecimiento del PIB de EE.UU., fundamentalmente porque se espera un menor efecto expansivo de la pol\u00edtica fiscal, as\u00ed como de la econom\u00eda del Reino Unido. Por otra parte, el crecimiento de la zona euro, Jap\u00f3n y China ha sido revisado al alza.<\/p>\n<p>Aunque en el corto plazo los riesgos parecen estar balanceados, en el medio plazo predominan los factores de riesgo negativos. Por un lado, la recuperaci\u00f3n en Europa podr\u00eda ser m\u00e1s fuerte de lo esperado, dado que los factores de riesgo pol\u00edtico han disminuido. Por otra parte, un escenario de baja volatilidad de los mercados financieros en un contexto de elevada incertidumbre pol\u00edtica, aumenta la probabilidad de una correcci\u00f3n del mercado, lo que repercutir\u00eda negativamente en el crecimiento y la confianza. El proceso de normalizaci\u00f3n de la pol\u00edtica monetaria en EEUU podr\u00eda generar un endurecimiento de las condiciones en los mercados financieros globales. Tambi\u00e9n persiste el riesgo de un giro hacia pol\u00edticas proteccionistas, y no se descartan tensiones geopol\u00edticas.[\/vc_column_text][vc_column_text]<span style=\"color: #c1002b;\"><strong>CATALU\u00d1A<\/strong><\/span><\/p>\n<p>Por su parte, en julio, el Idescat public\u00f3 el avance del PIB catal\u00e1n del segundo trimestre. El crecimiento intertrimestral del PIB de Catalu\u00f1a deber\u00eda acelerado desde el 0,8% en los primeros tres meses hasta el 1,0% en el segundo trimestre. Respecto al mismo periodo de 2016, el PIB en Catalu\u00f1a habr\u00eda crecido un 2,8%, cifra que se sit\u00faa por debajo de la tasa de variaci\u00f3n interanual del PIB del conjunto de Espa\u00f1a.<\/p>\n<p>El \u00edndice general de cifra de negocios de las actividades de servicios en Espa\u00f1a, corregido de efectos estacionales y de calendario, se ha moderado en junio, con un incremento de 6,5%; 1,4 puntos inferior a los registros de mayo y abril. Por su parte, en Catalu\u00f1a, la subida del \u00edndice general fue de 7,0% (+ 6,8% para el conjunto de Espa\u00f1a).<\/p>\n<p>Por su parte, los datos de entrada de turistas extranjeros correspondientes al acumulado en julio, indican la llegada de 46,9 millones de visitantes en todo el territorio espa\u00f1ol, es decir, un 11,3% m\u00e1s que en igual per\u00edodo del a\u00f1o anterior. Catalu\u00f1a -con 11,2 millones de turistas- ha sido la primera comunidad en cuanto a visitantes internacionales, representando el 24,3% del total. As\u00ed, el ritmo de crecimiento del turismo en Catalu\u00f1a fue del 9,4%.<\/p>\n<p>El \u00edndice de producci\u00f3n industrial -Corregir de efectos estacionales y de calendario- aument\u00f3 un 2,7% en junio en Espa\u00f1a, en t\u00e9rminos interanuales, seis d\u00e9cimas menos que en el mes de mayo. Para Catalu\u00f1a, el \u00edndice general corregido de efectos de calendario registr\u00f3 un incremento de 2,7%, inferior a la media para el conjunto de Espa\u00f1a que fue del 3,5%.<\/p>\n<p>El indicador de cifra de negocios de la industria, en su serie corregida, presenta, en junio, una moderaci\u00f3n respecto al repunte del mes anterior, con un aumento de 5,8% en Espa\u00f1a, frente al 10,7% de mayo . Por su parte, el \u00edndice para Catalu\u00f1a (serie original) creci\u00f3 un 7,9% (+ 6,5% para Espa\u00f1a).<\/p>\n<p>Finalmente, el indicador de confianza del consumidor del CIS avanz\u00f3 al pasar desde los 108,3 puntos en julio, hasta los 108,8 puntos en mayo, manteni\u00e9ndose por encima de los 100 puntos, umbral que divide la percepci\u00f3n negativa (menor a 100) del optimista (mayor a 100). El incremento del \u00edndice se produjo por una mejor valoraci\u00f3n de situaci\u00f3n actual (desde los 103,4 hasta los 105,4 puntos) ya que el \u00edndice de las expectativas descendi\u00f3 (desde los 113,1 hasta los 112, 1 puntos). Es importante destacar que, tanto el ICC como el \u00edndice de situaci\u00f3n actual vuelven a marcar un nuevo m\u00e1ximo hist\u00f3rico y la diferencia entre la valoraci\u00f3n de la situaci\u00f3n actual y las expectativas, siempre favorable a esta \u00faltima, se sit\u00faa en el punto m\u00e1s bajo de toda la serie.[\/vc_column_text][vc_column_text]<span style=\"color: #c1002b;\"><strong>Creaci\u00f3n empresas<\/strong><\/span><\/p>\n<p>Los \u00faltimos datos disponibles sobre la estructura y el dinamismo del tejido empresarial en Espa\u00f1a, publicados el 31 de julio y correspondientes al 2016, permiten constatar que:<\/p>\n<ol>\n<li>El n\u00famero de empresas activas se mantiene en crecimiento.<\/li>\n<li>El tama\u00f1o medio de las empresas espa\u00f1olas es reducido.<\/li>\n<li>M\u00e1s de la mitad de las empresas pertenece al sector \u00abresto de servicios\u00bb.<\/li>\n<li>La poblaci\u00f3n de empresas activas se caracteriza por un gran dinamismo, con una importante presencia de empresas j\u00f3venes.<\/li>\n<li>Catalu\u00f1a concentra la mayor cantidad de empresas activas, as\u00ed como tambi\u00e9n de locales activos.<\/li>\n<\/ol>\n<p>Profundizando en cada aspecto, cabe destacar, que en 2016 fue el tercer a\u00f1o consecutivo de crecimiento en el n\u00famero de empresas, tanto en Espa\u00f1a como en Catalu\u00f1a, despu\u00e9s de 6 a\u00f1os de ininterrumpida destrucci\u00f3n del tejido empresarial debido a la crisis econ\u00f3mica . Sin embargo, mientras en Catalu\u00f1a la recuperaci\u00f3n del tejido empresarial ha mostrado un perfil m\u00e1s din\u00e1mico, en el conjunto de Espa\u00f1a, aunque el n\u00famero de empresas ha ido en aumento, lo ha hecho cada a\u00f1o con menor intensidad. As\u00ed, en 2016 el aumento en Espa\u00f1a fue del 1,4%, mientras que en Catalu\u00f1a el incremento alcanz\u00f3 el 2,1%.<\/p>\n<p>Por otra parte, los datos vuelven a poner en evidencia que el tama\u00f1o de las empresas espa\u00f1olas y catalanas es muy reducida, atendiendo al n\u00famero de asalariados. En este sentido, el 83% de las empresas 2016 ten\u00eda dos o menos asalariados tanto en Espa\u00f1a como en Catalu\u00f1a. Si se consideran s\u00f3lo las empresas con asalariados, las que ten\u00edan 20 o m\u00e1s trabajadores representaron el 4,6% del total en Espa\u00f1a y el 5,5% del total en Catalu\u00f1a.[\/vc_column_text]<div class=\"single_image wpb_content_element align-left    \" data-animation=\"none\" data-delay=\"0\"><img width=\"738\" height=\"443\" src=\"https:\/\/www.foment.com\/wp-content\/uploads\/2017\/09\/grafic-2-informe.png\" class=\"attachment-full\" alt=\"\" loading=\"lazy\" title=\"grafic 2 informe\" srcset=\"https:\/\/www.foment.com\/wp-content\/uploads\/2017\/09\/grafic-2-informe.png 738w, https:\/\/www.foment.com\/wp-content\/uploads\/2017\/09\/grafic-2-informe-300x180.png 300w\" sizes=\"(max-width: 738px) 100vw, 738px\" \/><\/div><div class=\"single_image wpb_content_element align-left    \" data-animation=\"none\" data-delay=\"0\"><img width=\"750\" height=\"437\" src=\"https:\/\/www.foment.com\/wp-content\/uploads\/2017\/09\/grafic-3-informe.png\" class=\"attachment-full\" alt=\"\" loading=\"lazy\" title=\"grafic 3 informe\" srcset=\"https:\/\/www.foment.com\/wp-content\/uploads\/2017\/09\/grafic-3-informe.png 750w, https:\/\/www.foment.com\/wp-content\/uploads\/2017\/09\/grafic-3-informe-300x175.png 300w\" sizes=\"(max-width: 750px) 100vw, 750px\" \/><\/div>[vc_column_text]Como ya se hubiera apuntado en otros informes (ver por ejemplo IC122016), la crisis ha sido excesivamente dura con las peque\u00f1as y medianas empresas. Entre 2007 y 2016 se destruy\u00f3 el 17,8% de las medianas empresas en Espa\u00f1a y el 18,9% en Catalu\u00f1a. Dado que el tejido empresarial de la econom\u00eda espa\u00f1ola se caracteriza por una correlaci\u00f3n positiva entre edad y tama\u00f1o, recuperar el bosque empresarial de peque\u00f1as y medianas empresas implicar\u00e1 muchos a\u00f1os.<\/p>\n<p>La creaci\u00f3n de empleo, debe seguir siendo, en un contexto de un nivel muy elevado de nuestra tasa de paro, eje principal con una pol\u00edtica prudente y flexible de incremento salarial, que se fije en la realidad de las empresas y sectores concretos (de ah\u00ed la amplitud del abanico salarial) por un lado, y en su vinculaci\u00f3n con la productividad laboral (es decir, cuando m\u00e1s se obtiene de producci\u00f3n por unidad de trabajo) que permita esta mejora salarial sin menoscabo de la creaci\u00f3n de empleo, que debe ser sin duda el principal objetivo de las fuerzas sociales y pol\u00edticas de nuestro pa\u00eds.[\/vc_column_text][\/vc_column][\/vc_row]<\/p>\n<\/section>","protected":false},"excerpt":{"rendered":"<p>[vc_row][vc_column width=\u00bb1\/1&#8243;][vc_column_text]Los indicadores m\u00e1s relevantes de la econom\u00eda espa\u00f1ola y catalana siguen mostrando una notable fortaleza y, en general, son el reflejo de un crecimiento sostenido y robusto gracias, fundamentalmente, al comportamiento de la demanda interna y el consumo. Pese a los datos del mes de agosto, la creaci\u00f3n de empleo en Catalu\u00f1a ha sido continuada desde el 4\u00ba trimestre del a\u00f1o 2013 y el paro se sit\u00faa en el 13,2% -el 17,2% el conjunto de Espa\u00f1a -. El turismo ha registrado r\u00e9cord hist\u00f3rico con 46,9 millones (11,2 en Catalu\u00f1a, el 24,3% del total), hasta el mes de julio y el \u00cdndice de Confianza del Consumidor ha logrado el registro m\u00e1s alto de 108,8 puntos. A pesar de las incertidumbres derivadas de los factores pol\u00edticos, Fomento del trabajo considera que es el momento de apoyar a las nuevas empresas y proyectos emprendedores para generar m\u00e1s empleo, que es esencial para mantener la actividad econ\u00f3mica y el consumo. El presidente de la Comisi\u00f3n de Econom\u00eda y Fiscalidad de Foment, Valent\u00edn Pich, y el director de Econom\u00eda de Foment, Salvador Guillermo, han presentado el Informe de Coyuntura Econ\u00f3mica correspondiente al tercer trimestre del a\u00f1o.[\/vc_column_text][vc_column_text]En su actualizaci\u00f3n de previsiones del mes de julio, [&hellip;]<\/p>\n","protected":false},"author":10,"featured_media":38045,"comment_status":"closed","ping_status":"closed","sticky":false,"template":"","format":"standard","meta":{"_links_to":"","_links_to_target":""},"categories":[114,69],"tags":[714,715,716],"acf":[],"wps_subtitle":"El ritmo de recaudaci\u00f3n y el incremento de ingresos derivados del Impuesto de Sociedades en el conjunto de Espa\u00f1a hacen posible alcanzar la cifra del objetivo de d\u00e9ficit del 3,1% el 2017","_links":{"self":[{"href":"https:\/\/www.foment.com\/es\/wp-json\/wp\/v2\/posts\/38041"}],"collection":[{"href":"https:\/\/www.foment.com\/es\/wp-json\/wp\/v2\/posts"}],"about":[{"href":"https:\/\/www.foment.com\/es\/wp-json\/wp\/v2\/types\/post"}],"author":[{"embeddable":true,"href":"https:\/\/www.foment.com\/es\/wp-json\/wp\/v2\/users\/10"}],"replies":[{"embeddable":true,"href":"https:\/\/www.foment.com\/es\/wp-json\/wp\/v2\/comments?post=38041"}],"version-history":[{"count":0,"href":"https:\/\/www.foment.com\/es\/wp-json\/wp\/v2\/posts\/38041\/revisions"}],"wp:featuredmedia":[{"embeddable":true,"href":"https:\/\/www.foment.com\/es\/wp-json\/wp\/v2\/media\/38045"}],"wp:attachment":[{"href":"https:\/\/www.foment.com\/es\/wp-json\/wp\/v2\/media?parent=38041"}],"wp:term":[{"taxonomy":"category","embeddable":true,"href":"https:\/\/www.foment.com\/es\/wp-json\/wp\/v2\/categories?post=38041"},{"taxonomy":"post_tag","embeddable":true,"href":"https:\/\/www.foment.com\/es\/wp-json\/wp\/v2\/tags?post=38041"}],"curies":[{"name":"wp","href":"https:\/\/api.w.org\/{rel}","templated":true}]}}