{"id":38093,"date":"2017-09-08T13:29:57","date_gmt":"2017-09-08T11:29:57","guid":{"rendered":"http:\/\/www.foment.com\/es\/medalla-honor-foment-juan-antonio-samaranch\/"},"modified":"2017-09-08T13:45:31","modified_gmt":"2017-09-08T11:45:31","slug":"medalla-honor-foment-juan-antonio-samaranch","status":"publish","type":"post","link":"https:\/\/www.foment.com\/es\/medalla-honor-foment-juan-antonio-samaranch\/","title":{"rendered":"Medalla de Honor de Foment del Treball, a t\u00edtulo p\u00f3stumo, para Juan Antonio Samaranch"},"content":{"rendered":"<p>El acto de entrega se celebrar\u00e1 en oto\u00f1o en la ceremonia de los <em>X Premios Carlos Ferrer Salat y Medallas de Honor de Foment del Treball.<\/em><strong>\u00a0<\/strong><\/p>\n<p>La Junta Directiva de Foment del Treball ha aprobado, a propuesta del Comit\u00e9 Ejecutivo, \u00a0otorgar la Medalla de Honor de la instituci\u00f3n, a t\u00edtulo p\u00f3stumo, a Juan Antonio Samaranch en reconocimiento a su papel principal y esencial para el \u00e9xito de la candidatura de Barcelona que permiti\u00f3 la celebraci\u00f3n en la capital de Catalunya \u201cde un acontecimiento mundial que dej\u00f3 un legado de orgullo imborrable, transform\u00f3 la ciudad y represent\u00f3 un punto de inflexi\u00f3n en la proyecci\u00f3n internacional de Barcelona\u201d. Foment del Treball ha considerado la oportunidad del galard\u00f3n y el reconocimiento a Juan Antonio Samaranch cuando este a\u00f1o se conmemora el 25 aniversario de la celebraci\u00f3n de los Juegos Ol\u00edmpicos de 1992.<\/p>\n<p>La patronal catalana celebrar\u00e1 en oto\u00f1o la ceremonia de los <em>X Premios Carlos Ferrer Salat y Medallas de Honor de Foment del Treball <\/em>\u00a0a la que asisten destacadas personalidades de la sociedad catalana, empresarios y autoridades. Desde su posici\u00f3n como presidente del COI, Juan Antonio Samaranch fue determinante en 1986 en el triunfo y la nominaci\u00f3n de Barcelona como sede los Juegos Ol\u00edmpicos de 1992, frente a candidaturas de ciudades tan prestigiosas como Amsterdam y Par\u00eds, entre otras.<\/p>\n","protected":false},"excerpt":{"rendered":"<p>El acto de entrega se celebrar\u00e1 en oto\u00f1o en la ceremonia de los X Premios Carlos Ferrer Salat y Medallas de Honor de Foment del Treball.\u00a0 La Junta Directiva de Foment del Treball ha aprobado, a propuesta del Comit\u00e9 Ejecutivo, \u00a0otorgar la Medalla de Honor de la instituci\u00f3n, a t\u00edtulo p\u00f3stumo, a Juan Antonio Samaranch en reconocimiento a su papel principal y esencial para el \u00e9xito de la candidatura de Barcelona que permiti\u00f3 la celebraci\u00f3n en la capital de Catalunya \u201cde un acontecimiento mundial que dej\u00f3 un legado de orgullo imborrable, transform\u00f3 la ciudad y represent\u00f3 un punto de inflexi\u00f3n en la proyecci\u00f3n internacional de Barcelona\u201d. Foment del Treball ha considerado la oportunidad del galard\u00f3n y el reconocimiento a Juan Antonio Samaranch cuando este a\u00f1o se conmemora el 25 aniversario de la celebraci\u00f3n de los Juegos Ol\u00edmpicos de 1992. La patronal catalana celebrar\u00e1 en oto\u00f1o la ceremonia de los X Premios Carlos Ferrer Salat y Medallas de Honor de Foment del Treball \u00a0a la que asisten destacadas personalidades de la sociedad catalana, empresarios y autoridades. Desde su posici\u00f3n como presidente del COI, Juan Antonio Samaranch fue determinante en 1986 en el triunfo y la nominaci\u00f3n de Barcelona como sede los [&hellip;]<\/p>\n","protected":false},"author":7,"featured_media":38106,"comment_status":"closed","ping_status":"closed","sticky":false,"template":"","format":"standard","meta":{"_links_to":"","_links_to_target":""},"categories":[114,68],"tags":[718,719,717,720],"acf":[],"wps_subtitle":"Cuando se conmemora el 25 aniversario de la celebraci\u00f3n de los Juegos Ol\u00edmpicos de Barcelona","_links":{"self":[{"href":"https:\/\/www.foment.com\/es\/wp-json\/wp\/v2\/posts\/38093"}],"collection":[{"href":"https:\/\/www.foment.com\/es\/wp-json\/wp\/v2\/posts"}],"about":[{"href":"https:\/\/www.foment.com\/es\/wp-json\/wp\/v2\/types\/post"}],"author":[{"embeddable":true,"href":"https:\/\/www.foment.com\/es\/wp-json\/wp\/v2\/users\/7"}],"replies":[{"embeddable":true,"href":"https:\/\/www.foment.com\/es\/wp-json\/wp\/v2\/comments?post=38093"}],"version-history":[{"count":0,"href":"https:\/\/www.foment.com\/es\/wp-json\/wp\/v2\/posts\/38093\/revisions"}],"wp:featuredmedia":[{"embeddable":true,"href":"https:\/\/www.foment.com\/es\/wp-json\/wp\/v2\/media\/38106"}],"wp:attachment":[{"href":"https:\/\/www.foment.com\/es\/wp-json\/wp\/v2\/media?parent=38093"}],"wp:term":[{"taxonomy":"category","embeddable":true,"href":"https:\/\/www.foment.com\/es\/wp-json\/wp\/v2\/categories?post=38093"},{"taxonomy":"post_tag","embeddable":true,"href":"https:\/\/www.foment.com\/es\/wp-json\/wp\/v2\/tags?post=38093"}],"curies":[{"name":"wp","href":"https:\/\/api.w.org\/{rel}","templated":true}]}}