{"id":38902,"date":"2017-10-16T11:04:16","date_gmt":"2017-10-16T09:04:16","guid":{"rendered":"http:\/\/www.foment.com\/es\/industria-4-0-no-requereix-filosofia\/"},"modified":"2017-10-19T10:07:40","modified_gmt":"2017-10-19T08:07:40","slug":"industria-4-0-no-requiere-filosofia","status":"publish","type":"post","link":"https:\/\/www.foment.com\/es\/industria-4-0-no-requiere-filosofia\/","title":{"rendered":"La Industria 4.0 no solo es tecnolog\u00eda, es filosof\u00eda"},"content":{"rendered":"<section class=\"wpb-content-wrapper\"><p>[vc_row][vc_column][vc_column_text]La industria est\u00e1 ante una verdadera revoluci\u00f3n, bautizada en Alemania como 4.0., que exige que los sistemas de producci\u00f3n, tanto internos como externos, est\u00e9n interconectados \u00edntegramente y sincronizados en tiempo real. \u00abEuropa ya est\u00e1 inmersa en un proceso de transformaci\u00f3n industrial que debe permitir situarla en el lugar que le corresponde en el conjunto de la econom\u00eda internacional\u00bb, reclama <strong>Joaquim Gay de Montell\u00e0<\/strong>, presidente de Fomento, en su discurso de bienvenida al acto.[\/vc_column_text]<div class=\"spacer\" style=\"height: 10px;\"><\/div>[\/vc_column][\/vc_row][vc_row][vc_column width=\u00bb1\/2&#8243;][vc_column_text]<\/p>\n<blockquote><p>Es esencial un incremento del nivel de competitividad de la industria europea que la convierta en motor de crecimiento y generadora de innovaci\u00f3n y de empleo de calidad.<\/p><\/blockquote>\n<p>[\/vc_column_text]<div class=\"spacer\" style=\"height: 10px;\"><\/div>[\/vc_column][vc_column width=\u00bb1\/2&#8243;]<div class=\"single_image wpb_content_element align-left    \" data-animation=\"none\" data-delay=\"0\"><img width=\"1840\" height=\"1228\" src=\"https:\/\/www.foment.com\/wp-content\/uploads\/2017\/10\/President-de-Foment-Joaquim-Gay-de-Montell\u00e0.jpg\" class=\"attachment-full\" alt=\"\" loading=\"lazy\" title=\"President de Foment Joaquim Gay de Montell\u00e0\" srcset=\"https:\/\/www.foment.com\/wp-content\/uploads\/2017\/10\/President-de-Foment-Joaquim-Gay-de-Montell\u00e0.jpg 1840w, https:\/\/www.foment.com\/wp-content\/uploads\/2017\/10\/President-de-Foment-Joaquim-Gay-de-Montell\u00e0-300x200.jpg 300w, https:\/\/www.foment.com\/wp-content\/uploads\/2017\/10\/President-de-Foment-Joaquim-Gay-de-Montell\u00e0-768x513.jpg 768w, https:\/\/www.foment.com\/wp-content\/uploads\/2017\/10\/President-de-Foment-Joaquim-Gay-de-Montell\u00e0-1024x683.jpg 1024w, https:\/\/www.foment.com\/wp-content\/uploads\/2017\/10\/President-de-Foment-Joaquim-Gay-de-Montell\u00e0-600x400.jpg 600w\" sizes=\"(max-width: 1840px) 100vw, 1840px\" \/><\/div><div class=\"spacer\" style=\"height: 10px;\"><\/div>[\/vc_column][\/vc_row][vc_row][vc_column width=\u00bb1\/1&#8243;][vc_column_text]En este contexto, Catalu\u00f1a, pionera de la industrializaci\u00f3n en Espa\u00f1a, quiere liderar la revoluci\u00f3n 4.0 y la industria del futuro. Con este prop\u00f3sito, se ha celebrado por tercer a\u00f1o consecutivo en Barcelona el IoT Solutions World Congress, un espacio de encuentro mundial donde se exponen las \u00faltimas novedades tecnol\u00f3gicas y estrat\u00e9gicas relacionadas con el internet de las cosas. Un marco excepcional para ubicar el Industrial Meeting de Foment, celebrado por primera vez fuera de su sede, jornada en la que tres grandes empresas como son Seat, Siemens y Bodegas Torres; han expuesto la transformaci\u00f3n de sus modelos productivos con\u00a0<strong>Josep Llu\u00eds Cabestany<\/strong>, Presidente de la Comisi\u00f3n de Industria de Fomento, como moderador de la sesi\u00f3n.[\/vc_column_text]<div class=\"spacer\" style=\"height: 10px;\"><\/div>[\/vc_column][\/vc_row][vc_row][vc_column width=\u00bb1\/1&#8243;][vc_column_text]<\/p>\n<h3><span style=\"color: #c1002b;\"><strong>La vi\u00f1a hace frente al cambio clim\u00e1tico con el IoT<\/strong><\/span><\/h3>\n<p>El primero en intervenir, el Director de Medio Ambiente de Bodegas Torres, <strong>Josep Amado,<\/strong> explica que soluci\u00f3n estrat\u00e9gica y tecnol\u00f3gica est\u00e1\u00a0 tomando la empresa para reducir su impacto sobre el medio ambiente, teniendo en cuenta que el incremento de la temperatura por el cambio clim\u00e1tico afecta muy fuertemente a la producci\u00f3n del sector agrario. En Catalu\u00f1a en los \u00faltimos 50 a\u00f1os ha subido un grado y medio, haciendo perder un 30-40% de la cosecha de la vi\u00f1a, adem\u00e1s de afectar a la calidad del vino y repercutir en un aumento de los costes. \u00abSi no conseguimos detener el cambio clim\u00e1tico puede que no llegamos a la 5\u00aa generaci\u00f3n industrial\u00bb, augura Amado.[\/vc_column_text]<div class=\"spacer\" style=\"height: 10px;\"><\/div>[\/vc_column][\/vc_row][vc_row][vc_column width=\u00bb1\/2&#8243;]<div class=\"single_image wpb_content_element align-left    \" data-animation=\"none\" data-delay=\"0\"><img width=\"1221\" height=\"1332\" src=\"https:\/\/www.foment.com\/wp-content\/uploads\/2017\/10\/Josep-Amado-Bodegues-Torres-1.jpg\" class=\"attachment-full\" alt=\"\" loading=\"lazy\" title=\"Josep Amado Bodegues Torres\" srcset=\"https:\/\/www.foment.com\/wp-content\/uploads\/2017\/10\/Josep-Amado-Bodegues-Torres-1.jpg 1221w, https:\/\/www.foment.com\/wp-content\/uploads\/2017\/10\/Josep-Amado-Bodegues-Torres-1-275x300.jpg 275w, https:\/\/www.foment.com\/wp-content\/uploads\/2017\/10\/Josep-Amado-Bodegues-Torres-1-768x838.jpg 768w, https:\/\/www.foment.com\/wp-content\/uploads\/2017\/10\/Josep-Amado-Bodegues-Torres-1-939x1024.jpg 939w\" sizes=\"(max-width: 1221px) 100vw, 1221px\" \/><\/div><div class=\"spacer\" style=\"height: 10px;\"><\/div>[\/vc_column][vc_column width=\u00bb1\/2&#8243;][vc_column_text]<\/p>\n<blockquote><p>Quieren reducir un 30% las emisiones de CO2 de sus productos de cara al 2020 mediante proyectos de reducci\u00f3n de gases, energ\u00eda renovable, huella h\u00eddrica, movilidad y edificaci\u00f3n sostenible, biodiversidad, gesti\u00f3n de residuos e I + D.<\/p><\/blockquote>\n<p>[\/vc_column_text]<div class=\"spacer\" style=\"height: 10px;\"><\/div>[\/vc_column][\/vc_row][vc_row][vc_column width=\u00bb1\/1&#8243;][vc_column_text]El 91% de las emisiones de CO2 de Bodegas Torres son de sus proveedores, pero la compa\u00f1\u00eda quiere ayudarles a reducirlas. La empresa ha invertido m\u00e1s de 12 millones de euros en energ\u00edas renovables, producen el 25% de la energ\u00eda el\u00e9ctrica de la bodega con biomasa y fotovoltaica. Cada edificio nuevo tiene intercambiadores de geotermia, han reducido el peso del packaging, antes una botella pesaba 540g y ahora 400g. Adem\u00e1s, han apostado por la movilidad sostenible con una flota el\u00e9ctrica, \u00abpero todav\u00eda queda camino por recorrer\u00bb, admite Amado. Otro gran avance es la aplicaci\u00f3n de tecnolog\u00edas para contabilizar las emisiones de CO2. \u00abEn Torres tratamos 35.000 toneladas de uva que en total producen 2,600 toneladas de CO2, la captura y reutilizaci\u00f3n de estos gases son una gran oportunidad\u00bb.[\/vc_column_text]<div class=\"spacer\" style=\"height: 10px;\"><\/div>[\/vc_column][\/vc_row][vc_row][vc_column width=\u00bb1\/1&#8243;][vc_column_text]<\/p>\n<h3><span style=\"color: #c1002b;\">Mirada larga y paso corto<\/span><\/h3>\n<p>El Manager de Automatizaci\u00f3n y Digitalizaci\u00f3n en Catalu\u00f1a de Siemens, <strong>Fernando P\u00e9rez Neira<\/strong>, explica que esta empresa alemana de 170 a\u00f1os de historia y cientos de miles de trabajadores no sabe si existir\u00e1 en los pr\u00f3ximos 15 a\u00f1os con la revoluci\u00f3n que se est\u00e1 viviendo . \u00abPor suerte, hace diez a\u00f1os se decidi\u00f3 hacia donde ir\u00eda la empresa, con mirada larga y paso corto\u00bb.<\/p>\n<p>Para Siemens, la gran ventaja de apostar por la interconexi\u00f3n mediante el Cloud y el Machine Learning es que clientes, fabricantes, desarrolladores, etc .; que antes ve\u00edan la f\u00e1brica como algo de ciencia ficci\u00f3n, ahora podr\u00e1n colaborar. Seg\u00fan explica Neira, las grandes empresas del mundo de la tecnolog\u00eda de la informaci\u00f3n (IT o Information Technology) quer\u00edan acceder a la f\u00e1brica, al mundo industrial, pero no sab\u00edan c\u00f3mo.[\/vc_column_text]<div class=\"spacer\" style=\"height: 10px;\"><\/div>[\/vc_column][\/vc_row][vc_row][vc_column width=\u00bb1\/2&#8243;][vc_column_text]<\/p>\n<blockquote><p>Estas empresas son las que har\u00e1n negocio con la revoluci\u00f3n industrial actual. Las grandes IT pueden aportar mucho al mundo industrial y acabar\u00e1n formando parte de \u00e9l, pero el sector no tiene nada que temer, la ventaja de los trabajadores de la industria es que conocen los procesos.<\/p><\/blockquote>\n<p>[\/vc_column_text]<div class=\"spacer\" style=\"height: 10px;\"><\/div>[\/vc_column][vc_column width=\u00bb1\/2&#8243;]<div class=\"single_image wpb_content_element align-left    \" data-animation=\"none\" data-delay=\"0\"><img width=\"1223\" height=\"1345\" src=\"https:\/\/www.foment.com\/wp-content\/uploads\/2017\/10\/Fernando-Perez-Neira-Siemens-1.jpg\" class=\"attachment-full\" alt=\"\" loading=\"lazy\" title=\"Fernando Perez Neira Siemens\" srcset=\"https:\/\/www.foment.com\/wp-content\/uploads\/2017\/10\/Fernando-Perez-Neira-Siemens-1.jpg 1223w, https:\/\/www.foment.com\/wp-content\/uploads\/2017\/10\/Fernando-Perez-Neira-Siemens-1-273x300.jpg 273w, https:\/\/www.foment.com\/wp-content\/uploads\/2017\/10\/Fernando-Perez-Neira-Siemens-1-768x845.jpg 768w, https:\/\/www.foment.com\/wp-content\/uploads\/2017\/10\/Fernando-Perez-Neira-Siemens-1-931x1024.jpg 931w\" sizes=\"(max-width: 1223px) 100vw, 1223px\" \/><\/div><div class=\"spacer\" style=\"height: 10px;\"><\/div>[\/vc_column][\/vc_row][vc_row][vc_column width=\u00bb1\/1&#8243;][vc_column_text]Para terminar, Neira cita la frase del inform\u00e1tico John McCarthy, que ya apuntaba en 1961 que \u00abalg\u00fan d\u00eda la computaci\u00f3n se organizar\u00e1 como un servicio p\u00fablico\u00bb y a\u00f1ad\u00eda que \u00abel acceso de la gente en la nube ser\u00e1 un derecho y la digitalizaci\u00f3n, una cuesti\u00f3n de Estado \u00ab. Seg\u00fan \u00e9l mismo, \u00abno est\u00e1 pasando nada que no haya pasado antes, pero ahora el cambio ser\u00e1 m\u00e1s r\u00e1pido\u00bb y por este motivo \u00abhay que hacer ahora peque\u00f1as inversiones para estar preparados para el futuro\u00bb.[\/vc_column_text]<div class=\"spacer\" style=\"height: 10px;\"><\/div>[\/vc_column][\/vc_row][vc_row][vc_column width=\u00bb1\/1&#8243;][vc_column_text]<\/p>\n<h3><span style=\"color: #c1002b;\">La evangelizaci\u00f3n digital y tecnol\u00f3gica<\/span><\/h3>\n<p>Para el\u00a0responsable de innovaci\u00f3n y f\u00e1brica inteligente de Seat, <strong>Francisco Requena<\/strong>, \u00abla innovaci\u00f3n tiene m\u00e1s que ver con la filosof\u00eda que con la tecnolog\u00eda. Es como una fruta, lo que ves por fuera y se toca es s\u00f3lo la piel, pero dentro hay algo m\u00e1s, las personas \u00ab, pone de ejemplo Requena.[\/vc_column_text]<div class=\"spacer\" style=\"height: 10px;\"><\/div>[\/vc_column][\/vc_row][vc_row][vc_column width=\u00bb1\/2&#8243;]<div class=\"single_image wpb_content_element align-left    \" data-animation=\"none\" data-delay=\"0\"><img width=\"3343\" height=\"2824\" src=\"https:\/\/www.foment.com\/wp-content\/uploads\/2017\/10\/Francisco-Requena-Seat-1.jpg\" class=\"attachment-full\" alt=\"\" loading=\"lazy\" title=\"Francisco Requena Seat\" srcset=\"https:\/\/www.foment.com\/wp-content\/uploads\/2017\/10\/Francisco-Requena-Seat-1.jpg 3343w, https:\/\/www.foment.com\/wp-content\/uploads\/2017\/10\/Francisco-Requena-Seat-1-300x253.jpg 300w, https:\/\/www.foment.com\/wp-content\/uploads\/2017\/10\/Francisco-Requena-Seat-1-768x649.jpg 768w, https:\/\/www.foment.com\/wp-content\/uploads\/2017\/10\/Francisco-Requena-Seat-1-1024x865.jpg 1024w\" sizes=\"(max-width: 3343px) 100vw, 3343px\" \/><\/div><div class=\"spacer\" style=\"height: 10px;\"><\/div>[\/vc_column][vc_column width=\u00bb1\/2&#8243;][vc_column_text]<\/p>\n<blockquote><p>Esta ola de cambio nos pasar\u00e1 por encima si no estamos alerta, debemos liderarla, pero c\u00f3mo hacerlo? Debemos transmitir el virus de la innovaci\u00f3n en las personas para que lideran el cambio.<\/p><\/blockquote>\n<p>[\/vc_column_text]<div class=\"spacer\" style=\"height: 10px;\"><\/div>[\/vc_column][\/vc_row][vc_row][vc_column width=\u00bb1\/1&#8243;][vc_column_text]Cada d\u00eda se publican muchas cosas comparando la revoluci\u00f3n industrial con \u00ab<em>Terminator<\/em>\u00bb o \u00ab<em>2001: Odisea en el espacio<\/em>\u00ab, Requena no est\u00e1 de acuerdo y cree que se debe gestionar mejor lo que se dice respecto a la destrucci\u00f3n de puestos de trabajo, por ejemplo. \u00abLas personas que hace mucho tiempo que trabajan en la industria, los tenemos que aprovechar y que lideren el cambio, porque tienen mucha experiencia\u00bb, a\u00f1ade.<\/p>\n<p>Seg\u00fan \u00e9l, lo que hay que preguntarse es si tenemos estructuras empresariales que no propician que se pueda innovar \u00abEn Seat se forma a la gente para que aprendan a innovar. Hemos creado un m\u00f3dulo formador-informador para que nuestros trabajadores experimenten como ser\u00eda la f\u00e1brica del futuro, pero lo m\u00e1s importante es la informaci\u00f3n que nos comparten a posteriori: miedos, ideas, sugerenciaes\u00bb, dice Requena.<\/p>\n<p>Cada departamento o \u00e1rea de Seat define su visi\u00f3n digital, es como una \u00abevangelizaci\u00f3n digital y tecnol\u00f3gica\u00bb. \u00abLos trabajadores han decidido c\u00f3mo quieren utilizar en el futuro la digitalizaci\u00f3n con el apoyo del equipo de Smart Factory que une la f\u00e1brica con IT\u00bb. Asimismo, existen \u00ablaboratorios \u00e1giles para que los departamentos puedan definir o redise\u00f1ar el futuro digital y hacerlo aterrizar en ideas concretas\u00bb.<\/p>\n<p>Por ello, a la hora de digitalizar una organizaci\u00f3n, adem\u00e1s de conectar las m\u00e1quinas, Requena aconseja que hay que hablar con los trabajadores primero y luego buscar la tecnolog\u00eda que te ayude, \u00abporque si no tienes localizado el problema te pondr\u00e1n una herramienta que no te solucionar\u00e1 nada \u00ab. Integrar la innovaci\u00f3n es clave: \u00abHay grandes empresas que invierten mucho en tecnolog\u00eda pero no integran la innovaci\u00f3n, entonces se transforman en grandes empresas caras\u00bb, sentencia Requena.[\/vc_column_text][vc_raw_js]JTNDYSUyMGRhdGEtZmxpY2tyLWVtYmVkJTNEJTIydHJ1ZSUyMiUyMCUyMGhyZWYlM0QlMjJodHRwcyUzQSUyRiUyRnd3dy5mbGlja3IuY29tJTJGcGhvdG9zJTJGZm9tZW50ZGVsdHJlYmFsbCUyRmFsYnVtcyUyRjcyMTU3Njg1OTA0NzU4OTkyJTIyJTIwdGl0bGUlM0QlMjIzci4lMjBJbmR1c3RyaWFsJTIwTWVldGluZyUyMiUzRSUzQ2ltZyUyMHNyYyUzRCUyMmh0dHBzJTNBJTJGJTJGZmFybTUuc3RhdGljZmxpY2tyLmNvbSUyRjQ0NzUlMkYyMzY3NzAyMjMxOF8xYmU3MDljZjVkX3ouanBnJTIyJTIwd2lkdGglM0QlMjI2NDAlMjIlMjBoZWlnaHQlM0QlMjI0MjclMjIlMjBhbHQlM0QlMjIzci4lMjBJbmR1c3RyaWFsJTIwTWVldGluZyUyMiUzRSUzQyUyRmElM0UlM0NzY3JpcHQlMjBhc3luYyUyMHNyYyUzRCUyMiUyRiUyRmVtYmVkci5mbGlja3IuY29tJTJGYXNzZXRzJTJGY2xpZW50LWNvZGUuanMlMjIlMjBjaGFyc2V0JTNEJTIydXRmLTglMjIlM0UlM0MlMkZzY3JpcHQlM0U=[\/vc_raw_js][\/vc_column][\/vc_row]<\/p>\n<\/section>","protected":false},"excerpt":{"rendered":"<p>[vc_row][vc_column][vc_column_text]La industria est\u00e1 ante una verdadera revoluci\u00f3n, bautizada en Alemania como 4.0., que exige que los sistemas de producci\u00f3n, tanto internos como externos, est\u00e9n interconectados \u00edntegramente y sincronizados en tiempo real. \u00abEuropa ya est\u00e1 inmersa en un proceso de transformaci\u00f3n industrial que debe permitir situarla en el lugar que le corresponde en el conjunto de la econom\u00eda internacional\u00bb, reclama Joaquim Gay de Montell\u00e0, presidente de Fomento, en su discurso de bienvenida al acto.[\/vc_column_text][\/vc_column][\/vc_row][vc_row][vc_column width=\u00bb1\/2&#8243;][vc_column_text] Es esencial un incremento del nivel de competitividad de la industria europea que la convierta en motor de crecimiento y generadora de innovaci\u00f3n y de empleo de calidad. [\/vc_column_text][\/vc_column][vc_column width=\u00bb1\/2&#8243;][\/vc_column][\/vc_row][vc_row][vc_column width=\u00bb1\/1&#8243;][vc_column_text]En este contexto, Catalu\u00f1a, pionera de la industrializaci\u00f3n en Espa\u00f1a, quiere liderar la revoluci\u00f3n 4.0 y la industria del futuro. Con este prop\u00f3sito, se ha celebrado por tercer a\u00f1o consecutivo en Barcelona el IoT Solutions World Congress, un espacio de encuentro mundial donde se exponen las \u00faltimas novedades tecnol\u00f3gicas y estrat\u00e9gicas relacionadas con el internet de las cosas. Un marco excepcional para ubicar el Industrial Meeting de Foment, celebrado por primera vez fuera de su sede, jornada en la que tres grandes empresas como son Seat, Siemens y Bodegas Torres; han expuesto la transformaci\u00f3n de sus [&hellip;]<\/p>\n","protected":false},"author":10,"featured_media":126455,"comment_status":"closed","ping_status":"closed","sticky":false,"template":"","format":"standard","meta":{"_links_to":"","_links_to_target":""},"categories":[114,68,70,71],"tags":[632,741],"acf":[],"wps_subtitle":"El 3r Industrial Meeting nos descubre que las nuevas aplicaciones tecnol\u00f3gicas que ofrece la 'Industria 4.0' son fundamentales para el futuro del sector, pero tambi\u00e9n se necesitan buenas ideas","_links":{"self":[{"href":"https:\/\/www.foment.com\/es\/wp-json\/wp\/v2\/posts\/38902"}],"collection":[{"href":"https:\/\/www.foment.com\/es\/wp-json\/wp\/v2\/posts"}],"about":[{"href":"https:\/\/www.foment.com\/es\/wp-json\/wp\/v2\/types\/post"}],"author":[{"embeddable":true,"href":"https:\/\/www.foment.com\/es\/wp-json\/wp\/v2\/users\/10"}],"replies":[{"embeddable":true,"href":"https:\/\/www.foment.com\/es\/wp-json\/wp\/v2\/comments?post=38902"}],"version-history":[{"count":0,"href":"https:\/\/www.foment.com\/es\/wp-json\/wp\/v2\/posts\/38902\/revisions"}],"wp:featuredmedia":[{"embeddable":true,"href":"https:\/\/www.foment.com\/es\/wp-json\/wp\/v2\/media\/126455"}],"wp:attachment":[{"href":"https:\/\/www.foment.com\/es\/wp-json\/wp\/v2\/media?parent=38902"}],"wp:term":[{"taxonomy":"category","embeddable":true,"href":"https:\/\/www.foment.com\/es\/wp-json\/wp\/v2\/categories?post=38902"},{"taxonomy":"post_tag","embeddable":true,"href":"https:\/\/www.foment.com\/es\/wp-json\/wp\/v2\/tags?post=38902"}],"curies":[{"name":"wp","href":"https:\/\/api.w.org\/{rel}","templated":true}]}}