{"id":40736,"date":"2017-11-22T19:55:37","date_gmt":"2017-11-22T18:55:37","guid":{"rendered":"http:\/\/www.foment.com\/es\/?p=40736"},"modified":"2017-11-22T22:56:29","modified_gmt":"2017-11-22T21:56:29","slug":"gay-montella-anima-emprender-proyectos-impacto-internacional-recuerda-barcelona92","status":"publish","type":"post","link":"https:\/\/www.foment.com\/es\/gay-montella-anima-emprender-proyectos-impacto-internacional-recuerda-barcelona92\/","title":{"rendered":"Gay de Montell\u00e0 anima a emprender proyectos de futuro con impacto internacional y recuerda Barcelona 92"},"content":{"rendered":"<section class=\"wpb-content-wrapper\"><p>[vc_row][vc_column][vc_column_text]El presidente de Foment del Treball, Joaquim Gay de Montell\u00e0, ha apelado hoy, en su discurso de apertura en el acto de entrega de los Premios Carles Ferrer Salat y las Medallas de Honor de Foment del Treball, a recuperar el esp\u00edritu emprendedor que vivi\u00f3 Barcelona hace 25 a\u00f1os con motivo de la celebraci\u00f3n de los Juegos Ol\u00edmpicos de Barcelona 92 y anim\u00f3 por ello a \u201ctrabajar y emprender proyectos de futuro para Catalunya y su capital con impacto internacional\u201d. El presidente de la patronal catalana ha pronunciado estas palabras ante la presencia del presidente del Gobierno espa\u00f1ol, Mariano Rajoy, que ha presidido la ceremonia.<\/p>\n<p>[\/vc_column_text][vc_raw_html]JTNDYSUyMGRhdGEtZmxpY2tyLWVtYmVkJTNEJTIydHJ1ZSUyMiUyMCUyMGhyZWYlM0QlMjJodHRwcyUzQSUyRiUyRnd3dy5mbGlja3IuY29tJTJGcGhvdG9zJTJGZm9tZW50ZGVsdHJlYmFsbCUyRmFsYnVtcyUyRjcyMTU3Njg5OTQ2OTUxNzc1JTIyJTIwdGl0bGUlM0QlMjJGb21lbnQlMjBkZWwlMjBUcmViYWxsJTIwZGlzdGluZ2VpeCUyMGElMjBBbmElMjBCb3QlQzMlQURuJTIwYW1iJTIwbGElMjBNZWRhbGxhJTIwZCVFMiU4MCU5OUhvbm9yJTIwY29tJTIwYSUyMEVtcHJlc2FyaSUyMGRlJTIwbCVFMiU4MCU5OUFueSUyMiUzRSUzQ2ltZyUyMHNyYyUzRCUyMmh0dHBzJTNBJTJGJTJGZmFybTUuc3RhdGljZmxpY2tyLmNvbSUyRjQ1NTglMkYzODUzMDc2OTAwNl9hZmUxMDA0YmM1X3ouanBnJTIyJTIwd2lkdGglM0QlMjI2NDAlMjIlMjBoZWlnaHQlM0QlMjI0MjclMjIlMjBhbHQlM0QlMjJGb21lbnQlMjBkZWwlMjBUcmViYWxsJTIwZGlzdGluZ2VpeCUyMGElMjBBbmElMjBCb3QlQzMlQURuJTIwYW1iJTIwbGElMjBNZWRhbGxhJTIwZCVFMiU4MCU5OUhvbm9yJTIwY29tJTIwYSUyMEVtcHJlc2FyaSUyMGRlJTIwbCVFMiU4MCU5OUFueSUyMiUzRSUzQyUyRmElM0UlM0NzY3JpcHQlMjBhc3luYyUyMHNyYyUzRCUyMiUyRiUyRmVtYmVkci5mbGlja3IuY29tJTJGYXNzZXRzJTJGY2xpZW50LWNvZGUuanMlMjIlMjBjaGFyc2V0JTNEJTIydXRmLTglMjIlM0UlM0MlMkZzY3JpcHQlM0U=[\/vc_raw_html][vc_column_text]Precisamente Foment entrega hoy\u00a0<em>in memoriam<\/em>\u00a0una de sus tres Medallas de Honor a Juan Antonio Samaranch como homenaje y en reconocimiento a su papel protagonista y esencial en el \u00e9xito de Barcelona como sede de los Juegos Ol\u00edmpicos. La Medalla la recoge su hijo Juan Antonia Samaranch, que pronunciar\u00e1 unas palabras\u00a0 en representaci\u00f3n del resto de premiados.<\/p>\n<p>Gay de Montell\u00e0 ha insistido en que nuestro reto y compromiso es el crecimiento y la creaci\u00f3n de empleo. \u201cHay que compartir los objetivos y, entre todos, conducir los pr\u00f3ximos meses desde la lealtad mutua, el di\u00e1logo constructivo y la confianza. S\u00e9 que no es f\u00e1cil \u2013ha a\u00f1adido- hay que recuperar la estabilidad pol\u00edtica y la certidumbre econ\u00f3mica en un marco de convivencia y respeto a la legalidad\u201d.<\/p>\n<p>Del mismo modo, el presidente de los empresarios catalanes, asegur\u00f3 que la instituci\u00f3n tiene el doble prop\u00f3sito de \u201cprocurar que las empresas vuelvan y contribuir a recuperar el crecimiento, el consumo y las inversiones. Un doble objetivo para Catalunya y para toda Espa\u00f1a\u201d. En este punto consider\u00f3 que \u201ctal vez sea necesario adoptar medidas que lo incentiven,\u00a0 a la vez que un plan de choque econ\u00f3mico que frene las consecuencias que en el medio y largo plazo pudiera tener todo lo ocurrido en las \u00faltimas semanas\u201d.<\/p>\n<p>Por \u00faltimo, Gay de Montell\u00e0 elogi\u00f3 Catalunya y Barcelona por ser una de las sociedades europeas m\u00e1s emprendedoras e innovadoras. \u201cSomo una sociedad abierta \u2013dijo- que ha sido capaz de crear grandes empresas en los sectores principales\u201d.[\/vc_column_text][\/vc_column][\/vc_row]<\/p>\n<\/section>","protected":false},"excerpt":{"rendered":"<p>[vc_row][vc_column][vc_column_text]El presidente de Foment del Treball, Joaquim Gay de Montell\u00e0, ha apelado hoy, en su discurso de apertura en el acto de entrega de los Premios Carles Ferrer Salat y las Medallas de Honor de Foment del Treball, a recuperar el esp\u00edritu emprendedor que vivi\u00f3 Barcelona hace 25 a\u00f1os con motivo de la celebraci\u00f3n de los Juegos Ol\u00edmpicos de Barcelona 92 y anim\u00f3 por ello a \u201ctrabajar y emprender proyectos de futuro para Catalunya y su capital con impacto internacional\u201d. El presidente de la patronal catalana ha pronunciado estas palabras ante la presencia del presidente del Gobierno espa\u00f1ol, Mariano Rajoy, que ha presidido la ceremonia. [\/vc_column_text][vc_raw_html]JTNDYSUyMGRhdGEtZmxpY2tyLWVtYmVkJTNEJTIydHJ1ZSUyMiUyMCUyMGhyZWYlM0QlMjJodHRwcyUzQSUyRiUyRnd3dy5mbGlja3IuY29tJTJGcGhvdG9zJTJGZm9tZW50ZGVsdHJlYmFsbCUyRmFsYnVtcyUyRjcyMTU3Njg5OTQ2OTUxNzc1JTIyJTIwdGl0bGUlM0QlMjJGb21lbnQlMjBkZWwlMjBUcmViYWxsJTIwZGlzdGluZ2VpeCUyMGElMjBBbmElMjBCb3QlQzMlQURuJTIwYW1iJTIwbGElMjBNZWRhbGxhJTIwZCVFMiU4MCU5OUhvbm9yJTIwY29tJTIwYSUyMEVtcHJlc2FyaSUyMGRlJTIwbCVFMiU4MCU5OUFueSUyMiUzRSUzQ2ltZyUyMHNyYyUzRCUyMmh0dHBzJTNBJTJGJTJGZmFybTUuc3RhdGljZmxpY2tyLmNvbSUyRjQ1NTglMkYzODUzMDc2OTAwNl9hZmUxMDA0YmM1X3ouanBnJTIyJTIwd2lkdGglM0QlMjI2NDAlMjIlMjBoZWlnaHQlM0QlMjI0MjclMjIlMjBhbHQlM0QlMjJGb21lbnQlMjBkZWwlMjBUcmViYWxsJTIwZGlzdGluZ2VpeCUyMGElMjBBbmElMjBCb3QlQzMlQURuJTIwYW1iJTIwbGElMjBNZWRhbGxhJTIwZCVFMiU4MCU5OUhvbm9yJTIwY29tJTIwYSUyMEVtcHJlc2FyaSUyMGRlJTIwbCVFMiU4MCU5OUFueSUyMiUzRSUzQyUyRmElM0UlM0NzY3JpcHQlMjBhc3luYyUyMHNyYyUzRCUyMiUyRiUyRmVtYmVkci5mbGlja3IuY29tJTJGYXNzZXRzJTJGY2xpZW50LWNvZGUuanMlMjIlMjBjaGFyc2V0JTNEJTIydXRmLTglMjIlM0UlM0MlMkZzY3JpcHQlM0U=[\/vc_raw_html][vc_column_text]Precisamente Foment entrega hoy\u00a0in memoriam\u00a0una de sus tres Medallas de Honor a Juan Antonio Samaranch como homenaje y en reconocimiento a su papel protagonista y esencial en el \u00e9xito de Barcelona como sede de los Juegos Ol\u00edmpicos. La Medalla la recoge su hijo Juan Antonia Samaranch, que pronunciar\u00e1 unas palabras\u00a0 en representaci\u00f3n del resto de premiados. Gay de Montell\u00e0 ha insistido en que nuestro reto y compromiso es el crecimiento y la creaci\u00f3n de empleo. \u201cHay que compartir los objetivos y, entre todos, conducir los pr\u00f3ximos meses desde la lealtad mutua, el di\u00e1logo constructivo y [&hellip;]<\/p>\n","protected":false},"author":10,"featured_media":40757,"comment_status":"closed","ping_status":"closed","sticky":false,"template":"","format":"standard","meta":{"_links_to":"","_links_to_target":""},"categories":[114,68,127],"tags":[247,767,765,768],"acf":[],"wps_subtitle":"","_links":{"self":[{"href":"https:\/\/www.foment.com\/es\/wp-json\/wp\/v2\/posts\/40736"}],"collection":[{"href":"https:\/\/www.foment.com\/es\/wp-json\/wp\/v2\/posts"}],"about":[{"href":"https:\/\/www.foment.com\/es\/wp-json\/wp\/v2\/types\/post"}],"author":[{"embeddable":true,"href":"https:\/\/www.foment.com\/es\/wp-json\/wp\/v2\/users\/10"}],"replies":[{"embeddable":true,"href":"https:\/\/www.foment.com\/es\/wp-json\/wp\/v2\/comments?post=40736"}],"version-history":[{"count":0,"href":"https:\/\/www.foment.com\/es\/wp-json\/wp\/v2\/posts\/40736\/revisions"}],"wp:featuredmedia":[{"embeddable":true,"href":"https:\/\/www.foment.com\/es\/wp-json\/wp\/v2\/media\/40757"}],"wp:attachment":[{"href":"https:\/\/www.foment.com\/es\/wp-json\/wp\/v2\/media?parent=40736"}],"wp:term":[{"taxonomy":"category","embeddable":true,"href":"https:\/\/www.foment.com\/es\/wp-json\/wp\/v2\/categories?post=40736"},{"taxonomy":"post_tag","embeddable":true,"href":"https:\/\/www.foment.com\/es\/wp-json\/wp\/v2\/tags?post=40736"}],"curies":[{"name":"wp","href":"https:\/\/api.w.org\/{rel}","templated":true}]}}