{"id":40834,"date":"2017-11-28T16:34:16","date_gmt":"2017-11-28T15:34:16","guid":{"rendered":"http:\/\/www.foment.com\/es\/?p=40834"},"modified":"2017-11-28T17:12:21","modified_gmt":"2017-11-28T16:12:21","slug":"incertidumbre-politica-prolongada-lastrara-economia","status":"publish","type":"post","link":"https:\/\/www.foment.com\/es\/incertidumbre-politica-prolongada-lastrara-economia\/","title":{"rendered":"Analistas coinciden en que la incertidumbre pol\u00edtica prolongada lastrar\u00e1 la econom\u00eda catalana, pero tambi\u00e9n la espa\u00f1ola"},"content":{"rendered":"<section class=\"wpb-content-wrapper\"><p>[vc_row][vc_column]<div class=\"iconbox  iconbox-style-10 icon-color-accent color-dark clearfix\"><i class=\"fa fa-paperclip boxicon\" style=\"\"><\/i><h3>Departamento de Econom\u00eda y Fiscalidad<\/h3><p><a href=\"http:\/\/www.foment.com\/wp-content\/uploads\/2017\/11\/Nota-Econom\u00eda-Incidencia-del-escenario-pol\u00edtico-en-la-actividad-econ\u00f3mica-y-empresarial.pdf\"><span class=\"scayt-misspell-word\" data-scayt-word=\"Informe\" data-scayt-lang=\"en_US\">Informe<\/span>\u00a0<span class=\"scayt-misspell-word\" data-scayt-word=\"sobre\" data-scayt-lang=\"en_US\">sobre<\/span>\u00a0<strong>&#8216;<span class=\"scayt-misspell-word\" data-scayt-word=\"Incidencia\" data-scayt-lang=\"en_US\">Incidencia<\/span> del <span class=\"scayt-misspell-word\" data-scayt-word=\"escenario\" data-scayt-lang=\"en_US\">escenario<\/span> <span class=\"scayt-misspell-word\" data-scayt-word=\"pol\u00edtico\" data-scayt-lang=\"en_US\">pol\u00edtico<\/span>\u00a0en la <span class=\"scayt-misspell-word\" data-scayt-word=\"actividad\" data-scayt-lang=\"en_US\">actividad<\/span>\u00a0<span class=\"scayt-misspell-word\" data-scayt-word=\"econ\u00f3mica\" data-scayt-lang=\"en_US\">econ\u00f3mica<\/span>\u00a0y\u00a0<span class=\"scayt-misspell-word\" data-scayt-word=\"empresarial\" data-scayt-lang=\"en_US\">empresarial<\/span>&#8216;<\/strong><\/a><\/p>\n<p><a href=\"http:\/\/www.foment.com\/wp-content\/uploads\/2017\/11\/Presentaci\u00f3n-Nota-de-Econom\u00eda.pdf\">Presentaci\u00f3n del Informe<\/a><\/p><\/div>[vc_column_text]La pr\u00e1ctica totalidad\u00a0 de los analistas y centros de estudio y an\u00e1lisis econ\u00f3mico coinciden en sus previsiones en la consideraci\u00f3n de que si la incertidumbre y tensi\u00f3n pol\u00edtica se mantiene en Catalunya, tendr\u00e1 consecuencias respecto al crecimiento de la econom\u00eda catalana con la contracci\u00f3n del PIB entre tres d\u00e9cimas y 2,5 puntos porcentuales desde el 2017 y hasta el 2019. La actividad econ\u00f3mica se ralentizar\u00eda en consumo e inversiones internacionales de forma proporcional a la intensidad de la crisis pol\u00edtica. Pero no s\u00f3lo la econom\u00eda catalana resultar\u00e1 perjudicada, sino tambi\u00e9n la espa\u00f1ola y, en general, la \u201cmarca Espa\u00f1a\u201d y, por lo tanto, el resto de comunidades aut\u00f3nomas, con especial incidencia las que se encuentran m\u00e1s cercanas a Catalunya como son Arag\u00f3n, Comunidad Valenciana y La Rioja. La Comisi\u00f3n Europea, no obstante, es precavida y en su \u00faltimo informe de oto\u00f1o se\u00f1ala que las reacciones del mercado a los recientes eventos en Catalunya se mantuvieron \u201ccontenidas\u201d, aunque alerta del riesgo sobre c\u00f3mo afectar\u00e1n \u00a0los futuros acontecimientos pol\u00edticos al crecimiento econ\u00f3mico.<\/p>\n<p>El presidente de la Comisi\u00f3n de Econom\u00eda y Fiscalidad, Valent\u00ed Pich, y el director de Econom\u00eda de Foment del Treball, Salvador Guillermo, han presentado hoy el informe \u201cIncidencia del escenario pol\u00edtico en la actividad econ\u00f3mica y empresarial\u201d en el que concluye con los indicadores m\u00e1s recientes de la actividad en Catalunya como son: la evoluci\u00f3n de las cotizaciones en bolsa \u2013pierde ritmo el crecimiento del Ibex en relaci\u00f3n a los \u00edndices de referencia europeos-; la actividad industrial \u2013se muestra insensible a la coyuntura pol\u00edtica-; ventas en turismo y consumo, en general \u2013ritmo m\u00e1s moderado en relaci\u00f3n al resto de Espa\u00f1a; y matriculaciones de veh\u00edculos \u2013ca\u00edda de un 4,3%-; actividad hotelera \u2013reducci\u00f3n de un 13% de la facturaci\u00f3n.<\/p>\n<p>No obstante, la patronal catalana mantiene que la econom\u00eda catalana tiene capacidad para reponerse gracias al peso de la industria y siempre que se mantenga la serenidad pol\u00edtica e institucional que evite \u201cambientes propicios al boicot \u2013actualmente muy testimonial- y focalizado hacia determinadas marcas notorias que se proveen de materia prima suministrada desde comunidades aut\u00f3nomas\u201d.[\/vc_column_text]<div class=\"single_image wpb_content_element align-left    \" data-animation=\"none\" data-delay=\"0\"><img width=\"738\" height=\"443\" src=\"https:\/\/www.foment.com\/wp-content\/uploads\/2017\/11\/grafic_1.png\" class=\"attachment-full\" alt=\"\" loading=\"lazy\" title=\"grafic_1\" srcset=\"https:\/\/www.foment.com\/wp-content\/uploads\/2017\/11\/grafic_1.png 738w, https:\/\/www.foment.com\/wp-content\/uploads\/2017\/11\/grafic_1-300x180.png 300w\" sizes=\"(max-width: 738px) 100vw, 738px\" \/><\/div>[vc_column_text]A pesar de que Catalunya en los \u00faltimos a\u00f1os ha incrementado sus exportaciones\u00a0 internacionales (2\/3) respecto a las ventas a la comunidades aut\u00f3nomas (1\/3) es necesario valorar adecuadamente los flujos comerciales que son de super\u00e1vit respecto a las comunidades aut\u00f3nomas (17.378 millones de euros). De este modo, la p\u00e9rdida que pueda derivarse por un posible boicot puede afectar a la venta de bienes con el resto de CCAA.<\/p>\n<p>&nbsp;<\/p>\n<h3><span style=\"color: #c1002b;\"><strong>\u00a0<\/strong><strong>Salida de empresas<\/strong><\/span><\/h3>\n<p>Respecto al cambio de sede social y fiscal que se ha producido en las \u00faltimas semanas en empresas catalanas muy relevantes, el informe mantiene que una relocalizaci\u00f3n motivada por cuestiones de car\u00e1cter estrictamente jur\u00eddico o fiscal ante un elevado riesgo pol\u00edtico, no tendr\u00eda impactos muy significativos desde el punto de vista econ\u00f3mico en el corto plazo porque la actividad de la empresa permanece en el \u00e1mbito original.<\/p>\n<p>El informe realiza un detallado an\u00e1lisis sobre grandes, peque\u00f1as y medianas empresas en los pa\u00edses europeos y su relaci\u00f3n con la productividad y el PIB. Espa\u00f1a muestra una menor presencia de empresas medianas y grandes, respecto a otros pa\u00edses y \u00e9stas ocupan el 40,8% de los trabajadores. \u00danicamente por debajo de Espa\u00f1a se sit\u00faa Italia donde las grandes empresas ocupan el 33,7% del empleo, y Portugal. Las empresas grandes adem\u00e1s tienen mayor capacidad exportadora y actividad internacional. Es por ello, tan relevante aplicar y ejecutar pol\u00edticas que ayuden a incrementar el tama\u00f1o de las empresas.<\/p>\n<p>Respecto a la movilidad empresarial registrada como consecuencia de la convocatoria del refer\u00e9ndum del 1 de octubre, el informe considera que \u201ca pesar\u00a0 de los grandes atractivos y cualidades que se dan en Catalunya, que pudieran favorecer la entrada de capital exterior, ser\u00e1 necesario disponer de un entorno de estabilidad institucional y pol\u00edtica para revertir en los pr\u00f3ximos meses la crisis de confianza que se ha dado en la actividad econ\u00f3mica y empresarial de Catalunya\u201d.[\/vc_column_text][\/vc_column][\/vc_row]<\/p>\n<\/section>","protected":false},"excerpt":{"rendered":"<p>[vc_row][vc_column][vc_column_text]La pr\u00e1ctica totalidad\u00a0 de los analistas y centros de estudio y an\u00e1lisis econ\u00f3mico coinciden en sus previsiones en la consideraci\u00f3n de que si la incertidumbre y tensi\u00f3n pol\u00edtica se mantiene en Catalunya, tendr\u00e1 consecuencias respecto al crecimiento de la econom\u00eda catalana con la contracci\u00f3n del PIB entre tres d\u00e9cimas y 2,5 puntos porcentuales desde el 2017 y hasta el 2019. La actividad econ\u00f3mica se ralentizar\u00eda en consumo e inversiones internacionales de forma proporcional a la intensidad de la crisis pol\u00edtica. Pero no s\u00f3lo la econom\u00eda catalana resultar\u00e1 perjudicada, sino tambi\u00e9n la espa\u00f1ola y, en general, la \u201cmarca Espa\u00f1a\u201d y, por lo tanto, el resto de comunidades aut\u00f3nomas, con especial incidencia las que se encuentran m\u00e1s cercanas a Catalunya como son Arag\u00f3n, Comunidad Valenciana y La Rioja. La Comisi\u00f3n Europea, no obstante, es precavida y en su \u00faltimo informe de oto\u00f1o se\u00f1ala que las reacciones del mercado a los recientes eventos en Catalunya se mantuvieron \u201ccontenidas\u201d, aunque alerta del riesgo sobre c\u00f3mo afectar\u00e1n \u00a0los futuros acontecimientos pol\u00edticos al crecimiento econ\u00f3mico. El presidente de la Comisi\u00f3n de Econom\u00eda y Fiscalidad, Valent\u00ed Pich, y el director de Econom\u00eda de Foment del Treball, Salvador Guillermo, han presentado hoy el informe \u201cIncidencia del escenario pol\u00edtico [&hellip;]<\/p>\n","protected":false},"author":10,"featured_media":40838,"comment_status":"closed","ping_status":"closed","sticky":false,"template":"","format":"standard","meta":{"_links_to":"","_links_to_target":""},"categories":[114,69],"tags":[212],"acf":[],"wps_subtitle":"","_links":{"self":[{"href":"https:\/\/www.foment.com\/es\/wp-json\/wp\/v2\/posts\/40834"}],"collection":[{"href":"https:\/\/www.foment.com\/es\/wp-json\/wp\/v2\/posts"}],"about":[{"href":"https:\/\/www.foment.com\/es\/wp-json\/wp\/v2\/types\/post"}],"author":[{"embeddable":true,"href":"https:\/\/www.foment.com\/es\/wp-json\/wp\/v2\/users\/10"}],"replies":[{"embeddable":true,"href":"https:\/\/www.foment.com\/es\/wp-json\/wp\/v2\/comments?post=40834"}],"version-history":[{"count":0,"href":"https:\/\/www.foment.com\/es\/wp-json\/wp\/v2\/posts\/40834\/revisions"}],"wp:featuredmedia":[{"embeddable":true,"href":"https:\/\/www.foment.com\/es\/wp-json\/wp\/v2\/media\/40838"}],"wp:attachment":[{"href":"https:\/\/www.foment.com\/es\/wp-json\/wp\/v2\/media?parent=40834"}],"wp:term":[{"taxonomy":"category","embeddable":true,"href":"https:\/\/www.foment.com\/es\/wp-json\/wp\/v2\/categories?post=40834"},{"taxonomy":"post_tag","embeddable":true,"href":"https:\/\/www.foment.com\/es\/wp-json\/wp\/v2\/tags?post=40834"}],"curies":[{"name":"wp","href":"https:\/\/api.w.org\/{rel}","templated":true}]}}