{"id":41161,"date":"2017-12-27T10:30:03","date_gmt":"2017-12-27T09:30:03","guid":{"rendered":"http:\/\/www.foment.com\/es\/numero-hivern-f-revista-foment-classes-mitjanes\/"},"modified":"2024-01-11T10:12:20","modified_gmt":"2024-01-11T09:12:20","slug":"numero-invierno-f-revista-foment-clases-medias","status":"publish","type":"post","link":"https:\/\/www.foment.com\/es\/numero-invierno-f-revista-foment-clases-medias\/","title":{"rendered":"N\u00famero de invierno de \u2018F. La Revista del Foment\u2019: Perplejas clases medias"},"content":{"rendered":"<section class=\"wpb-content-wrapper\"><p>[vc_row][vc_column width=\u00bb1\/4&#8243;]<div class=\"single_image wpb_content_element align-left    \" data-animation=\"none\" data-delay=\"0\"><img width=\"736\" height=\"913\" src=\"https:\/\/www.foment.com\/wp-content\/uploads\/2017\/12\/revista-foto-portada-cast.png\" class=\"attachment-full\" alt=\"\" loading=\"lazy\" title=\"revista foto portada cast\" srcset=\"https:\/\/www.foment.com\/wp-content\/uploads\/2017\/12\/revista-foto-portada-cast.png 736w, https:\/\/www.foment.com\/wp-content\/uploads\/2017\/12\/revista-foto-portada-cast-242x300.png 242w\" sizes=\"(max-width: 736px) 100vw, 736px\" \/><\/div><a href=\"http:\/\/www.foment.com\/wp-content\/uploads\/2017\/12\/F14-ESP-LR-2.pdf\" target=\"_blank\" class=\"button color-1 small \" style=\"border-radius: 2px;\">Descargar PDF<\/a>[\/vc_column][vc_column width=\u00bb3\/4&#8243;][vc_column_text]<\/p>\n<h2><strong><span class=\"ms-rteFontSize-2 ms-rteThemeForeColor-2-0\">F. La Revista del Foment<br class=\"ms-rteFontSize-2 ms-rteThemeForeColor-2-0\" \/>2154. Perplejas clases medias<\/span><\/strong><\/h2>\n<h2><strong><span class=\"ms-rteFontSize-2 ms-rteThemeForeColor-2-0\"><span class=\"ms-rteThemeForeColor-2-3\">ISSN 2385-7080<\/span><\/span><\/strong><\/h2>\n<div><\/div>\n<div>\u00a0<a href=\"https:\/\/itunes.apple.com\/es\/app\/f.-la-revista-del-foment\/id898225059?mt=8\" target=\"_blank\" rel=\"noopener\"><img loading=\"lazy\" class=\"\" src=\"\/wp-content\/uploads\/2016\/11\/descarga-apple-store.jpg\" alt=\"\" width=\"126\" height=\"47\" \/><\/a> <a href=\"https:\/\/play.google.com\/store\/apps\/details?id=com.prismapublicaciones.foment&amp;hl=es\" target=\"_blank\" rel=\"noopener\"><img loading=\"lazy\" class=\"\" src=\"\/wp-content\/uploads\/2016\/11\/descarga-android.jpg\" alt=\"\" width=\"103\" height=\"49\" \/><\/a><\/div>\n<div>\n<p class=\"blue ms-rteThemeForeColor-5-0 ms-rteFontSize-3\"><div class=\"divider divider1\" style='margin:30px 0px 30px 0px !important;'><\/div>\n<h3 class=\"blue ms-rteThemeForeColor-5-0 ms-rteFontSize-3\"><\/h3>\n<h3 class=\"blue ms-rteThemeForeColor-5-0 ms-rteFontSize-3\">Sumario<\/h3>\n<div>\n<div><span style=\"color: #ab192d;\"><strong>Panorama. Para qu\u00e9 intelectuales?<br \/>\n<\/strong><\/span><\/div>\n<div>\n<div><strong class=\"ms-rteThemeForeColor-5-0\">10<\/strong>\u00a0El ocaso de la \u00e9lite cultural, por<strong>\u00a0C\u00e9sar Antonio Molina<\/strong><\/div>\n<div><strong class=\"ms-rteThemeForeColor-5-0\">16<\/strong>\u00a0Los intelectuales en al era digital, por <strong>Manuel Arias Maldonado<\/strong><\/div>\n<div><strong class=\"ms-rteThemeForeColor-5-0\">20<\/strong>\u00a0Intelectuales del siglo XXI, por <strong>Valent\u00ed Puig<\/strong><\/div>\n<\/div>\n<\/div>\n<div><strong><br \/>\n<span style=\"color: #ab192d;\">Dossier.\u00a0Perplejas clases medias<\/span><\/strong><br \/>\n<strong class=\"ms-rteThemeForeColor-5-0\">26<\/strong>\u00a0No hay futuro sin clases medias, por <strong>Joseba Louzao<\/strong><br \/>\n<span class=\"ms-rteThemeForeColor-5-0\"><strong>32 <\/strong>Escenas de la clase media, por<strong> Almudena Blasco<br \/>\n<\/strong><\/span><\/div>\n<div><span class=\"ms-rteThemeForeColor-5-0\"><strong>36<\/strong><\/span>\u00a0Nostalgia del confort, por <strong>Pon\u00e7 Puigdevall<\/strong><strong><br \/>\n<\/strong><\/div>\n<div>\n<p><strong><br \/>\n<span style=\"color: #ab192d;\">Temas de ma\u00f1ana. Temas de ma\u00f1ana<\/span><\/strong><br \/>\n<strong class=\"ms-rteThemeForeColor-5-0\">42<\/strong>\u00a0El misterio de la radio, por <strong>Josep Cun\u00ed<\/strong><br \/>\n<strong class=\"ms-rteThemeForeColor-5-0\">46<\/strong>\u00a0Cultura adolescente del siglo XXI, por\u00a0<strong>Gregorio Luri<\/strong><strong><br \/>\n<strong class=\"ms-rteThemeForeColor-5-0\">50<\/strong><\/strong>\u00a0200 a\u00f1os de los &#8216;Principios&#8217; de Ricardo: comerci\u00f3 y distribuci\u00f3n, por\u00a0<strong><strong>Joan\u00a0Tugores Ques<\/strong><strong><br \/>\n<\/strong><\/strong><\/p>\n<p><span style=\"color: #ab192d;\"><strong>Carta desde Buenos Aires<\/strong><\/span><br \/>\n<strong class=\"ms-rteThemeForeColor-5-0\">56<\/strong>\u00a0Buenos Aires posperonista, por <strong>Carmen de Carlos<br \/>\n<\/strong><\/p>\n<p><span style=\"color: #ab192d;\"><strong>arts&amp;Co.<\/strong><\/span><br \/>\n<strong class=\"ms-rteThemeForeColor-5-0\">64<\/strong> <em class=\"ms-rteThemeForeColor-5-0\">Entrevista<\/em>.<strong>\u00a0Emmanuel Guion:<\/strong>\u00a0maneras de ver Picasso, por <strong>Sergi Doria<\/strong><br \/>\n<span class=\"ms-rteThemeForeColor-5-0\"><strong>68<\/strong>\u00a0<em>Comunicaci\u00f3n<\/em><\/span><em>.<\/em>\u00a0El replicante que somos, por <strong>Jacobo Zabalo<\/strong><br \/>\n<span class=\"ms-rteThemeForeColor-5-0\"><strong>70<\/strong><em>\u00a0Literatura<\/em><\/span>. El silencio roto de Elena Fort\u00fan, por <strong>Elvira Huelbes<\/strong><br \/>\n<strong class=\"ms-rteThemeForeColor-5-0\">72<\/strong><em><span class=\"ms-rteThemeForeColor-5-0\">\u00a0Revoluci\u00f3n audiovisual<\/span><\/em>. Libertad en serie, por\u00a0<strong>Ana Nu\u00f1o<\/strong><br \/>\n<strong class=\"ms-rteThemeForeColor-5-0\">74<\/strong> <em class=\"ms-rteThemeForeColor-5-0\">Estilos<\/em>. Barcelona, fin de siglo, por <strong>Jos\u00e9 Bernardo San Juan<\/strong><br \/>\n<span class=\"ms-rteThemeForeColor-5-0\"><strong>76<\/strong> <em>Geograf\u00edas<\/em>. Stormont<span class=\"ms-rteThemeForeColor-2-2\">, por <b>I\u00f1igo Gurruchaga<\/b><\/span><br \/>\n<strong>78<\/strong><\/span> <em class=\"ms-rteThemeForeColor-5-0\">De autor<\/em>. La chica del tren, por <strong>Gustavo Mart\u00edn Garzo<br \/>\n<\/strong><\/p>\n<\/div>\n<div><\/div>\n<\/div>\n<p>[\/vc_column_text][\/vc_column][\/vc_row]<\/p>\n<\/section>","protected":false},"excerpt":{"rendered":"<p>[vc_row][vc_column width=\u00bb1\/4&#8243;][\/vc_column][vc_column width=\u00bb3\/4&#8243;][vc_column_text] F. La Revista del Foment2154. Perplejas clases medias ISSN 2385-7080 \u00a0 Sumario Panorama. Para qu\u00e9 intelectuales? 10\u00a0El ocaso de la \u00e9lite cultural, por\u00a0C\u00e9sar Antonio Molina 16\u00a0Los intelectuales en al era digital, por Manuel Arias Maldonado 20\u00a0Intelectuales del siglo XXI, por Valent\u00ed Puig Dossier.\u00a0Perplejas clases medias 26\u00a0No hay futuro sin clases medias, por Joseba Louzao 32 Escenas de la clase media, por Almudena Blasco 36\u00a0Nostalgia del confort, por Pon\u00e7 Puigdevall Temas de ma\u00f1ana. Temas de ma\u00f1ana 42\u00a0El misterio de la radio, por Josep Cun\u00ed 46\u00a0Cultura adolescente del siglo XXI, por\u00a0Gregorio Luri 50\u00a0200 a\u00f1os de los &#8216;Principios&#8217; de Ricardo: comerci\u00f3 y distribuci\u00f3n, por\u00a0Joan\u00a0Tugores Ques Carta desde Buenos Aires 56\u00a0Buenos Aires posperonista, por Carmen de Carlos arts&amp;Co. 64 Entrevista.\u00a0Emmanuel Guion:\u00a0maneras de ver Picasso, por Sergi Doria 68\u00a0Comunicaci\u00f3n.\u00a0El replicante que somos, por Jacobo Zabalo 70\u00a0Literatura. El silencio roto de Elena Fort\u00fan, por Elvira Huelbes 72\u00a0Revoluci\u00f3n audiovisual. Libertad en serie, por\u00a0Ana Nu\u00f1o 74 Estilos. Barcelona, fin de siglo, por Jos\u00e9 Bernardo San Juan 76 Geograf\u00edas. Stormont, por I\u00f1igo Gurruchaga 78 De autor. La chica del tren, por Gustavo Mart\u00edn Garzo [\/vc_column_text][\/vc_column][\/vc_row]<\/p>\n","protected":false},"author":10,"featured_media":41175,"comment_status":"closed","ping_status":"closed","sticky":false,"template":"","format":"standard","meta":{"_links_to":"","_links_to_target":""},"categories":[114,68],"tags":[733],"acf":[],"wps_subtitle":"","_links":{"self":[{"href":"https:\/\/www.foment.com\/es\/wp-json\/wp\/v2\/posts\/41161"}],"collection":[{"href":"https:\/\/www.foment.com\/es\/wp-json\/wp\/v2\/posts"}],"about":[{"href":"https:\/\/www.foment.com\/es\/wp-json\/wp\/v2\/types\/post"}],"author":[{"embeddable":true,"href":"https:\/\/www.foment.com\/es\/wp-json\/wp\/v2\/users\/10"}],"replies":[{"embeddable":true,"href":"https:\/\/www.foment.com\/es\/wp-json\/wp\/v2\/comments?post=41161"}],"version-history":[{"count":1,"href":"https:\/\/www.foment.com\/es\/wp-json\/wp\/v2\/posts\/41161\/revisions"}],"predecessor-version":[{"id":176584,"href":"https:\/\/www.foment.com\/es\/wp-json\/wp\/v2\/posts\/41161\/revisions\/176584"}],"wp:featuredmedia":[{"embeddable":true,"href":"https:\/\/www.foment.com\/es\/wp-json\/wp\/v2\/media\/41175"}],"wp:attachment":[{"href":"https:\/\/www.foment.com\/es\/wp-json\/wp\/v2\/media?parent=41161"}],"wp:term":[{"taxonomy":"category","embeddable":true,"href":"https:\/\/www.foment.com\/es\/wp-json\/wp\/v2\/categories?post=41161"},{"taxonomy":"post_tag","embeddable":true,"href":"https:\/\/www.foment.com\/es\/wp-json\/wp\/v2\/tags?post=41161"}],"curies":[{"name":"wp","href":"https:\/\/api.w.org\/{rel}","templated":true}]}}