{"id":41498,"date":"2018-01-16T14:07:05","date_gmt":"2018-01-16T13:07:05","guid":{"rendered":"http:\/\/www.foment.com\/es\/ana-botin-recull-medalla-dhonor-foment-mans-president-joaquim-gay-montella\/"},"modified":"2018-01-16T14:33:34","modified_gmt":"2018-01-16T13:33:34","slug":"ana-botin-recoge-medalla-honor-foment","status":"publish","type":"post","link":"https:\/\/www.foment.com\/es\/ana-botin-recoge-medalla-honor-foment\/","title":{"rendered":"Ana Bot\u00edn recoge la Medalla de Honor del Foment a manos del presidente, Joaquim Gay de Montell\u00e0"},"content":{"rendered":"<section class=\"wpb-content-wrapper\"><p>[vc_row][vc_column][vc_column_text]El presidente de Foment del Treball,<strong> Joaquim Gay de Montell\u00e0<\/strong>, entreg\u00f3 a <strong>Ana Bot\u00edn<\/strong>, presidenta del Banco Santander, la<strong> Medalla como Empresario del A\u00f1o<\/strong> que no pudo recoger durante la ceremonia anual de los <strong>Premios Carles Ferrer Salat y Medallas de honor de Foment<\/strong> que tuvo lugar el pasado 22 de noviembre. Ana Bot\u00edn excus\u00f3 su asistencia, pero se comprometi\u00f3 a recoger el galard\u00f3n personalmente durante su pr\u00f3xima visita a Barcelona.<\/p>\n<p>La patronal ha distinguido a la presidenta del Grupo Santander con la Medalla como Empresario del A\u00f1o y ha destacado de ella, no s\u00f3lo su determinaci\u00f3n y acierto en operaciones como la compra del Banco Popular, sino su compromiso con el progreso de las personas y las empresas, con el foco no s\u00f3lo en conseguir resultados y mejorar la rentabilidad para el accionista, sino en conseguir estos resultados con una manera de hacer las cosas sencilla, personal y justa.<\/p>\n<p>Ana Bot\u00edn elogi\u00f3 durante su discurso ante los empresarios reunidos en Foment \u201cel talento, la innovaci\u00f3n y la responsabilidad del empresariado catal\u00e1n\u201d, destac\u00f3 que \u201cEuropa es el mejor modelo de econom\u00eda y sociedad que podemos tener\u201d y reiter\u00f3 su compromiso personal y el de Santander con Catalu\u00f1a y los empresarios catalanes.[\/vc_column_text]<div class=\"spacer\" style=\"height: 20px;\"><\/div>[\/vc_column][\/vc_row][vc_row][vc_column width=\u00bb1\/6&#8243;][\/vc_column][vc_column width=\u00bb2\/3&#8243;]<div class=\"flexslider wpb_content_element\"><ul class=\"slides\"><li><img src=\"https:\/\/www.foment.com\/wp-content\/uploads\/2018\/01\/botin.jpg\" alt=\"\" \/><\/li><li><img src=\"https:\/\/www.foment.com\/wp-content\/uploads\/2018\/01\/botin-3.jpg\" alt=\"\" \/><\/li><\/ul><\/div>[\/vc_column][vc_column width=\u00bb1\/6&#8243;][\/vc_column][\/vc_row]<\/p>\n<\/section>","protected":false},"excerpt":{"rendered":"<p>[vc_row][vc_column][vc_column_text]El presidente de Foment del Treball, Joaquim Gay de Montell\u00e0, entreg\u00f3 a Ana Bot\u00edn, presidenta del Banco Santander, la Medalla como Empresario del A\u00f1o que no pudo recoger durante la ceremonia anual de los Premios Carles Ferrer Salat y Medallas de honor de Foment que tuvo lugar el pasado 22 de noviembre. Ana Bot\u00edn excus\u00f3 su asistencia, pero se comprometi\u00f3 a recoger el galard\u00f3n personalmente durante su pr\u00f3xima visita a Barcelona. La patronal ha distinguido a la presidenta del Grupo Santander con la Medalla como Empresario del A\u00f1o y ha destacado de ella, no s\u00f3lo su determinaci\u00f3n y acierto en operaciones como la compra del Banco Popular, sino su compromiso con el progreso de las personas y las empresas, con el foco no s\u00f3lo en conseguir resultados y mejorar la rentabilidad para el accionista, sino en conseguir estos resultados con una manera de hacer las cosas sencilla, personal y justa. Ana Bot\u00edn elogi\u00f3 durante su discurso ante los empresarios reunidos en Foment \u201cel talento, la innovaci\u00f3n y la responsabilidad del empresariado catal\u00e1n\u201d, destac\u00f3 que \u201cEuropa es el mejor modelo de econom\u00eda y sociedad que podemos tener\u201d y reiter\u00f3 su compromiso personal y el de Santander con Catalu\u00f1a y los empresarios [&hellip;]<\/p>\n","protected":false},"author":10,"featured_media":41486,"comment_status":"closed","ping_status":"closed","sticky":false,"template":"","format":"standard","meta":{"_links_to":"","_links_to_target":""},"categories":[114,68,127],"tags":[821,825,822,826,829,824,827,823,828],"acf":[],"wps_subtitle":"La presidenta del Banco Santander visita Foment para recoger la Medalla como Empresario del A\u00f1o que le fue otorgada en la \u00faltima edici\u00f3n de los Premios Ferrer Salat de la instituci\u00f3n","_links":{"self":[{"href":"https:\/\/www.foment.com\/es\/wp-json\/wp\/v2\/posts\/41498"}],"collection":[{"href":"https:\/\/www.foment.com\/es\/wp-json\/wp\/v2\/posts"}],"about":[{"href":"https:\/\/www.foment.com\/es\/wp-json\/wp\/v2\/types\/post"}],"author":[{"embeddable":true,"href":"https:\/\/www.foment.com\/es\/wp-json\/wp\/v2\/users\/10"}],"replies":[{"embeddable":true,"href":"https:\/\/www.foment.com\/es\/wp-json\/wp\/v2\/comments?post=41498"}],"version-history":[{"count":0,"href":"https:\/\/www.foment.com\/es\/wp-json\/wp\/v2\/posts\/41498\/revisions"}],"wp:featuredmedia":[{"embeddable":true,"href":"https:\/\/www.foment.com\/es\/wp-json\/wp\/v2\/media\/41486"}],"wp:attachment":[{"href":"https:\/\/www.foment.com\/es\/wp-json\/wp\/v2\/media?parent=41498"}],"wp:term":[{"taxonomy":"category","embeddable":true,"href":"https:\/\/www.foment.com\/es\/wp-json\/wp\/v2\/categories?post=41498"},{"taxonomy":"post_tag","embeddable":true,"href":"https:\/\/www.foment.com\/es\/wp-json\/wp\/v2\/tags?post=41498"}],"curies":[{"name":"wp","href":"https:\/\/api.w.org\/{rel}","templated":true}]}}