{"id":41948,"date":"2018-01-25T14:55:25","date_gmt":"2018-01-25T13:55:25","guid":{"rendered":"http:\/\/www.foment.com\/es\/?p=41948"},"modified":"2018-01-25T16:16:43","modified_gmt":"2018-01-25T15:16:43","slug":"cataluna-cierra-2017-con-tasa-paro-12","status":"publish","type":"post","link":"https:\/\/www.foment.com\/es\/cataluna-cierra-2017-con-tasa-paro-12\/","title":{"rendered":"Catalu\u00f1a cierra el 2017 con una tasa de paro del 12,63%, a pesar de una cierta ralentizaci\u00f3n del crecimiento del empleo en el \u00faltimo trimestre del a\u00f1o"},"content":{"rendered":"<section class=\"wpb-content-wrapper\"><p>[vc_row][vc_column][vc_column_text]<\/p>\n<ul>\n<li><strong>En el conjunto de Espa\u00f1a, el paro se sit\u00faa en el 16,55%.<\/strong><\/li>\n<li><strong>El tercer trimestre acostumbra a ser desfavorable para el mercado laboral por razones estacionales.<\/strong><\/li>\n<li><strong>Es urgente generar un escenario de estabilidad institucional.<\/strong><\/li>\n<\/ul>\n<p>En Catalu\u00f1a, el n\u00famero de parados seg\u00fan la Encuesta de la Poblaci\u00f3n Activa del 4\u00ba trimestre de 2017 sit\u00faa la tasa de paro en Catalu\u00f1a en un 12,63% (0,09 puntos m\u00e1s que en el trimestre anterior, que fue del 12,54%),\u00a0 situando el n\u00famero total de parados en 479.200 personas. En t\u00e9rminos anuales, Catalu\u00f1a es la segunda Comunidad Aut\u00f3noma donde m\u00e1s ha bajado el n\u00famero de parados despu\u00e9s de Andaluc\u00eda (en 79.200 parados menos).<\/p>\n<p>Catalu\u00f1a reduce el n\u00famero de ocupados en 400 personas, respecto el trimestre anterior, si bien, a nivel interanual es, despu\u00e9s de Andaluc\u00eda, la Comunidad donde m\u00e1s ha crecido la ocupaci\u00f3n (113.600 ocupados m\u00e1s).<\/p>\n<p>Foment del Treball Nacional valora positivamente los datos de la EPA en t\u00e9rminos interanuales puesto que en Catalu\u00f1a se ha reducido en 2017 el n\u00famero de parados con 79.200 desempleados menos y creci\u00f3 la ocupaci\u00f3n en 113.600 personas, siendo las mejores cifras de todas las Comunidades Aut\u00f3nomas tras Andaluc\u00eda. No obstante lo anterior, los datos de paro registrado correspondientes al \u00faltimo trimestre de 2017 reflejaron cierta ralentizaci\u00f3n respecto al crecimiento del empleo, provocado en una parte, por las tensiones pol\u00edticas y las incertidumbres jur\u00eddicas provocadas. Es por ello que si bien las perspectivas en materia de empleo son positivas, es urgente generar un escenario de estabilidad institucional y seguridad jur\u00eddica como requisitos imprescindibles para garantizar inversiones y el crecimiento econ\u00f3mico y del empleo.<\/p>\n<p>En Catalu\u00f1a, los datos expuestos por la Encuesta de Poblaci\u00f3n Activa, suponen un incremento del n\u00famero de parados en 3.600 personas respecto del trimestre anterior (un 0,76%), y en relaci\u00f3n con el mismo trimestre del a\u00f1o 2016, ha habido un descenso en -79.200 parados (-14,19% de variaci\u00f3n interanual). \u00a0El n\u00famero de ocupados en Catalu\u00f1a se reduce en 400 personas (-0,01%) respecto al trimestre anterior y aumenta en 113.600 ocupados respecto al a\u00f1o anterior (3,55%).<\/p>\n<p>La poblaci\u00f3n activa en Catalu\u00f1a aumenta en 3.200 personas (0,08%) en relaci\u00f3n al trimestre anterior, situ\u00e1ndose en 3.795.400, y en relaci\u00f3n al mismo trimestre del a\u00f1o anterior, la poblaci\u00f3n activa ha aumentado en 34.400 personas (0,91%).[\/vc_column_text]<div class=\"single_image wpb_content_element align-left    \" data-animation=\"none\" data-delay=\"0\"><img width=\"1251\" height=\"591\" src=\"https:\/\/www.foment.com\/wp-content\/uploads\/2018\/01\/grafic-1-atur_cast.png\" class=\"attachment-full\" alt=\"\" loading=\"lazy\" title=\"grafic 1 atur_cast\" srcset=\"https:\/\/www.foment.com\/wp-content\/uploads\/2018\/01\/grafic-1-atur_cast.png 1251w, https:\/\/www.foment.com\/wp-content\/uploads\/2018\/01\/grafic-1-atur_cast-300x142.png 300w, https:\/\/www.foment.com\/wp-content\/uploads\/2018\/01\/grafic-1-atur_cast-768x363.png 768w, https:\/\/www.foment.com\/wp-content\/uploads\/2018\/01\/grafic-1-atur_cast-1024x484.png 1024w\" sizes=\"(max-width: 1251px) 100vw, 1251px\" \/><\/div>[vc_column_text]Igualmente, la tendencia del n\u00famero de parados desde el a\u00f1o 2007 fue de crecimiento continuo, pasando de los 250.700 en el 1\u00ba trimestre de 2007 a los 949.000 de nivel m\u00e1ximo en el 1\u00ba trimestre de 2013. Sin embargo, el primer trimestre del a\u00f1o 2014 supuso una interrupci\u00f3n de esta evoluci\u00f3n, toda vez que disminuy\u00f3 el n\u00famero de parados, a nivel interanual, en 108.800 personas en el primer trimestre, en el segundo trimestre disminuy\u00f3 en 138.600 personas, en el tercer\u00a0 trimestre el descenso fue de 149.300 personas, y el \u00faltimo trimestre el descenso fue de 83.000 personas. Este trimestre el descenso a nivel interanual ha sido de 79.200 personas.[\/vc_column_text]<div class=\"single_image wpb_content_element align-left    \" data-animation=\"none\" data-delay=\"0\"><img width=\"1292\" height=\"607\" src=\"https:\/\/www.foment.com\/wp-content\/uploads\/2018\/01\/grafic-2-atur_cast.png\" class=\"attachment-full\" alt=\"\" loading=\"lazy\" title=\"grafic 2 atur_cast\" srcset=\"https:\/\/www.foment.com\/wp-content\/uploads\/2018\/01\/grafic-2-atur_cast.png 1292w, https:\/\/www.foment.com\/wp-content\/uploads\/2018\/01\/grafic-2-atur_cast-300x141.png 300w, https:\/\/www.foment.com\/wp-content\/uploads\/2018\/01\/grafic-2-atur_cast-768x361.png 768w, https:\/\/www.foment.com\/wp-content\/uploads\/2018\/01\/grafic-2-atur_cast-1024x481.png 1024w\" sizes=\"(max-width: 1292px) 100vw, 1292px\" \/><\/div>[vc_column_text]<u>A nivel estatal<\/u>, el n\u00famero de desempleados se sit\u00faa 3.766.700 personas, situ\u00e1ndose la tasa de paro en un 16,55% en este trimestre, increment\u00e1ndose el n\u00famero de parados en 34.900 personas este trimestre. Por otro lado, el n\u00famero de ocupados disminuye en 50.900 personas este trimestre respecto al trimestre anterior (-0,27%) y se sit\u00faa en 18.998.400. En t\u00e9rminos interanuales el empleo ha aumentado en 490.300 personas en el \u00faltimo a\u00f1o (2,65%).<\/p>\n<p>La ocupaci\u00f3n en el sector p\u00fablico se ha incrementado este trimestre en 12.700, y en cambio, en el sector privado se reduce en 63.500 personas. En t\u00e9rminos interanuales, la ocupaci\u00f3n\u00a0 en el sector privado ha aumentado en 401.600 personas, en cambio, en el sector p\u00fablico se ha incrementado en 88.600 personas.<\/p>\n<p>Respecto a la tasa de desempleo, la evoluci\u00f3n ha sido muy similar, tanto en los periodos de incremento del desempleo como en los de disminuci\u00f3n del mismo, si bien, la tasa de desempleo en Catalu\u00f1a se muestra siempre por debajo que la del conjunto de Espa\u00f1a, como se visualiza en el siguiente gr\u00e1fico:[\/vc_column_text]<div class=\"single_image wpb_content_element align-left    \" data-animation=\"none\" data-delay=\"0\"><img width=\"1187\" height=\"739\" src=\"https:\/\/www.foment.com\/wp-content\/uploads\/2018\/01\/grafic-3-atur_cast.png\" class=\"attachment-full\" alt=\"\" loading=\"lazy\" title=\"grafic 3 atur_cast\" srcset=\"https:\/\/www.foment.com\/wp-content\/uploads\/2018\/01\/grafic-3-atur_cast.png 1187w, https:\/\/www.foment.com\/wp-content\/uploads\/2018\/01\/grafic-3-atur_cast-300x187.png 300w, https:\/\/www.foment.com\/wp-content\/uploads\/2018\/01\/grafic-3-atur_cast-768x478.png 768w, https:\/\/www.foment.com\/wp-content\/uploads\/2018\/01\/grafic-3-atur_cast-1024x638.png 1024w\" sizes=\"(max-width: 1187px) 100vw, 1187px\" \/><\/div>[vc_column_text]A nivel estatal, los datos expuestos por la Encuesta de Poblaci\u00f3n Activa, suponen un incremento del n\u00famero de parados de 34.900 personas respecto del trimestre anterior (un 0,94%), y en relaci\u00f3n con el mismo trimestre del a\u00f1o 2016, ha disminuido en 471.100 personas\u00a0 (-11,12% de variaci\u00f3n interanual).[\/vc_column_text]<div class=\"single_image wpb_content_element align-left    \" data-animation=\"none\" data-delay=\"0\"><img width=\"751\" height=\"823\" src=\"https:\/\/www.foment.com\/wp-content\/uploads\/2018\/01\/grafic-4-atur_cast.png\" class=\"attachment-full\" alt=\"\" loading=\"lazy\" title=\"grafic 4 atur_cast\" srcset=\"https:\/\/www.foment.com\/wp-content\/uploads\/2018\/01\/grafic-4-atur_cast.png 751w, https:\/\/www.foment.com\/wp-content\/uploads\/2018\/01\/grafic-4-atur_cast-274x300.png 274w\" sizes=\"(max-width: 751px) 100vw, 751px\" \/><\/div><div class=\"single_image wpb_content_element align-left    \" data-animation=\"none\" data-delay=\"0\"><img width=\"685\" height=\"730\" src=\"https:\/\/www.foment.com\/wp-content\/uploads\/2018\/01\/grafic-5-atur_cast.png\" class=\"attachment-full\" alt=\"\" loading=\"lazy\" title=\"grafic 5 atur_cast\" srcset=\"https:\/\/www.foment.com\/wp-content\/uploads\/2018\/01\/grafic-5-atur_cast.png 685w, https:\/\/www.foment.com\/wp-content\/uploads\/2018\/01\/grafic-5-atur_cast-282x300.png 282w\" sizes=\"(max-width: 685px) 100vw, 685px\" \/><\/div>[\/vc_column][\/vc_row]<\/p>\n<\/section>","protected":false},"excerpt":{"rendered":"<p>[vc_row][vc_column][vc_column_text] En el conjunto de Espa\u00f1a, el paro se sit\u00faa en el 16,55%. El tercer trimestre acostumbra a ser desfavorable para el mercado laboral por razones estacionales. Es urgente generar un escenario de estabilidad institucional. En Catalu\u00f1a, el n\u00famero de parados seg\u00fan la Encuesta de la Poblaci\u00f3n Activa del 4\u00ba trimestre de 2017 sit\u00faa la tasa de paro en Catalu\u00f1a en un 12,63% (0,09 puntos m\u00e1s que en el trimestre anterior, que fue del 12,54%),\u00a0 situando el n\u00famero total de parados en 479.200 personas. En t\u00e9rminos anuales, Catalu\u00f1a es la segunda Comunidad Aut\u00f3noma donde m\u00e1s ha bajado el n\u00famero de parados despu\u00e9s de Andaluc\u00eda (en 79.200 parados menos). Catalu\u00f1a reduce el n\u00famero de ocupados en 400 personas, respecto el trimestre anterior, si bien, a nivel interanual es, despu\u00e9s de Andaluc\u00eda, la Comunidad donde m\u00e1s ha crecido la ocupaci\u00f3n (113.600 ocupados m\u00e1s). Foment del Treball Nacional valora positivamente los datos de la EPA en t\u00e9rminos interanuales puesto que en Catalu\u00f1a se ha reducido en 2017 el n\u00famero de parados con 79.200 desempleados menos y creci\u00f3 la ocupaci\u00f3n en 113.600 personas, siendo las mejores cifras de todas las Comunidades Aut\u00f3nomas tras Andaluc\u00eda. No obstante lo anterior, los datos de paro registrado correspondientes [&hellip;]<\/p>\n","protected":false},"author":10,"featured_media":41970,"comment_status":"closed","ping_status":"closed","sticky":false,"template":"","format":"standard","meta":{"_links_to":"","_links_to_target":""},"categories":[114,73],"tags":[228],"acf":[],"wps_subtitle":"Foment valora positivamente los datos de la EPA en t\u00e9rminos interanuales puesto que en Catalu\u00f1a se ha reducido en 2017 el n\u00famero de parados","_links":{"self":[{"href":"https:\/\/www.foment.com\/es\/wp-json\/wp\/v2\/posts\/41948"}],"collection":[{"href":"https:\/\/www.foment.com\/es\/wp-json\/wp\/v2\/posts"}],"about":[{"href":"https:\/\/www.foment.com\/es\/wp-json\/wp\/v2\/types\/post"}],"author":[{"embeddable":true,"href":"https:\/\/www.foment.com\/es\/wp-json\/wp\/v2\/users\/10"}],"replies":[{"embeddable":true,"href":"https:\/\/www.foment.com\/es\/wp-json\/wp\/v2\/comments?post=41948"}],"version-history":[{"count":0,"href":"https:\/\/www.foment.com\/es\/wp-json\/wp\/v2\/posts\/41948\/revisions"}],"wp:featuredmedia":[{"embeddable":true,"href":"https:\/\/www.foment.com\/es\/wp-json\/wp\/v2\/media\/41970"}],"wp:attachment":[{"href":"https:\/\/www.foment.com\/es\/wp-json\/wp\/v2\/media?parent=41948"}],"wp:term":[{"taxonomy":"category","embeddable":true,"href":"https:\/\/www.foment.com\/es\/wp-json\/wp\/v2\/categories?post=41948"},{"taxonomy":"post_tag","embeddable":true,"href":"https:\/\/www.foment.com\/es\/wp-json\/wp\/v2\/tags?post=41948"}],"curies":[{"name":"wp","href":"https:\/\/api.w.org\/{rel}","templated":true}]}}