{"id":42300,"date":"2018-01-31T18:27:53","date_gmt":"2018-01-31T17:27:53","guid":{"rendered":"http:\/\/www.foment.com\/es\/?p=42300"},"modified":"2018-01-31T19:04:43","modified_gmt":"2018-01-31T18:04:43","slug":"economia-digital-impulsa-competitividad-las-empresas","status":"publish","type":"post","link":"https:\/\/www.foment.com\/es\/economia-digital-impulsa-competitividad-las-empresas\/","title":{"rendered":"La econom\u00eda digital impulsa la competitividad de las empresas"},"content":{"rendered":"<section class=\"wpb-content-wrapper\"><p>[vc_row][vc_column width=\u00bb1\/2&#8243;][vc_column_text]La secretaria de Estado de Comercio, Marisa Poncela, presenta hoy en Barcelona dos n\u00fameros monogr\u00e1ficos de la Revista Informaci\u00f3n Comercial Espa\u00f1ola que analizan el nuevo modelo de econom\u00eda digital, un cambio disruptivo que afecta al conjunto de la sociedad y tiene una incidencia sustancial en los modelos de negocio y en la capacidad de competir de las empresas. La presentaci\u00f3n, que se celebra en la sede de Foment del Treball, cuenta tambi\u00e9n con la presencia del presidente de la patronal catalana, Joaqu\u00edn Gay de Montell\u00e1 y de uno de los dos coordinadores de ambos n\u00fameros, Fernando Ballestero.[\/vc_column_text]<div class=\"spacer\" style=\"height: 10px;\"><\/div>[\/vc_column][vc_column width=\u00bb1\/2&#8243;]<div class=\"single_image wpb_content_element align-left    \" data-animation=\"none\" data-delay=\"0\"><img width=\"3946\" height=\"3000\" src=\"https:\/\/www.foment.com\/wp-content\/uploads\/2018\/01\/Marisa_Poncela_web.jpg\" class=\"attachment-full\" alt=\"La econom\u00eda digital impulsa la competitividad de las empresas\" loading=\"lazy\" title=\"La econom\u00eda digital impulsa la competitividad de las empresas\" srcset=\"https:\/\/www.foment.com\/wp-content\/uploads\/2018\/01\/Marisa_Poncela_web.jpg 3946w, https:\/\/www.foment.com\/wp-content\/uploads\/2018\/01\/Marisa_Poncela_web-300x228.jpg 300w, https:\/\/www.foment.com\/wp-content\/uploads\/2018\/01\/Marisa_Poncela_web-768x584.jpg 768w, https:\/\/www.foment.com\/wp-content\/uploads\/2018\/01\/Marisa_Poncela_web-1024x779.jpg 1024w\" sizes=\"(max-width: 3946px) 100vw, 3946px\" \/><\/div>[\/vc_column][\/vc_row][vc_row][vc_column][vc_column_text]Marisa Poncela incidir\u00e1 en la importancia de la\u00a0<span class=\"scayt-misspell-word\" data-scayt-word=\"colaboraci\u00f3n\" data-scayt-lang=\"en_US\">colaboraci\u00f3n<\/span>\u00a0<span class=\"scayt-misspell-word\" data-scayt-word=\"entre\" data-scayt-lang=\"en_US\">entre<\/span>\u00a0<span class=\"scayt-misspell-word\" data-scayt-word=\"poderes\" data-scayt-lang=\"en_US\">poderes<\/span>\u00a0<span class=\"scayt-misspell-word\" data-scayt-word=\"p\u00fablicos\" data-scayt-lang=\"en_US\">p\u00fablicos<\/span>,\u00a0<span class=\"scayt-misspell-word\" data-scayt-word=\"organizaciones\" data-scayt-lang=\"en_US\">organizaciones<\/span>\u00a0<span class=\"scayt-misspell-word\" data-scayt-word=\"empresariales\" data-scayt-lang=\"en_US\">empresariales<\/span>,\u00a0<span class=\"scayt-misspell-word\" data-scayt-word=\"empresas\" data-scayt-lang=\"en_US\">empresas<\/span>\u00a0y\u00a0<span class=\"scayt-misspell-word\" data-scayt-word=\"universidades\" data-scayt-lang=\"en_US\">universidades<\/span>\u00a0<span class=\"scayt-misspell-word\" data-scayt-word=\"para\" data-scayt-lang=\"en_US\">para<\/span>\u00a0<span class=\"scayt-misspell-word\" data-scayt-word=\"afrontar\" data-scayt-lang=\"en_US\">afrontar<\/span>\u00a0los\u00a0<span class=\"scayt-misspell-word\" data-scayt-word=\"retos\" data-scayt-lang=\"en_US\">retos<\/span>\u00a0de la\u00a0<span class=\"scayt-misspell-word\" data-scayt-word=\"implementaci\u00f3n\" data-scayt-lang=\"en_US\">implementaci\u00f3n<\/span>\u00a0de\u00a0<span class=\"scayt-misspell-word\" data-scayt-word=\"tecnolog\u00edas\" data-scayt-lang=\"en_US\">tecnolog\u00edas<\/span>\u00a0<span class=\"scayt-misspell-word\" data-scayt-word=\"digitales\" data-scayt-lang=\"en_US\">digitales<\/span>, que,\u00a0<span class=\"scayt-misspell-word\" data-scayt-word=\"seg\u00fan\" data-scayt-lang=\"en_US\">seg\u00fan<\/span>\u00a0<span class=\"scayt-misspell-word\" data-scayt-word=\"estimaciones\" data-scayt-lang=\"en_US\">estimaciones<\/span>\u00a0de la\u00a0<span class=\"scayt-misspell-word\" data-scayt-word=\"Comisi\u00f3n\" data-scayt-lang=\"en_US\">Comisi\u00f3n<\/span>\u00a0<span class=\"scayt-misspell-word\" data-scayt-word=\"Europea\" data-scayt-lang=\"en_US\">Europea<\/span>, han\u00a0<span class=\"scayt-misspell-word\" data-scayt-word=\"aportado\" data-scayt-lang=\"en_US\">aportado<\/span>\u00a0en\u00a0<span class=\"scayt-misspell-word\" data-scayt-word=\"torno\" data-scayt-lang=\"en_US\">torno<\/span>\u00a0a la\u00a0<span class=\"scayt-misspell-word\" data-scayt-word=\"tercera\" data-scayt-lang=\"en_US\">tercera<\/span>\u00a0<span class=\"scayt-misspell-word\" data-scayt-word=\"parte\" data-scayt-lang=\"en_US\">parte<\/span>\u00a0del\u00a0<span class=\"scayt-misspell-word\" data-scayt-word=\"crecimiento\" data-scayt-lang=\"en_US\">crecimiento<\/span>\u00a0del PIB en la\u00a0<span class=\"scayt-misspell-word\" data-scayt-word=\"\u00faltima\" data-scayt-lang=\"en_US\">\u00faltima<\/span>\u00a0<span class=\"scayt-misspell-word\" data-scayt-word=\"d\u00e9cada\" data-scayt-lang=\"en_US\">d\u00e9cada<\/span>.<\/p>\n<p>La ciencia de datos abre enormes oportunidades de negocio por un mejor conocimiento de pautas, mercados, clientes o procesos en general. Ello incorpora muchas posibilidades en t\u00e9rminos de productividad y eficiencia, pero es preciso analizar tambi\u00e9n los desaf\u00edos que plantea, relacionados con la empleabilidad, la privacidad o su regulaci\u00f3n, entre otros.<\/p>\n<p>Las empresas deben asumir que para aprovechar todo el potencial tienen que transformar culturas, modelos de negocio y formas de abordar mercados. Quienes sean capaces de atraer talento y usar provechosamente las nuevas herramientas digitales podr\u00e1n acceder a un mercado de enormes dimensiones, donde las fronteras se difuminan y la competencia es global. Pero esto tambi\u00e9n implica que las empresas menos eficientes se ver\u00e1n desplazadas por competidores m\u00e1s din\u00e1micos, nacionales o extranjeros.<\/p>\n<p>Marisa Poncela explicar\u00e1 que no tenemos certezas sobre c\u00f3mo impactar\u00e1 esta revoluci\u00f3n en el empleo pero sabemos que lo har\u00e1, por lo que es imprescindible trabajar para que la transformaci\u00f3n sea inclusiva y permita integrar en este nuevo mundo digital a los menos preparados, porque la brecha digital puede marcar la nueva brecha social.<\/p>\n<p>Igualmente, es vital avanzar de forma significativa en el \u00e1mbito del comercio electr\u00f3nico, en el que s\u00f3lo est\u00e1n activas un 20% de las pymes. Su desarrollo abre un mundo de opciones para empresas que hace s\u00f3lo unos a\u00f1os ni imaginaron la posibilidad de vender sus productos en otras ciudades o al otro lado del planeta.<\/p>\n<p>La Secretar\u00eda de Estado de Comercio trabaja tanto en comercio exterior como en comercio minorista para ayudar a las empresas a imbricarse en los nuevos modelos digitales. Espa\u00f1a se ha internacionalizado de forma notable en los \u00faltimos a\u00f1os, proceso que ha sido posible porque las empresas han ganado competitividad. Para consolidar este proceso de internacionalizaci\u00f3n no hay otro camino que explotar todo el potencial de la digitalizaci\u00f3n y la innovaci\u00f3n.<\/p>\n<p>Tambi\u00e9n en el comercio minorista la v\u00eda para asegurar el futuro es la innovaci\u00f3n y la digitalizaci\u00f3n. Espa\u00f1a tiene \u201ccampeones\u201d mundiales en este sector y ahora es preciso ayudar a los medianos y m\u00e1s peque\u00f1os a que incorporen la digitalizaci\u00f3n a sus negocios, tanto a los productos como a las formas de vender y a subirse a las plataformas de venta online.<\/p>\n<p>En los dos n\u00fameros monogr\u00e1ficos han participado diversos expertos, que analizan el efecto de la digitalizaci\u00f3n en la econom\u00eda global, en las infraestructuras, en la seguridad, la privacidad y el empleo. Igualmente estudian el marco regulatorio, el impacto en el sector financiero, en los mercados de exportaci\u00f3n y en las administraciones p\u00fablicas, entre otras facetas.[\/vc_column_text][\/vc_column][\/vc_row]<\/p>\n<\/section>","protected":false},"excerpt":{"rendered":"<p>[vc_row][vc_column width=\u00bb1\/2&#8243;][vc_column_text]La secretaria de Estado de Comercio, Marisa Poncela, presenta hoy en Barcelona dos n\u00fameros monogr\u00e1ficos de la Revista Informaci\u00f3n Comercial Espa\u00f1ola que analizan el nuevo modelo de econom\u00eda digital, un cambio disruptivo que afecta al conjunto de la sociedad y tiene una incidencia sustancial en los modelos de negocio y en la capacidad de competir de las empresas. La presentaci\u00f3n, que se celebra en la sede de Foment del Treball, cuenta tambi\u00e9n con la presencia del presidente de la patronal catalana, Joaqu\u00edn Gay de Montell\u00e1 y de uno de los dos coordinadores de ambos n\u00fameros, Fernando Ballestero.[\/vc_column_text][\/vc_column][vc_column width=\u00bb1\/2&#8243;][\/vc_column][\/vc_row][vc_row][vc_column][vc_column_text]Marisa Poncela incidir\u00e1 en la importancia de la\u00a0colaboraci\u00f3n\u00a0entre\u00a0poderes\u00a0p\u00fablicos,\u00a0organizaciones\u00a0empresariales,\u00a0empresas\u00a0y\u00a0universidades\u00a0para\u00a0afrontar\u00a0los\u00a0retos\u00a0de la\u00a0implementaci\u00f3n\u00a0de\u00a0tecnolog\u00edas\u00a0digitales, que,\u00a0seg\u00fan\u00a0estimaciones\u00a0de la\u00a0Comisi\u00f3n\u00a0Europea, han\u00a0aportado\u00a0en\u00a0torno\u00a0a la\u00a0tercera\u00a0parte\u00a0del\u00a0crecimiento\u00a0del PIB en la\u00a0\u00faltima\u00a0d\u00e9cada. La ciencia de datos abre enormes oportunidades de negocio por un mejor conocimiento de pautas, mercados, clientes o procesos en general. Ello incorpora muchas posibilidades en t\u00e9rminos de productividad y eficiencia, pero es preciso analizar tambi\u00e9n los desaf\u00edos que plantea, relacionados con la empleabilidad, la privacidad o su regulaci\u00f3n, entre otros. Las empresas deben asumir que para aprovechar todo el potencial tienen que transformar culturas, modelos de negocio y formas de abordar mercados. Quienes sean capaces de atraer talento y usar provechosamente las nuevas herramientas digitales [&hellip;]<\/p>\n","protected":false},"author":10,"featured_media":42309,"comment_status":"closed","ping_status":"closed","sticky":false,"template":"","format":"standard","meta":{"_links_to":"","_links_to_target":""},"categories":[114,68],"tags":[838,837],"acf":[],"wps_subtitle":"La secretaria de Estado de Comercio, Marisa Poncela, presenta dos n\u00fameros monogr\u00e1ficos de la Revista de Econom\u00eda ICE que analizan la econom\u00eda digital","_links":{"self":[{"href":"https:\/\/www.foment.com\/es\/wp-json\/wp\/v2\/posts\/42300"}],"collection":[{"href":"https:\/\/www.foment.com\/es\/wp-json\/wp\/v2\/posts"}],"about":[{"href":"https:\/\/www.foment.com\/es\/wp-json\/wp\/v2\/types\/post"}],"author":[{"embeddable":true,"href":"https:\/\/www.foment.com\/es\/wp-json\/wp\/v2\/users\/10"}],"replies":[{"embeddable":true,"href":"https:\/\/www.foment.com\/es\/wp-json\/wp\/v2\/comments?post=42300"}],"version-history":[{"count":0,"href":"https:\/\/www.foment.com\/es\/wp-json\/wp\/v2\/posts\/42300\/revisions"}],"wp:featuredmedia":[{"embeddable":true,"href":"https:\/\/www.foment.com\/es\/wp-json\/wp\/v2\/media\/42309"}],"wp:attachment":[{"href":"https:\/\/www.foment.com\/es\/wp-json\/wp\/v2\/media?parent=42300"}],"wp:term":[{"taxonomy":"category","embeddable":true,"href":"https:\/\/www.foment.com\/es\/wp-json\/wp\/v2\/categories?post=42300"},{"taxonomy":"post_tag","embeddable":true,"href":"https:\/\/www.foment.com\/es\/wp-json\/wp\/v2\/tags?post=42300"}],"curies":[{"name":"wp","href":"https:\/\/api.w.org\/{rel}","templated":true}]}}