{"id":42374,"date":"2018-02-06T13:11:27","date_gmt":"2018-02-06T12:11:27","guid":{"rendered":"http:\/\/www.foment.com\/es\/?p=42374"},"modified":"2018-02-28T16:29:12","modified_gmt":"2018-02-28T15:29:12","slug":"nueva-ley-sobre-informacion-no-financiera-incrementa-transparencia-empresas","status":"publish","type":"post","link":"https:\/\/www.foment.com\/es\/nueva-ley-sobre-informacion-no-financiera-incrementa-transparencia-empresas\/","title":{"rendered":"La nueva ley sobre informaci\u00f3n no financiera incrementa la transparencia de las empresas"},"content":{"rendered":"<section class=\"wpb-content-wrapper\"><p>[vc_row][vc_column][vc_column_text]<\/p>\n<ul>\n<li>La jornada sobre <em>El Real Decreto-ley 18\/2017 sobre Las nuevas obligaciones de informaci\u00f3n no financiera<\/em>, celebrada en Foment del Treball, ha contado con la participaci\u00f3n de Juan Pujol,\u00a0secretario general de Foment; Jos\u00e9 Luis Blasco, socio responsable de Sostenibilidad de KPMG; Patricia Reverter, directora de Sostenibilidad de KPMG; y Alba Caba\u00f1as, directora del \u00c1rea T\u00e9cnica de Foment y Meeting Leader de la sesi\u00f3n.<\/li>\n<li>La sesi\u00f3n ha estado organizada por la patronal catalana y ha contado con la colaboraci\u00f3n de KPMG.<\/li>\n<li>La evoluci\u00f3n de las sesiones y los temas de debate pueden seguirse a trav\u00e9s de la cuenta\u00a0<a href=\"https:\/\/twitter.com\/Fomentsostenibl\">@FomentTreball<\/a><\/li>\n<\/ul>\n<p>La entrada en vigor del Real Decreto-ley 18\/2017 el 24 de noviembre \u00absupone la aparici\u00f3n de nuevas cuestiones relacionadas con la responsabilidad corporativa que se deber\u00e1n tener muy presentes en las empresas que sean de inter\u00e9s p\u00fablico y de m\u00e1s de 500 empleados\u00bb,\u00a0 apunta el <strong>secretario general de Foment, Joan Pujol<\/strong>. Estas compa\u00f1\u00edas deber\u00e1n responder a las nuevas exigencias legales incluyendo la informaci\u00f3n no financiera que se les requiera en sus informes de gesti\u00f3n o en un informe espec\u00edfico aparte. Aspectos\u00a0medioambientales, sociales, as\u00ed como relativos a los derechos humanos y a la lucha contra la corrupci\u00f3n y el soborno, deber\u00e1n quedar reflejados en dichos reportes, describi\u00e9ndose los riesgos, las pol\u00edticas y los resultados vinculados a estas cuestiones. La mayor parte de estos aspectos ya tienen precedentes en otros marcos regulatorios.<\/p>\n<p>La legislaci\u00f3n espa\u00f1ola ya obligaba a las empresas a publicar informaci\u00f3n no financiera en sus informes anuales, por lo que no se trata de algo completamente nuevo pero s\u00ed que se ampl\u00edan bastantes los requerimientos. Esta nueva regulaci\u00f3n supone un importante est\u00edmulo a la calidad de la informaci\u00f3n extra-financiera reportada por las compa\u00f1\u00edas adem\u00e1s de una oportunidad para reforzar los datos p\u00fablicos sobre estos aspectos. <strong>Jos\u00e9 Luis Blasco, socio responsable de Sostenibilidad de KPMG<\/strong>, expone\u00a0algunas claves contextuales que ayudan a entender mejor la aparici\u00f3n de esta ley.[\/vc_column_text]<div class=\"spacer\" style=\"height: 10px;\"><\/div>[\/vc_column][\/vc_row][vc_row][vc_column width=\u00bb1\/2&#8243;]<div class=\"single_image wpb_content_element align-left    \" data-animation=\"none\" data-delay=\"0\"><img width=\"1182\" height=\"991\" src=\"https:\/\/www.foment.com\/wp-content\/uploads\/2018\/02\/Jose-Luis-Blasco.jpg\" class=\"attachment-full\" alt=\"\" loading=\"lazy\" title=\"Acte Foment del Treball 30.01.2018\" srcset=\"https:\/\/www.foment.com\/wp-content\/uploads\/2018\/02\/Jose-Luis-Blasco.jpg 1182w, https:\/\/www.foment.com\/wp-content\/uploads\/2018\/02\/Jose-Luis-Blasco-300x252.jpg 300w, https:\/\/www.foment.com\/wp-content\/uploads\/2018\/02\/Jose-Luis-Blasco-768x644.jpg 768w, https:\/\/www.foment.com\/wp-content\/uploads\/2018\/02\/Jose-Luis-Blasco-1024x859.jpg 1024w\" sizes=\"(max-width: 1182px) 100vw, 1182px\" \/><\/div><div class=\"spacer\" style=\"height: 10px;\"><\/div>[\/vc_column][vc_column width=\u00bb1\/2&#8243;][vc_column_text]<\/p>\n<blockquote>\n<h2><em>Sin que hubiera presi\u00f3n legislativa, la mayor\u00eda de las empresas ya elaboraba estos reportes. Un 87% de las mayores 100 compa\u00f1\u00edas de Espa\u00f1a, por volumen de facturaci\u00f3n, publicaron en 2017 un Informe de Responsabilidad Corporativa o de Sostenibilidad.<\/em><\/h2>\n<\/blockquote>\n<p>[\/vc_column_text]<div class=\"spacer\" style=\"height: 10px;\"><\/div>[\/vc_column][\/vc_row][vc_row][vc_column width=\u00bb1\/1&#8243;][vc_column_text]Este porcentaje supone un ligero incremento del 3% frente al dato del 2015, de acuerdo al estudio\u00a0<em><a href=\"https:\/\/home.kpmg.com\/content\/dam\/kpmg\/campaigns\/csr\/pdf\/CSR_Reporting_2017.pdf\">Survey of Corporate Responsability Reporting 2017<\/a><\/em>\u00a0de KPMG. Adem\u00e1s, el 45% de estas compa\u00f1\u00edas ya revisaban de forma externa los informes. Por sectores de actividad, en el que m\u00e1s empresas publican informes de Responsabilidad Corporativa es el de \u00abTecnolog\u00eda, medios y telecomunicaciones\u00bb, seguido por \u00abServicios financieros\u00bb.<\/p>\n<p>Seg\u00fan otro estudio de KPMG, <em><a href=\"https:\/\/assets.kpmg.com\/content\/dam\/kpmg\/pdf\/2016\/05\/carrots-and-sticks-may-2016.pdf\">Carrots and Sticks<\/a>,<\/em>\u00a0en los \u00faltimos diez a\u00f1os el n\u00famero de pa\u00edses que han publicado instrumentos de reporte en materia no financiera, tanto voluntarios como obligatorios, ha crecido exponencialmente, lo que pone en evidencia la atenci\u00f3n creciente del regulador sobre estos aspectos. Un total de 64 pa\u00edses de todo el mundo tienen regulaci\u00f3n e instrumentos relativos al reporte no financiero.<\/p>\n<p>Por su parte <strong>Patricia Reverter, directora de Sostenibilidad de KPMG<\/strong>, puso de relieve la relevancia de incluir la informaci\u00f3n sobre los riesgos y oportunidades que el cambio clim\u00e1tico implica para los actuales modelos de negocio, seg\u00fan las recomendaciones presentadas en verano de 2017 por el <a href=\"https:\/\/www.fsb-tcfd.org\/\">Task Force on Climate-related Financial Disclosures<\/a> (TCFD) del Financial Stability Board (FSB).[\/vc_column_text]<div class=\"spacer\" style=\"height: 10px;\"><\/div>[\/vc_column][\/vc_row][vc_row][vc_column width=\u00bb1\/2&#8243;][vc_column_text]<\/p>\n<blockquote>\n<h2><em>Lo que se quiere identificar es la capacidad de adaptaci\u00f3n de la compa\u00f1\u00eda al cambio clim\u00e1tico. Analizar los riesgos u oportunidades que conlleva el cambio clim\u00e1tico para los modelos de negocio, c\u00f3mo detectartos y c\u00f3mo reportarlos y todo ello a efectos de los mercados financieros.<\/em><\/h2>\n<\/blockquote>\n<p>[\/vc_column_text]<div class=\"spacer\" style=\"height: 10px;\"><\/div>[\/vc_column][vc_column width=\u00bb1\/2&#8243;]<div class=\"single_image wpb_content_element align-left    \" data-animation=\"none\" data-delay=\"0\"><img width=\"1200\" height=\"991\" src=\"https:\/\/www.foment.com\/wp-content\/uploads\/2018\/02\/Patricia-Reverter.jpg\" class=\"attachment-full\" alt=\"\" loading=\"lazy\" title=\"Acte Foment del Treball 30.01.2018\" srcset=\"https:\/\/www.foment.com\/wp-content\/uploads\/2018\/02\/Patricia-Reverter.jpg 1200w, https:\/\/www.foment.com\/wp-content\/uploads\/2018\/02\/Patricia-Reverter-300x248.jpg 300w, https:\/\/www.foment.com\/wp-content\/uploads\/2018\/02\/Patricia-Reverter-768x634.jpg 768w, https:\/\/www.foment.com\/wp-content\/uploads\/2018\/02\/Patricia-Reverter-1024x846.jpg 1024w\" sizes=\"(max-width: 1200px) 100vw, 1200px\" \/><\/div><div class=\"spacer\" style=\"height: 10px;\"><\/div>[\/vc_column][\/vc_row][vc_row][vc_column width=\u00bb1\/1&#8243;]<div class=\"spacer\" style=\"height: 10px;\"><\/div>[\/vc_column][\/vc_row][vc_row][vc_column width=\u00bb1\/6&#8243;][\/vc_column][vc_column width=\u00bb2\/3&#8243;][vc_raw_html]JTNDYSUyMGRhdGEtZmxpY2tyLWVtYmVkJTNEJTIydHJ1ZSUyMiUyMCUyMGhyZWYlM0QlMjJodHRwcyUzQSUyRiUyRnd3dy5mbGlja3IuY29tJTJGcGhvdG9zJTJGZm9tZW50ZGVsdHJlYmFsbCUyRmFsYnVtcyUyRjcyMTU3NjYzMjQ2NTY5MDg3JTIyJTIwdGl0bGUlM0QlMjJFTCUyMFJFQUwlMjBERUNSRVRPJTIwTEVZJTIwMTglMkYyMDE3JTIwU09CUkUlMjBMQVMlMjBOVUVWQVMlMjBPQkxJR0FDSU9ORVMlMjBERSUyMElORk9STUFDSSVDMyU5M04lMjBOTyUyMEZJTkFOQ0lFUkElMjIlM0UlM0NpbWclMjBzcmMlM0QlMjJodHRwcyUzQSUyRiUyRmZhcm01LnN0YXRpY2ZsaWNrci5jb20lMkY0NzEzJTJGMzk5OTAxMDg0NzJfNzJlYjFiNmE1Ni5qcGclMjIlMjB3aWR0aCUzRCUyMjQwNiUyMiUyMGhlaWdodCUzRCUyMjI3MSUyMiUyMGFsdCUzRCUyMkVMJTIwUkVBTCUyMERFQ1JFVE8lMjBMRVklMjAxOCUyRjIwMTclMjBTT0JSRSUyMExBUyUyME5VRVZBUyUyME9CTElHQUNJT05FUyUyMERFJTIwSU5GT1JNQUNJJUMzJTkzTiUyME5PJTIwRklOQU5DSUVSQSUyMiUzRSUzQyUyRmElM0UlM0NzY3JpcHQlMjBhc3luYyUyMHNyYyUzRCUyMiUyRiUyRmVtYmVkci5mbGlja3IuY29tJTJGYXNzZXRzJTJGY2xpZW50LWNvZGUuanMlMjIlMjBjaGFyc2V0JTNEJTIydXRmLTglMjIlM0UlM0MlMkZzY3JpcHQlM0U=[\/vc_raw_html][\/vc_column][vc_column width=\u00bb1\/6&#8243;][\/vc_column][\/vc_row]<\/p>\n<\/section>","protected":false},"excerpt":{"rendered":"<p>[vc_row][vc_column][vc_column_text] La jornada sobre El Real Decreto-ley 18\/2017 sobre Las nuevas obligaciones de informaci\u00f3n no financiera, celebrada en Foment del Treball, ha contado con la participaci\u00f3n de Juan Pujol,\u00a0secretario general de Foment; Jos\u00e9 Luis Blasco, socio responsable de Sostenibilidad de KPMG; Patricia Reverter, directora de Sostenibilidad de KPMG; y Alba Caba\u00f1as, directora del \u00c1rea T\u00e9cnica de Foment y Meeting Leader de la sesi\u00f3n. La sesi\u00f3n ha estado organizada por la patronal catalana y ha contado con la colaboraci\u00f3n de KPMG. La evoluci\u00f3n de las sesiones y los temas de debate pueden seguirse a trav\u00e9s de la cuenta\u00a0@FomentTreball La entrada en vigor del Real Decreto-ley 18\/2017 el 24 de noviembre \u00absupone la aparici\u00f3n de nuevas cuestiones relacionadas con la responsabilidad corporativa que se deber\u00e1n tener muy presentes en las empresas que sean de inter\u00e9s p\u00fablico y de m\u00e1s de 500 empleados\u00bb,\u00a0 apunta el secretario general de Foment, Joan Pujol. Estas compa\u00f1\u00edas deber\u00e1n responder a las nuevas exigencias legales incluyendo la informaci\u00f3n no financiera que se les requiera en sus informes de gesti\u00f3n o en un informe espec\u00edfico aparte. Aspectos\u00a0medioambientales, sociales, as\u00ed como relativos a los derechos humanos y a la lucha contra la corrupci\u00f3n y el soborno, deber\u00e1n quedar reflejados en [&hellip;]<\/p>\n","protected":false},"author":10,"featured_media":42392,"comment_status":"closed","ping_status":"closed","sticky":false,"template":"","format":"standard","meta":{"_links_to":"","_links_to_target":""},"categories":[125,114,69,68,74],"tags":[842],"acf":[],"wps_subtitle":"Obliga a las empresas a reportar informaci\u00f3n extra-financiera sobre aspectos medioambientales, sociales, as\u00ed como relativos a los derechos humanos y a la lucha contra la corrupci\u00f3n y el soborno ","_links":{"self":[{"href":"https:\/\/www.foment.com\/es\/wp-json\/wp\/v2\/posts\/42374"}],"collection":[{"href":"https:\/\/www.foment.com\/es\/wp-json\/wp\/v2\/posts"}],"about":[{"href":"https:\/\/www.foment.com\/es\/wp-json\/wp\/v2\/types\/post"}],"author":[{"embeddable":true,"href":"https:\/\/www.foment.com\/es\/wp-json\/wp\/v2\/users\/10"}],"replies":[{"embeddable":true,"href":"https:\/\/www.foment.com\/es\/wp-json\/wp\/v2\/comments?post=42374"}],"version-history":[{"count":0,"href":"https:\/\/www.foment.com\/es\/wp-json\/wp\/v2\/posts\/42374\/revisions"}],"wp:featuredmedia":[{"embeddable":true,"href":"https:\/\/www.foment.com\/es\/wp-json\/wp\/v2\/media\/42392"}],"wp:attachment":[{"href":"https:\/\/www.foment.com\/es\/wp-json\/wp\/v2\/media?parent=42374"}],"wp:term":[{"taxonomy":"category","embeddable":true,"href":"https:\/\/www.foment.com\/es\/wp-json\/wp\/v2\/categories?post=42374"},{"taxonomy":"post_tag","embeddable":true,"href":"https:\/\/www.foment.com\/es\/wp-json\/wp\/v2\/tags?post=42374"}],"curies":[{"name":"wp","href":"https:\/\/api.w.org\/{rel}","templated":true}]}}