{"id":42469,"date":"2018-02-02T14:44:02","date_gmt":"2018-02-02T13:44:02","guid":{"rendered":"http:\/\/www.foment.com\/es\/?p=42469"},"modified":"2018-02-02T15:07:58","modified_gmt":"2018-02-02T14:07:58","slug":"enero-confirma-ralentizacion-empleo","status":"publish","type":"post","link":"https:\/\/www.foment.com\/es\/enero-confirma-ralentizacion-empleo\/","title":{"rendered":"Enero confirma la ralentizaci\u00f3n del empleo"},"content":{"rendered":"<section class=\"wpb-content-wrapper\"><p>[vc_row][vc_column][vc_column_text]El n\u00famero de desempleados en Catalu\u00f1a aument\u00f3 en el mes de enero en 4.848 personas (1,16%) respecto al mes anterior. En t\u00e9rminos interanuales, el paro registrado se redujo en 31.057 personas (-6,84%).\u00a0 Respecto a la contrataci\u00f3n, se han efectuado m\u00e1s contratos que el mes anterior (43.168 contratos m\u00e1s), y se mantiene la dualidad entre los contratos temporales que representan el 13,80%, y los indefinidos que representan el 86,20% del total de contratos realizados en este mes.<\/p>\n<p>Foment del Treball considera que los datos del paro registrado correspondientes al mes de enero confirman la tendencia de ralentizaci\u00f3n en la reactivaci\u00f3n del empleo, constatada desde el \u00faltimo trimestre de 2017.<\/p>\n<p>Estos datos nos reafirman en la exigencia de generar un escenario de estabilidad institucional y seguridad jur\u00eddica para evitar la fuga de empresas, la perdida de inversiones empresariales y consolidar la creaci\u00f3n de empleo.[\/vc_column_text]<div class=\"single_image wpb_content_element align-left    \" data-animation=\"none\" data-delay=\"0\"><img width=\"1101\" height=\"560\" src=\"https:\/\/www.foment.com\/wp-content\/uploads\/2018\/02\/Grafico_1.png\" class=\"attachment-full\" alt=\"\" loading=\"lazy\" title=\"Grafico_1\" srcset=\"https:\/\/www.foment.com\/wp-content\/uploads\/2018\/02\/Grafico_1.png 1101w, https:\/\/www.foment.com\/wp-content\/uploads\/2018\/02\/Grafico_1-300x153.png 300w, https:\/\/www.foment.com\/wp-content\/uploads\/2018\/02\/Grafico_1-768x391.png 768w, https:\/\/www.foment.com\/wp-content\/uploads\/2018\/02\/Grafico_1-1024x521.png 1024w\" sizes=\"(max-width: 1101px) 100vw, 1101px\" \/><\/div>[vc_column_text]La cifra del paro registrado en Catalu\u00f1a se sit\u00faa en 422.866 \u00a0personas desempleadas.<\/p>\n<p>Si observamos la evoluci\u00f3n de la variaci\u00f3n interanual de la tasa de paro, hemos pasado de una tasa interanual en el mes de enero de 2013 del 4,52% a una tasa del -6,84% en el mes de enero de 2018.<\/p>\n<p><u><\/u>Este descenso, <u>en t\u00e9rminos interanuales<\/u>, del paro registrado del -6,84%, \u00a0supone una reducci\u00f3n de 31.057 personas desempleadas menos respecto del mismo mes del a\u00f1o anterior.[\/vc_column_text]<div class=\"single_image wpb_content_element align-left    \" data-animation=\"none\" data-delay=\"0\"><img width=\"1162\" height=\"580\" src=\"https:\/\/www.foment.com\/wp-content\/uploads\/2018\/02\/Grafico_2.png\" class=\"attachment-full\" alt=\"\" loading=\"lazy\" title=\"Grafico_2\" srcset=\"https:\/\/www.foment.com\/wp-content\/uploads\/2018\/02\/Grafico_2.png 1162w, https:\/\/www.foment.com\/wp-content\/uploads\/2018\/02\/Grafico_2-300x150.png 300w, https:\/\/www.foment.com\/wp-content\/uploads\/2018\/02\/Grafico_2-768x383.png 768w, https:\/\/www.foment.com\/wp-content\/uploads\/2018\/02\/Grafico_2-1024x511.png 1024w, https:\/\/www.foment.com\/wp-content\/uploads\/2018\/02\/Grafico_2-1000x500.png 1000w\" sizes=\"(max-width: 1162px) 100vw, 1162px\" \/><\/div>[vc_column_text]Respecto a la <u>variaci\u00f3n mensual<\/u>, en Catalu\u00f1a, en este mes de enero de 2018 el paro ha registrado un aumento de 4.848 personas desempleadas m\u00e1s respecto al mes anterior (un aumento del 1,16% en t\u00e9rminos relativos).[\/vc_column_text]<div class=\"single_image wpb_content_element align-left    \" data-animation=\"none\" data-delay=\"0\"><img width=\"1104\" height=\"657\" src=\"https:\/\/www.foment.com\/wp-content\/uploads\/2018\/02\/Grafico_3.png\" class=\"attachment-full\" alt=\"\" loading=\"lazy\" title=\"Grafico_3\" srcset=\"https:\/\/www.foment.com\/wp-content\/uploads\/2018\/02\/Grafico_3.png 1104w, https:\/\/www.foment.com\/wp-content\/uploads\/2018\/02\/Grafico_3-300x179.png 300w, https:\/\/www.foment.com\/wp-content\/uploads\/2018\/02\/Grafico_3-768x457.png 768w, https:\/\/www.foment.com\/wp-content\/uploads\/2018\/02\/Grafico_3-1024x609.png 1024w\" sizes=\"(max-width: 1104px) 100vw, 1104px\" \/><\/div>[vc_column_text]Por sectores, el aumento del paro registrado se concentra en el sector servicios (+5.906), personas sin empleo anterior (+154) e industria (+92), mientras que en el resto de sectores el paro registrado disminuye, destacando el sector de la construcci\u00f3n con 1.205\u00a0 parados menos y la agricultura con 99 parados menos.<\/p>\n<p>Por provincias, el paro registrado ha aumentado en todas las provincias catalanas. Concretamente, en Barcelona ha aumentado en 2.999 personas, en Girona se ha incrementado en 237 personas, en Lleida en 391 personas y 1.221 en Tarragona. En t\u00e9rminos interanuales, el paro se reduce en un 7,48% en Barcelona, en un 5,71% en Girona, en un 5,20% en Lleida y en un 4,64% en Tarragona.<\/p>\n<p>El paro registrado en cada provincia se sit\u00faa este mes de enero en 305.568 en Barcelona, 41.979 en Girona, 22.301 en Lleida y 53.018 en Tarragona.<\/p>\n<p><u>Contrataci\u00f3n<\/u>. Respecto al n\u00famero de contratos registrados durante el mes de enero en Catalu\u00f1a, el n\u00famero de contratos se sit\u00faa en 262.626 \u00a0contratos, de los cuales 13,80% (36.231 contratos) lo han sido de car\u00e1cter indefinido, y el resto (86,20%, es decir, 226.395 contratos) han sido temporales. El n\u00famero de contratos registrados en Catalu\u00f1a ha aumentado en un 19,67% respecto al mes anterior (43.168 contratos m\u00e1s) y un 15,90% respecto al mes de enero de 2016 (36.036 contratos m\u00e1s).<\/p>\n<p><u>A <\/u><u>nivel estatal<\/u> el paro registrado ha aumentado en 63.747 personas en relaci\u00f3n al mes anterior (1,87%). La cifra de paro a nivel estatal se sit\u00faa en el mes de enero de 2018 en 3.476.528 \u00a0personas\u00a0 (-7,54% en t\u00e9rminos anuales), manteni\u00e9ndose en su nivel m\u00e1s bajo de los \u00faltimos 8 a\u00f1os.<\/p>\n<p><u>Afiliaci\u00f3n.<\/u> En Catalu\u00f1a, el n\u00famero de afiliados a la Seguridad Social se ha situado en el mes de enero de 2018 en \u00a03.267.647 ocupados, lo que supone 32.538 ocupados menos respecto el mes de diciembre de 2017 (-0,99%), y 109.277 ocupados m\u00e1s respecto al mismo mes del a\u00f1o anterior (3,46%).[\/vc_column_text]<div class=\"single_image wpb_content_element align-left    \" data-animation=\"none\" data-delay=\"0\"><img width=\"1053\" height=\"620\" src=\"https:\/\/www.foment.com\/wp-content\/uploads\/2018\/02\/Grafico_4-1.png\" class=\"attachment-full\" alt=\"\" loading=\"lazy\" title=\"Grafico_4\" srcset=\"https:\/\/www.foment.com\/wp-content\/uploads\/2018\/02\/Grafico_4-1.png 1053w, https:\/\/www.foment.com\/wp-content\/uploads\/2018\/02\/Grafico_4-1-300x177.png 300w, https:\/\/www.foment.com\/wp-content\/uploads\/2018\/02\/Grafico_4-1-768x452.png 768w, https:\/\/www.foment.com\/wp-content\/uploads\/2018\/02\/Grafico_4-1-1024x603.png 1024w\" sizes=\"(max-width: 1053px) 100vw, 1053px\" \/><\/div>[vc_column_text]<u>En \u00e1mbito estatal<\/u> el n\u00famero de afiliados a la Seguridad Social se ha situado en el mes de enero en 18.282.031 ocupados, lo que supone un descenso de 178.170 \u00a0personas afiliadas respecto al mes anterior \u00a0(-0,97%), y en t\u00e9rminos interanuales la afiliaci\u00f3n registr\u00f3 un aumento de 607.853 afiliados (3,44%), el mejor dato interanual en un mes de enero desde 2007.[\/vc_column_text][\/vc_column][\/vc_row]<\/p>\n<\/section>","protected":false},"excerpt":{"rendered":"<p>[vc_row][vc_column][vc_column_text]El n\u00famero de desempleados en Catalu\u00f1a aument\u00f3 en el mes de enero en 4.848 personas (1,16%) respecto al mes anterior. En t\u00e9rminos interanuales, el paro registrado se redujo en 31.057 personas (-6,84%).\u00a0 Respecto a la contrataci\u00f3n, se han efectuado m\u00e1s contratos que el mes anterior (43.168 contratos m\u00e1s), y se mantiene la dualidad entre los contratos temporales que representan el 13,80%, y los indefinidos que representan el 86,20% del total de contratos realizados en este mes. Foment del Treball considera que los datos del paro registrado correspondientes al mes de enero confirman la tendencia de ralentizaci\u00f3n en la reactivaci\u00f3n del empleo, constatada desde el \u00faltimo trimestre de 2017. Estos datos nos reafirman en la exigencia de generar un escenario de estabilidad institucional y seguridad jur\u00eddica para evitar la fuga de empresas, la perdida de inversiones empresariales y consolidar la creaci\u00f3n de empleo.[\/vc_column_text][vc_column_text]La cifra del paro registrado en Catalu\u00f1a se sit\u00faa en 422.866 \u00a0personas desempleadas. Si observamos la evoluci\u00f3n de la variaci\u00f3n interanual de la tasa de paro, hemos pasado de una tasa interanual en el mes de enero de 2013 del 4,52% a una tasa del -6,84% en el mes de enero de 2018. Este descenso, en t\u00e9rminos interanuales, del [&hellip;]<\/p>\n","protected":false},"author":10,"featured_media":42485,"comment_status":"closed","ping_status":"closed","sticky":false,"template":"","format":"standard","meta":{"_links_to":"","_links_to_target":""},"categories":[114,73],"tags":[],"acf":[],"wps_subtitle":"","_links":{"self":[{"href":"https:\/\/www.foment.com\/es\/wp-json\/wp\/v2\/posts\/42469"}],"collection":[{"href":"https:\/\/www.foment.com\/es\/wp-json\/wp\/v2\/posts"}],"about":[{"href":"https:\/\/www.foment.com\/es\/wp-json\/wp\/v2\/types\/post"}],"author":[{"embeddable":true,"href":"https:\/\/www.foment.com\/es\/wp-json\/wp\/v2\/users\/10"}],"replies":[{"embeddable":true,"href":"https:\/\/www.foment.com\/es\/wp-json\/wp\/v2\/comments?post=42469"}],"version-history":[{"count":0,"href":"https:\/\/www.foment.com\/es\/wp-json\/wp\/v2\/posts\/42469\/revisions"}],"wp:featuredmedia":[{"embeddable":true,"href":"https:\/\/www.foment.com\/es\/wp-json\/wp\/v2\/media\/42485"}],"wp:attachment":[{"href":"https:\/\/www.foment.com\/es\/wp-json\/wp\/v2\/media?parent=42469"}],"wp:term":[{"taxonomy":"category","embeddable":true,"href":"https:\/\/www.foment.com\/es\/wp-json\/wp\/v2\/categories?post=42469"},{"taxonomy":"post_tag","embeddable":true,"href":"https:\/\/www.foment.com\/es\/wp-json\/wp\/v2\/tags?post=42469"}],"curies":[{"name":"wp","href":"https:\/\/api.w.org\/{rel}","templated":true}]}}