{"id":47005,"date":"2018-06-12T13:21:50","date_gmt":"2018-06-12T11:21:50","guid":{"rendered":"http:\/\/www.foment.com\/empresaris-comissio-experts-reclamen-fiscalitat-energetica-justa-per-industries-exposades-competencia-internacional\/"},"modified":"2018-06-13T09:04:28","modified_gmt":"2018-06-13T07:04:28","slug":"empresarios-comision-expertos-reclaman-fiscalidad-energetica-justa-para-industrias-expuestas-competencia-internacional","status":"publish","type":"post","link":"https:\/\/www.foment.com\/es\/empresarios-comision-expertos-reclaman-fiscalidad-energetica-justa-para-industrias-expuestas-competencia-internacional\/","title":{"rendered":"Los empresarios reclaman una fiscalidad energ\u00e9tica justa para las industrias expuestas a la competencia internacional, tal y como se indica en el informe de la Comisi\u00f3n de Expertos"},"content":{"rendered":"<section class=\"wpb-content-wrapper\"><p>[vc_row][vc_column][vc_column_text]<\/p>\n<ul>\n<li>La jornada sobre las conclusiones de la <strong>Comisi\u00f3n de Expertos de Transici\u00f3n Energ\u00e8tica\u00a0<\/strong>ha sido organizada por el F<strong>orum Energia de Foment del Treball<\/strong>, presidido por <strong>Virginia Guinda<\/strong>.<\/li>\n<li>Se ha contado con la participaci\u00f3n del presidente de la Comisi\u00f3n de Expertos sobre la Transici\u00f3n Energ\u00e9tica, <strong>Jorge Sanz<\/strong>; el presidente de ACOG, <strong>Antonio P\u00e9rez Palacio<\/strong>; la presidenta de AEGE, <strong>Teresa Rasero<\/strong>; y el presidente de Gas Industrial, <strong>Juan Vila<\/strong>.<\/li>\n<li>La evoluci\u00f3n de las sesiones y los temas de debate del Foro Energia pueden seguirse a trav\u00e9s de la cuenta <a href=\"https:\/\/twitter.com\/ForumEnergia\"><strong>@ForumEnergia<\/strong><\/a>.<\/li>\n<\/ul>\n<p>El presidente de la Comisi\u00f3n de Expertos de Transici\u00f3n Energ\u00e9tica, <strong>Jorge Sanz<\/strong>, ha presentado en una jornada celebrada en Foment del Treball algunas de las conclusiones del informe que han elaborado. El informe se propone reformar tanto la fiscalidad energ\u00e9tica actual como los peajes, considerando estos dos elementos primordiales para afrontar la transici\u00f3n energ\u00e9tica.<\/p>\n<p>En cuanto a la fiscalidad energ\u00e9tica, el informe aboga por unos impuestos que reflejen el da\u00f1o medioambiental y no sean meramente recaudatorios como actualmente. Sin embargo, propone, entre otras cosas, exenciones para la industria expuesta a la competencia internacional, para evitar p\u00e9rdidas de competitividad.[\/vc_column_text]<div class=\"spacer\" style=\"height: 10px;\"><\/div>[\/vc_column][\/vc_row][vc_row][vc_column width=\u00bb1\/2&#8243;]<div class=\"single_image wpb_content_element align-left    \" data-animation=\"none\" data-delay=\"0\"><img width=\"5178\" height=\"3452\" src=\"https:\/\/www.foment.com\/wp-content\/uploads\/2018\/06\/MG_4100.jpg\" class=\"attachment-full\" alt=\"Jorge Sanz\" loading=\"lazy\" title=\"Jorge Sanz\" srcset=\"https:\/\/www.foment.com\/wp-content\/uploads\/2018\/06\/MG_4100.jpg 5178w, https:\/\/www.foment.com\/wp-content\/uploads\/2018\/06\/MG_4100-300x200.jpg 300w, https:\/\/www.foment.com\/wp-content\/uploads\/2018\/06\/MG_4100-768x512.jpg 768w, https:\/\/www.foment.com\/wp-content\/uploads\/2018\/06\/MG_4100-1024x683.jpg 1024w, https:\/\/www.foment.com\/wp-content\/uploads\/2018\/06\/MG_4100-600x400.jpg 600w\" sizes=\"(max-width: 5178px) 100vw, 5178px\" \/><\/div><div class=\"spacer\" style=\"height: 10px;\"><\/div>[\/vc_column][vc_column width=\u00bb1\/2&#8243;][vc_column_text]<\/p>\n<blockquote>\n<h2><em>\u00abLa fiscalidad actual del sector energ\u00e9tico responde a motivos recaudatorios\u00a0y no ambientales\u201d<\/em><\/h2>\n<\/blockquote>\n<p>[\/vc_column_text]<div class=\"spacer\" style=\"height: 10px;\"><\/div>[\/vc_column][\/vc_row][vc_row][vc_column][vc_column_text]Se destaca la importancia de armonizar todos los impuestos ambientales y energ\u00e9ticos, preferiblemente a nivel europeo, con el fin de evitar distorsiones territoriales entre los consumidores de energ\u00eda.<\/p>\n<p>El presidente del Consejo de Expertos tambi\u00e9n matiza que es dif\u00edcil predecir el cambio tecnol\u00f3gico que puede haber en los pr\u00f3ximos a\u00f1os, y, en todo caso, que esta incertidumbre pide prudencia a la hora de apostar por determinadas inversiones.[\/vc_column_text][vc_raw_html]JTNDYSUyMGRhdGEtZmxpY2tyLWVtYmVkJTNEJTIydHJ1ZSUyMiUyMCUyMGhyZWYlM0QlMjJodHRwcyUzQSUyRiUyRnd3dy5mbGlja3IuY29tJTJGcGhvdG9zJTJGZm9tZW50ZGVsdHJlYmFsbCUyRmFsYnVtcyUyRjcyMTU3NjkxNDYwMjQ5NzkwJTIyJTIwdGl0bGUlM0QlMjJBbiVDMyVBMGxpc2klMjBpJTIwUHJvcG9zdGVzJTIwcGVyJTIwYSUyMGxhJTIwRGVzY2FyYm9uaXR6YWNpJUMzJUIzJTIwLSUyMENvbWlzc2klQzMlQjMlMjBkJTI2JTIzeDI3JTNCZXhwZXJ0cyUyMGRlJTIwVHJhbnNpY2klQzMlQjMlMjBFbmVyZyVDMyVBOHRpY2ElMjAtJTIyJTNFJTNDaW1nJTIwc3JjJTNEJTIyaHR0cHMlM0ElMkYlMkZmYXJtMi5zdGF0aWNmbGlja3IuY29tJTJGMTc0NCUyRjI4NDY4NTg4MDE4XzE1YzcxYWZmM2JfYy5qcGclMjIlMjB3aWR0aCUzRCUyMjgwMCUyMiUyMGhlaWdodCUzRCUyMjUzNCUyMiUyMGFsdCUzRCUyMkFuJUMzJUEwbGlzaSUyMGklMjBQcm9wb3N0ZXMlMjBwZXIlMjBhJTIwbGElMjBEZXNjYXJib25pdHphY2klQzMlQjMlMjAtJTIwQ29taXNzaSVDMyVCMyUyMGQlMjYlMjN4MjclM0JleHBlcnRzJTIwZGUlMjBUcmFuc2ljaSVDMyVCMyUyMEVuZXJnJUMzJUE4dGljYSUyMC0lMjIlM0UlM0MlMkZhJTNFJTNDc2NyaXB0JTIwYXN5bmMlMjBzcmMlM0QlMjIlMkYlMkZlbWJlZHIuZmxpY2tyLmNvbSUyRmFzc2V0cyUyRmNsaWVudC1jb2RlLmpzJTIyJTIwY2hhcnNldCUzRCUyMnV0Zi04JTIyJTNFJTNDJTJGc2NyaXB0JTNF[\/vc_raw_html][vc_column_text]Por su parte, la presidenta del Forum Energia de Foment, <strong>Virginia Guinda<\/strong>, remarca que la industria es sin duda un consumidor principal de energ\u00eda que, a su vez, es clave para su competitividad. En este sentido, el proceso de descarbonizaci\u00f3n es un factor determinante para las decisiones estrat\u00e9gicas de la industria a medio y largo plazo.[\/vc_column_text]<div class=\"spacer\" style=\"height: 10px;\"><\/div>[\/vc_column][\/vc_row][vc_row][vc_column width=\u00bb1\/2&#8243;]<div class=\"single_image wpb_content_element align-left    \" data-animation=\"none\" data-delay=\"0\"><img width=\"4887\" height=\"3258\" src=\"https:\/\/www.foment.com\/wp-content\/uploads\/2018\/06\/MG_4051.jpg\" class=\"attachment-full\" alt=\"\" loading=\"lazy\" title=\"Virginia Guinda\" srcset=\"https:\/\/www.foment.com\/wp-content\/uploads\/2018\/06\/MG_4051.jpg 4887w, https:\/\/www.foment.com\/wp-content\/uploads\/2018\/06\/MG_4051-300x200.jpg 300w, https:\/\/www.foment.com\/wp-content\/uploads\/2018\/06\/MG_4051-768x512.jpg 768w, https:\/\/www.foment.com\/wp-content\/uploads\/2018\/06\/MG_4051-1024x683.jpg 1024w, https:\/\/www.foment.com\/wp-content\/uploads\/2018\/06\/MG_4051-600x400.jpg 600w\" sizes=\"(max-width: 4887px) 100vw, 4887px\" \/><\/div><div class=\"spacer\" style=\"height: 10px;\"><\/div>[\/vc_column][vc_column width=\u00bb1\/2&#8243;][vc_column_text]<\/p>\n<blockquote>\n<h2><em>\u00abPara alcanzar los objetivos finales de descarbonizaci\u00f3n establecidos en el marco internacional es necesario que, a nivel de pa\u00eds, se intente acompasar el ritmo de los esfuerzos con el ciclo econ\u00f3mico, para minimizar riesgos y maximizar oportunidades\u00bb<\/em><\/h2>\n<\/blockquote>\n<p>[\/vc_column_text]<div class=\"spacer\" style=\"height: 10px;\"><\/div>[\/vc_column][\/vc_row][vc_row][vc_column][vc_column_text]Los usuarios industriales representados en la mesa redonda suponen m\u00e1s del 60% del gas consumido en Espa\u00f1a y un tercio del total de electricidad. <strong>Joan Vila<\/strong>, presidente de Gas Industrial, identifica dos aciertos clave del informe. Por un lado, abordar el reto de la descarbonizaci\u00f3n industrial de forma espec\u00edfica, y, por otro, constata que no se deben hacer m\u00e1s inversiones en el sistema gasista.[\/vc_column_text]<div class=\"spacer\" style=\"height: 10px;\"><\/div>[\/vc_column][\/vc_row][vc_row][vc_column width=\u00bb1\/2&#8243;]<div class=\"single_image wpb_content_element align-left    \" data-animation=\"none\" data-delay=\"0\"><img width=\"5282\" height=\"3521\" src=\"https:\/\/www.foment.com\/wp-content\/uploads\/2018\/06\/MG_4261.jpg\" class=\"attachment-full\" alt=\"Juan Vila\" loading=\"lazy\" title=\"Juan Vila\" srcset=\"https:\/\/www.foment.com\/wp-content\/uploads\/2018\/06\/MG_4261.jpg 5282w, https:\/\/www.foment.com\/wp-content\/uploads\/2018\/06\/MG_4261-300x200.jpg 300w, https:\/\/www.foment.com\/wp-content\/uploads\/2018\/06\/MG_4261-768x512.jpg 768w, https:\/\/www.foment.com\/wp-content\/uploads\/2018\/06\/MG_4261-1024x683.jpg 1024w, https:\/\/www.foment.com\/wp-content\/uploads\/2018\/06\/MG_4261-600x400.jpg 600w\" sizes=\"(max-width: 5282px) 100vw, 5282px\" \/><\/div><div class=\"spacer\" style=\"height: 10px;\"><\/div>[\/vc_column][vc_column width=\u00bb1\/2&#8243;][vc_column_text]<\/p>\n<blockquote>\n<h2><em>\u00abLa suficiencia de infraestructuras gasistas y el incremento de la demanda en los escenarios futuros deber\u00edan implicar una reducci\u00f3n de los peajes\u00bb<\/em><\/h2>\n<\/blockquote>\n<p>[\/vc_column_text]<div class=\"spacer\" style=\"height: 10px;\"><\/div>[\/vc_column][\/vc_row][vc_row][vc_column][vc_column_text]En cuanto a<strong> Antonio P\u00e9rez Palacio<\/strong>, presidente de ACOGEN, ha insistido en la necesidad de dar continuidad a las cogeneraciones de alta eficiencia en funcionamiento, en consonancia con las directrices europeas, tal y como recoge el propio informe de la Comisi\u00f3n de Expertos.[\/vc_column_text]<div class=\"spacer\" style=\"height: 10px;\"><\/div>[\/vc_column][\/vc_row][vc_row][vc_column width=\u00bb1\/2&#8243;]<div class=\"single_image wpb_content_element align-left    \" data-animation=\"none\" data-delay=\"0\"><img width=\"5472\" height=\"3648\" src=\"https:\/\/www.foment.com\/wp-content\/uploads\/2018\/06\/MG_4174.jpg\" class=\"attachment-full\" alt=\"Antonio P\u00e9rez Palacio\" loading=\"lazy\" title=\"Antonio P\u00e9rez Palacio\" srcset=\"https:\/\/www.foment.com\/wp-content\/uploads\/2018\/06\/MG_4174.jpg 5472w, https:\/\/www.foment.com\/wp-content\/uploads\/2018\/06\/MG_4174-300x200.jpg 300w, https:\/\/www.foment.com\/wp-content\/uploads\/2018\/06\/MG_4174-768x512.jpg 768w, https:\/\/www.foment.com\/wp-content\/uploads\/2018\/06\/MG_4174-1024x683.jpg 1024w, https:\/\/www.foment.com\/wp-content\/uploads\/2018\/06\/MG_4174-600x400.jpg 600w\" sizes=\"(max-width: 5472px) 100vw, 5472px\" \/><\/div><div class=\"spacer\" style=\"height: 10px;\"><\/div>[\/vc_column][vc_column width=\u00bb1\/2&#8243;][vc_column_text]<\/p>\n<blockquote>\n<h2><em><strong>\u201cEl informe evidencia la conveniencia para el pa\u00eds de mantener e impulsar la cogeneraci\u00f3n de alta eficiencia\u201d<\/strong><\/em><\/h2>\n<\/blockquote>\n<p>[\/vc_column_text]<div class=\"spacer\" style=\"height: 10px;\"><\/div>[\/vc_column][\/vc_row][vc_row][vc_column][vc_column_text]La presidenta de AEGE, <strong>Teresa Rasero<\/strong>, agradece Jorge Sanz que haya recogido la realidad de la industria expuesta a la competencia internacional.[\/vc_column_text]<div class=\"spacer\" style=\"height: 10px;\"><\/div>[\/vc_column][\/vc_row][vc_row][vc_column width=\u00bb1\/2&#8243;]<div class=\"single_image wpb_content_element align-left    \" data-animation=\"none\" data-delay=\"0\"><img width=\"5472\" height=\"3648\" src=\"https:\/\/www.foment.com\/wp-content\/uploads\/2018\/06\/MG_4211.jpg\" class=\"attachment-full\" alt=\"\" loading=\"lazy\" title=\"_MG_4211\" srcset=\"https:\/\/www.foment.com\/wp-content\/uploads\/2018\/06\/MG_4211.jpg 5472w, https:\/\/www.foment.com\/wp-content\/uploads\/2018\/06\/MG_4211-300x200.jpg 300w, https:\/\/www.foment.com\/wp-content\/uploads\/2018\/06\/MG_4211-768x512.jpg 768w, https:\/\/www.foment.com\/wp-content\/uploads\/2018\/06\/MG_4211-1024x683.jpg 1024w, https:\/\/www.foment.com\/wp-content\/uploads\/2018\/06\/MG_4211-600x400.jpg 600w\" sizes=\"(max-width: 5472px) 100vw, 5472px\" \/><\/div><div class=\"spacer\" style=\"height: 10px;\"><\/div>[\/vc_column][vc_column width=\u00bb1\/2&#8243;][vc_column_text]<\/p>\n<blockquote>\n<h2><em>\u00abS\u00f3lo el a\u00f1o pasado la diferencia de precios con Alemania cost\u00f3 450 millones de euros a la industria &#8216;electrointensiva&#8217;, lo que deber\u00eda hacer reflexionar, si se quiere evitar la deslocalizaci\u00f3n silenciosa de esta industria\u00bb<\/em><\/h2>\n<\/blockquote>\n<p>[\/vc_column_text]<div class=\"spacer\" style=\"height: 10px;\"><\/div>[\/vc_column][\/vc_row][vc_row][vc_column][vc_column_text]<\/p>\n<h4><span style=\"color: #c1002b;\"><strong>F\u00f2rum de prestigio entre los profesionals del sector<\/strong><\/span><\/h4>\n<p>Con estas actividades el F\u00f2rum Energia Empresa\u00a0pretende ser un espacio de encuentro entre las diferentes visiones empresariales vinculadas al factor energ\u00e9tico. Dirigido especialmente a directivos y profesionales de la gesti\u00f3n y contrataci\u00f3n energ\u00e9tica en el mundo de la empresa, Foment abre un espacio para la difusi\u00f3n y el intercambio de experiencias sobre el factor energ\u00e9tico en la empresa, entendido como elemento de gesti\u00f3n , competitividad econ\u00f3mica y progreso social.[\/vc_column_text]<div class=\"spacer\" style=\"height: 10px;\"><\/div>[\/vc_column][\/vc_row][vc_row][vc_column width=\u00bb1\/1&#8243;][vc_column_text]<\/p>\n<p style=\"text-align: center;\"><span style=\"color: #c1002b;\"><strong>V\u00eddeo de la jornada:\u00a0<\/strong><\/span><\/p>\n<p>[\/vc_column_text][\/vc_column][\/vc_row][vc_row][vc_column width=\u00bb1\/1&#8243;]<div class=\"spacer\" style=\"height: 20px;\"><\/div>[\/vc_column][\/vc_row][vc_row][vc_column width=\u00bb1\/1&#8243;]<div class=\"video-embed  wpb_content_element\"><iframe title=\"1\/10  Analisis y Propuestas para la Descarbonizacion- Comisi\u00f3n de Expertos de Transici\u00f3n Energ\u00e9tica\" width=\"1161\" height=\"871\" src=\"https:\/\/www.youtube.com\/embed\/Mp3wjOvIUvU?feature=oembed\" frameborder=\"0\" allow=\"accelerometer; autoplay; clipboard-write; encrypted-media; gyroscope; picture-in-picture; web-share\" referrerpolicy=\"strict-origin-when-cross-origin\" allowfullscreen><\/iframe><\/div>[\/vc_column][\/vc_row]<\/p>\n<\/section>","protected":false},"excerpt":{"rendered":"<p>[vc_row][vc_column][vc_column_text] La jornada sobre las conclusiones de la Comisi\u00f3n de Expertos de Transici\u00f3n Energ\u00e8tica\u00a0ha sido organizada por el Forum Energia de Foment del Treball, presidido por Virginia Guinda. Se ha contado con la participaci\u00f3n del presidente de la Comisi\u00f3n de Expertos sobre la Transici\u00f3n Energ\u00e9tica, Jorge Sanz; el presidente de ACOG, Antonio P\u00e9rez Palacio; la presidenta de AEGE, Teresa Rasero; y el presidente de Gas Industrial, Juan Vila. La evoluci\u00f3n de las sesiones y los temas de debate del Foro Energia pueden seguirse a trav\u00e9s de la cuenta @ForumEnergia. El presidente de la Comisi\u00f3n de Expertos de Transici\u00f3n Energ\u00e9tica, Jorge Sanz, ha presentado en una jornada celebrada en Foment del Treball algunas de las conclusiones del informe que han elaborado. El informe se propone reformar tanto la fiscalidad energ\u00e9tica actual como los peajes, considerando estos dos elementos primordiales para afrontar la transici\u00f3n energ\u00e9tica. En cuanto a la fiscalidad energ\u00e9tica, el informe aboga por unos impuestos que reflejen el da\u00f1o medioambiental y no sean meramente recaudatorios como actualmente. Sin embargo, propone, entre otras cosas, exenciones para la industria expuesta a la competencia internacional, para evitar p\u00e9rdidas de competitividad.[\/vc_column_text][\/vc_column][\/vc_row][vc_row][vc_column width=\u00bb1\/2&#8243;][\/vc_column][vc_column width=\u00bb1\/2&#8243;][vc_column_text] \u00abLa fiscalidad actual del sector energ\u00e9tico responde a motivos recaudatorios\u00a0y no [&hellip;]<\/p>\n","protected":false},"author":10,"featured_media":47079,"comment_status":"closed","ping_status":"closed","sticky":false,"template":"","format":"standard","meta":{"_links_to":"","_links_to_target":""},"categories":[114,111,121],"tags":[1079,1077,877,1080,1076,1078],"acf":[],"wps_subtitle":"La rebaja de los peajes y la reforma fiscal sobre la energ\u00eda se destacan como los dos ejes prioritarios para hacer frente a la transici\u00f3n energ\u00e9tica de la industria","_links":{"self":[{"href":"https:\/\/www.foment.com\/es\/wp-json\/wp\/v2\/posts\/47005"}],"collection":[{"href":"https:\/\/www.foment.com\/es\/wp-json\/wp\/v2\/posts"}],"about":[{"href":"https:\/\/www.foment.com\/es\/wp-json\/wp\/v2\/types\/post"}],"author":[{"embeddable":true,"href":"https:\/\/www.foment.com\/es\/wp-json\/wp\/v2\/users\/10"}],"replies":[{"embeddable":true,"href":"https:\/\/www.foment.com\/es\/wp-json\/wp\/v2\/comments?post=47005"}],"version-history":[{"count":0,"href":"https:\/\/www.foment.com\/es\/wp-json\/wp\/v2\/posts\/47005\/revisions"}],"wp:featuredmedia":[{"embeddable":true,"href":"https:\/\/www.foment.com\/es\/wp-json\/wp\/v2\/media\/47079"}],"wp:attachment":[{"href":"https:\/\/www.foment.com\/es\/wp-json\/wp\/v2\/media?parent=47005"}],"wp:term":[{"taxonomy":"category","embeddable":true,"href":"https:\/\/www.foment.com\/es\/wp-json\/wp\/v2\/categories?post=47005"},{"taxonomy":"post_tag","embeddable":true,"href":"https:\/\/www.foment.com\/es\/wp-json\/wp\/v2\/tags?post=47005"}],"curies":[{"name":"wp","href":"https:\/\/api.w.org\/{rel}","templated":true}]}}