{"id":47059,"date":"2018-06-12T11:39:48","date_gmt":"2018-06-12T09:39:48","guid":{"rendered":"http:\/\/www.foment.com\/efectes-limitats-conjuntura-politica-en-economia-catalana\/"},"modified":"2018-06-12T14:29:34","modified_gmt":"2018-06-12T12:29:34","slug":"efectos-limitados-conyuntura-politica-en-economia-catalana","status":"publish","type":"post","link":"https:\/\/www.foment.com\/es\/efectos-limitados-conyuntura-politica-en-economia-catalana\/","title":{"rendered":"Efectos limitados de la coyuntura pol\u00edtica en la econom\u00eda catalana, a pesar de que empieza a perder liderazgo sobre el resto de CCAA"},"content":{"rendered":"<section class=\"wpb-content-wrapper\"><p>[vc_row][vc_column width=\u00bb1\/1&#8243;]<div class=\"box clearfix style-1 wpb_content_element align-center \" style=\"padding: 40px 40px 40px 40px; \">\n<ul>\n<li style=\"text-align: left;\">\u00a0El crecimiento del PIB se ha mantenido elevado, tanto en Espa\u00f1a como Catalu\u00f1a, y se han vuelto a corregir a la alza las previsiones de crecimiento por este a\u00f1o, aunque se aprecia una moderaci\u00f3n de la actividad industrial, m\u00e1s intensa en el conjunto de Espa\u00f1a. Por el lado de la demanda, destaca la desaceleraci\u00f3n de la inversi\u00f3n.<\/li>\n<li style=\"text-align: left;\">\u00a0Las econom\u00edas espa\u00f1ola y catalana todav\u00eda se benefician de una coyuntura externa muy positiva (condiciones financieras favorables, recuperaci\u00f3n de las econom\u00edas europeas y del comercio exterior, impulso de la demanda interna, de las exportaciones y la industria). Adem\u00e1s, a partir de este a\u00f1o el tono de la pol\u00edtica fiscal ser\u00e1 m\u00e1s expansivo.<\/li>\n<li style=\"text-align: left;\">\u009e El crecimiento de la ocupaci\u00f3n ha sido m\u00e1s fuerte en Catalu\u00f1a que al global de Espa\u00f1a, seg\u00fan el\u00a0EPA\u00a0del primer trimestre, y se mantiene el buen ritmo de afiliaci\u00f3n, pero la reducci\u00f3n del paro se est\u00e1 moderando con m\u00e1s intensidad<\/li>\n<\/ul>\n<\/div><div class=\"spacer\" style=\"height: 20px;\"><\/div>[\/vc_column][\/vc_row][vc_row][vc_column width=\u00bb1\/1&#8243;]<div class=\"iconbox  iconbox-style-10 icon-color-accent color-dark clearfix\"><i class=\"fa fa-paperclip boxicon\" style=\"\"><\/i><h3><\/h3><p><a href=\"http:\/\/www.foment.com\/wp-content\/uploads\/2018\/06\/Informe-coyuntura-Junio-2018-castellano.pdf\"><span style=\"color: #c1002b;\"><strong>Informe de Coyuntura Econ\u00f3mica<\/strong><\/span><\/a><\/p><\/div><div class=\"spacer\" style=\"height: 10px;\"><\/div>[\/vc_column][\/vc_row][vc_row][vc_column width=\u00bb1\/1&#8243;]<div class=\"iconbox  iconbox-style-10 icon-color-accent color-dark clearfix\"><i class=\"fa fa-paperclip boxicon\" style=\"\"><\/i><h3><\/h3><p><a href=\"http:\/\/www.foment.com\/wp-content\/uploads\/2018\/06\/Informe-coyuntura-Junio-2018-castellano.pdf\"><strong><span style=\"color: #c1002b;\">Presentaci\u00f3n del Informe de Coyuntura Econ\u00f3mica<\/span><\/strong><\/a><\/p><\/div><div class=\"spacer\" style=\"height: 20px;\"><\/div>[\/vc_column][\/vc_row][vc_row][vc_column width=\u00bb1\/2&#8243;][vc_column_text]El ritmo de expansi\u00f3n de la econom\u00eda catalana se ha mantenido potente a lo largo del \u00faltimo trimestre y las previsiones de crecimiento para el medio plazo se han corregido a la alza, dado que se prev\u00e9 una moderaci\u00f3n de la actividad econ\u00f3mica en el pr\u00f3ximo bienio. As\u00ed, por ejemplo, de acuerdo con las proyecciones del BBVA, Catalu\u00f1a se encuentra dentro del grupo de CCAA donde m\u00e1s mejoran los pron\u00f3sticos, y eleva la proyecci\u00f3n de crecimiento en 0,4 puntos porcentuales por este a\u00f1o y en 0,3 puntos porcentuales para el 2019.[\/vc_column_text][\/vc_column][vc_column width=\u00bb1\/2&#8243;]<div class=\"spacer\" style=\"height: 5px;\"><\/div><div class=\"single_image wpb_content_element align-left    \" data-animation=\"none\" data-delay=\"0\"><img width=\"840\" height=\"503\" src=\"https:\/\/www.foment.com\/wp-content\/uploads\/2018\/06\/Grafico-1.jpg\" class=\"attachment-full\" alt=\"\" loading=\"lazy\" title=\"Grafico 1\" srcset=\"https:\/\/www.foment.com\/wp-content\/uploads\/2018\/06\/Grafico-1.jpg 840w, https:\/\/www.foment.com\/wp-content\/uploads\/2018\/06\/Grafico-1-300x180.jpg 300w, https:\/\/www.foment.com\/wp-content\/uploads\/2018\/06\/Grafico-1-768x460.jpg 768w\" sizes=\"(max-width: 840px) 100vw, 840px\" \/><\/div>[\/vc_column][\/vc_row][vc_row][vc_column width=\u00bb1\/1&#8243;][vc_column_text]El BBVA se\u00f1ala que el aumento de la tensi\u00f3n pol\u00edtica en Catalu\u00f1a tuvo efectos inmediatos, pero circunscritos sobre la demanda interna en el \u00faltimo trimestre del 2017, que se vieron compensados por la mejora de la demanda exterior, y que para el 2018 las perspectivas son favorables. Adem\u00e1s, el escenario internacional es ahora m\u00e1s favorable lo cual beneficiar\u00e1 en mayor medida a las comunidades m\u00e1s abiertas.<\/p>\n<p>Sin embargo, Catalu\u00f1a estar\u00eda perdiendo su condici\u00f3n de liderazgo en la recuperaci\u00f3n de la econom\u00eda espa\u00f1ola al mostrar menos dinamismo que otras comunidades como Madrid, Pa\u00eds Vasco o Islas Baleares.<\/p>\n<p>Estos datos, entre otras muchas, son las que analiza el <strong>Informe Trimestral de Coyuntura<\/strong> que elabora Fomento y que hoy han presentado el presidente de la Comisi\u00f3n de Econom\u00eda y Fiscalidad de la patronal catalana,\u00a0<strong>Valent\u00ed Pich<\/strong>, y el Director de Econom\u00eda del Fomento,<strong> Salvador Guillermo.<\/strong>[\/vc_column_text]<div class=\"spacer\" style=\"height: 10px;\"><\/div>[\/vc_column][\/vc_row][vc_row][vc_column width=\u00bb1\/2&#8243;][vc_column_text]<span style=\"color: #c1002b;\"><strong>Temor a una escalada del proteccionismo comercial<\/strong><\/span><\/p>\n<p>Gran parte de la coyuntura econ\u00f3mica de estos meses est\u00e1 relacionada al contexto internacional. Temas pol\u00edticos -desde la formaci\u00f3n de un gobierno populista y \u00a0antieuropeo\u00a0en Italia, pasando por la tensi\u00f3n comercial entre los EE.UU. y la China o las negociaciones del\u00a0Brexit, hasta el acuerdo de desnuclearizaci\u00f3n entre las dos\u00a0Coreas-\u00a0est\u00e1n marcando un pulso a los mercados financieros internacionales y el sentimiento de los agentes econ\u00f3micos en el corto plazo.<\/p>\n<p>As\u00ed mismo existen otros elementos del entorno exterior que est\u00e1n determinando la marcha de la econom\u00eda, como la evoluci\u00f3n reciente del precio del petr\u00f3leo, y de las materias primeras en general, o el proceso de normalizaci\u00f3n de la pol\u00edtica monetaria tanto por parte de la Reserva Federal como del BCE. En el que al crecimiento de las econom\u00edas avanzadas se refiere, se aprecia una moderaci\u00f3n generalizada en el ritmo de expansi\u00f3n entre el \u00faltimo trimestre de 2017 y primer trimestre de 2018, excepto en los EE.UU.[\/vc_column_text][\/vc_column][vc_column width=\u00bb1\/2&#8243;]<div class=\"spacer\" style=\"height: 35px;\"><\/div><div class=\"single_image wpb_content_element align-left    \" data-animation=\"none\" data-delay=\"0\"><img width=\"555\" height=\"663\" src=\"https:\/\/www.foment.com\/wp-content\/uploads\/2018\/06\/Grafico-2.jpg\" class=\"attachment-full\" alt=\"\" loading=\"lazy\" title=\"Grafico 2\" srcset=\"https:\/\/www.foment.com\/wp-content\/uploads\/2018\/06\/Grafico-2.jpg 555w, https:\/\/www.foment.com\/wp-content\/uploads\/2018\/06\/Grafico-2-251x300.jpg 251w\" sizes=\"(max-width: 555px) 100vw, 555px\" \/><\/div>[\/vc_column][\/vc_row][vc_row][vc_column width=\u00bb1\/1&#8243;][vc_column_text]As\u00ed lo constatan tambi\u00e9n algunos indicadores de actividad avanzados como el\u00a0PMI\u00a0(Actividad Total) que muestra una ralentizaci\u00f3n de la actividad a la zona euro en el mes de mayo al registrar un valor de 54,1, el m\u00e1s bajo en 18 meses (aunque se mantiene por encima del umbral de 50 puntos que indica crecimiento).<\/p>\n<p>Seg\u00fan la Comisi\u00f3n Europea, los riesgos negativos para la econom\u00eda global han aumentado significativamente, lo cual se traduce en un incremento de la volatilidad a los mercados financieros internacionales que podr\u00eda tener repercusiones en las condiciones de financiaci\u00f3n a nivel mundial. Por ejemplo, en el medio plazo, el programa de est\u00edmulo fiscal en los EE.UU. podr\u00eda empeorar su d\u00e9ficit de cuenta corriente y aumentar los riesgos sobre la sostenibilidad de las finanzas p\u00fablicas. As\u00ed mismo las medidas comerciales proteccionistas anunciadas por la administraci\u00f3n\u00a0Trump, han incrementado la incertidumbre sobre una escalada de tensiones en el sistema de comercio multilateral actual. En definitiva, la Comisi\u00f3n sostiene que se mantiene la fase de expansi\u00f3n econ\u00f3mica pero en un contexto m\u00e1s incierto, fundamentalmente en el \u00e1mbito del comercio internacional. Para la Comisi\u00f3n, la econom\u00eda europea todav\u00eda tiene espacio para continuar creciente por encima de su nivel potencial por un periodo de tiempo, con m\u00e1s reducciones del paro y una inflaci\u00f3n contenida.<\/p>\n<p>&nbsp;<\/p>\n<p><span style=\"color: #c1002b;\"><strong>La rehabilitaci\u00f3n: un papel creciente y de mejora ambiental<\/strong><\/span><br \/>\nA diferencia otros pa\u00edses, en Espa\u00f1a y en Catalu\u00f1a, la obra nueva ha sido la actividad m\u00e1s relevante, ya sea, en la edificaci\u00f3n como en la obra civil, a diferencia de la gran mayor\u00eda de pa\u00edses europeos en los cuales el\u00a0subsector\u00a0de rehabilitaci\u00f3n tiene mayor importancia. El a\u00f1o 2008 el\u00a0subsector\u00a0de rehabilitaci\u00f3n mantenimiento ha representado el 46% del sector de la construcci\u00f3n a los pa\u00edses europeos, a diferencia de Espa\u00f1a, que consigui\u00f3 el 29%. Como consecuencia de la fuerte ca\u00edda de actividad,<br \/>\nesencialmente en la obra nueva, ya sea esta de edificaci\u00f3n como de obra civil, el peso relativo del\u00a0subsector\u00a0de la rehabilitaci\u00f3n aumento hasta el 38%, siendo ya en Europa (Euroconstruct\u00a0-19) el 51% de la totalidad del sector de la construcci\u00f3n. En estos datos, se pone de manifiesto dos hechos relevantes, a tener en cuenta, en un futuro cercano, que son: la mayor importancia que ir\u00e1 adquiriendo en el sector de la construcci\u00f3n las actividades de mantenimiento y rehabilitaci\u00f3n, por un lado, si nos fijamos en los datos de producci\u00f3n, la fuerte y excesiva ca\u00edda de los niveles de actividad que han mostrado las operaciones de edificaci\u00f3n nueva y de obra civil nueva, que en ning\u00fan caso, puede mantenerse a estos niveles tan bajos.<\/p>\n<p>&nbsp;<\/p>\n<p><strong><span style=\"color: #c1002b;\">Una fiscalidad para atraer actividad econ\u00f3mica<\/span><\/strong><br \/>\nLa Generalitat de Catalu\u00f1a ha venido caracteriz\u00e1ndose, en un contexto de una financiaci\u00f3n auton\u00f3mica insuficiente e inadecuado (criterio de\u00a0ordinalidad)\u00a0y de fuertes restricciones presupuestar\u00edas -y con mayores exigencias para llegar a un nivel uniforme de d\u00e9ficit p\u00fablico, con independencia de su nivel de origen, a llevar a cabo- por un lado una reducci\u00f3n del gasto, conjuntamente con la proliferaci\u00f3n y creaci\u00f3n de nuevas figuras tributaria al albedr\u00edo del margen imaginativo que permite la\u00a0LOFCA.<\/p>\n<p>Si bien es cierto, que estas figuras tributarias no han tenido un efecto significativo en la recaudaci\u00f3n, han traslado una imagen de una Catalu\u00f1a que graba excesivamente las diversas actividades (turismo, aviaci\u00f3n, recursos -agua, generaci\u00f3n de electricidad- bajo el prisma del riesgo nuclear-, viviendas vac\u00edos de grandes operadores, bebidas azucaradas, o m\u00e1s recientemente, la iniciativa de grabar las emisiones de CO2, entre otros-), adem\u00e1s de disponer de tipos impositivos m\u00e1s elevados en los niveles altos de renta \u2013que puedan disuadir a los profesionales de las multinacionales, con un impacto recaudatorio casi nulo- o de un nivel elevado de los tipos en transmisiones patrimoniales y\u00a0AJD\u00a0o de los impuesto sobre el patrimonio o del Impuesto sobre Sucesiones y Donaciones. En definitiva, la imagen \u2013 y en parte, realidad- que este\u00a0marem\u00e0gnum\u00a0de impuestos, posiblemente poco significativos en t\u00e9rminos de recaudaci\u00f3n, pueden dar una imagen de una alta fiscalidad, lo cual en nada contribuye a traer inversiones.<\/p>\n<p>En conclusi\u00f3n, Catalu\u00f1a es la comunidad con m\u00e1s tributos propios. Adem\u00e1s tiene una imagen muy negativa en cuanto a la carga impositiva que perjudica a empresas, profesionales y familias.<\/p>\n<p>&nbsp;<\/p>\n<p>[\/vc_column_text][\/vc_column][\/vc_row][vc_row][vc_column width=\u00bb1\/2&#8243;]<div class=\"spacer\" style=\"height: 60px;\"><\/div><div class=\"single_image wpb_content_element align-left    \" data-animation=\"none\" data-delay=\"0\"><img width=\"691\" height=\"417\" src=\"https:\/\/www.foment.com\/wp-content\/uploads\/2018\/06\/grafico-3.jpg\" class=\"attachment-full\" alt=\"\" loading=\"lazy\" title=\"grafico 3\" srcset=\"https:\/\/www.foment.com\/wp-content\/uploads\/2018\/06\/grafico-3.jpg 691w, https:\/\/www.foment.com\/wp-content\/uploads\/2018\/06\/grafico-3-300x181.jpg 300w\" sizes=\"(max-width: 691px) 100vw, 691px\" \/><\/div>[\/vc_column][vc_column width=\u00bb1\/2&#8243;][vc_column_text]<span style=\"color: #c1002b;\"><strong>Buenos datos de descenso del paro<\/strong><\/span><\/p>\n<p>El n\u00famero de parados, desde el \u00faltimo trimestre del a\u00f1o pasado al primer trimestre, subi\u00f3 a Espa\u00f1a (29.400) \u2013aunque en t\u00e9rminos\u00a0desestacionados\u00a0baj\u00f3 un 3,0%\u2013, mientras que en Catalu\u00f1a descendi\u00f3 (20.600). La cifra de parados totales se sit\u00faa en 3.766.700 y 479.200, respectivamente. De esta forma, el ritmo de ca\u00edda interanual del paro se mantiene fuerte: en Catalu\u00f1a la reducci\u00f3n fue del 20,5%, mientras que en el conjunto de Espa\u00f1a el paro baj\u00f3 un 10,8%. As\u00ed, la tasa de paro se situ\u00f3 en el 12,2% para Catalu\u00f1a y en el 16,7% para Espa\u00f1a.[\/vc_column_text][\/vc_column][\/vc_row][vc_row][vc_column width=\u00bb1\/1&#8243;][vc_column_text]Por otro lado, la afiliaci\u00f3n total en Catalu\u00f1a aument\u00f3 un 3,0% interanual en mayo, lo cual implica 97.554 afiliados m\u00e1s en los \u00faltimos 12 meses. En Espa\u00f1a, la subida fue similar, con un incremento de la afiliaci\u00f3n del 3,1%, es decir, 570.254 afiliados m\u00e1s respecto a igual mes del a\u00f1o anterior. La cifra de afiliaci\u00f3n total actualmente asciende a 3.393.908 y 18.915.668 personas en Catalu\u00f1a y Espa\u00f1a, respectivamente.[\/vc_column_text][\/vc_column][\/vc_row]<\/p>\n<\/section>","protected":false},"excerpt":{"rendered":"<p>[vc_row][vc_column width=\u00bb1\/1&#8243;][\/vc_column][\/vc_row][vc_row][vc_column width=\u00bb1\/1&#8243;][\/vc_column][\/vc_row][vc_row][vc_column width=\u00bb1\/1&#8243;][\/vc_column][\/vc_row][vc_row][vc_column width=\u00bb1\/2&#8243;][vc_column_text]El ritmo de expansi\u00f3n de la econom\u00eda catalana se ha mantenido potente a lo largo del \u00faltimo trimestre y las previsiones de crecimiento para el medio plazo se han corregido a la alza, dado que se prev\u00e9 una moderaci\u00f3n de la actividad econ\u00f3mica en el pr\u00f3ximo bienio. As\u00ed, por ejemplo, de acuerdo con las proyecciones del BBVA, Catalu\u00f1a se encuentra dentro del grupo de CCAA donde m\u00e1s mejoran los pron\u00f3sticos, y eleva la proyecci\u00f3n de crecimiento en 0,4 puntos porcentuales por este a\u00f1o y en 0,3 puntos porcentuales para el 2019.[\/vc_column_text][\/vc_column][vc_column width=\u00bb1\/2&#8243;][\/vc_column][\/vc_row][vc_row][vc_column width=\u00bb1\/1&#8243;][vc_column_text]El BBVA se\u00f1ala que el aumento de la tensi\u00f3n pol\u00edtica en Catalu\u00f1a tuvo efectos inmediatos, pero circunscritos sobre la demanda interna en el \u00faltimo trimestre del 2017, que se vieron compensados por la mejora de la demanda exterior, y que para el 2018 las perspectivas son favorables. Adem\u00e1s, el escenario internacional es ahora m\u00e1s favorable lo cual beneficiar\u00e1 en mayor medida a las comunidades m\u00e1s abiertas. Sin embargo, Catalu\u00f1a estar\u00eda perdiendo su condici\u00f3n de liderazgo en la recuperaci\u00f3n de la econom\u00eda espa\u00f1ola al mostrar menos dinamismo que otras comunidades como Madrid, Pa\u00eds Vasco o Islas Baleares. Estos datos, entre otras muchas, son las que [&hellip;]<\/p>\n","protected":false},"author":7,"featured_media":47080,"comment_status":"closed","ping_status":"closed","sticky":false,"template":"","format":"standard","meta":{"_links_to":"","_links_to_target":""},"categories":[114,69],"tags":[],"acf":[],"wps_subtitle":"La econom\u00eda europea percibe el temor a una escalada del proteccionismo comercial y sus consecuencias sobre el comercio mundial y el crecimiento econ\u00f3mico despu\u00e9s de la \u00faltima cumbre del G7 y la postura de los EEUU","_links":{"self":[{"href":"https:\/\/www.foment.com\/es\/wp-json\/wp\/v2\/posts\/47059"}],"collection":[{"href":"https:\/\/www.foment.com\/es\/wp-json\/wp\/v2\/posts"}],"about":[{"href":"https:\/\/www.foment.com\/es\/wp-json\/wp\/v2\/types\/post"}],"author":[{"embeddable":true,"href":"https:\/\/www.foment.com\/es\/wp-json\/wp\/v2\/users\/7"}],"replies":[{"embeddable":true,"href":"https:\/\/www.foment.com\/es\/wp-json\/wp\/v2\/comments?post=47059"}],"version-history":[{"count":0,"href":"https:\/\/www.foment.com\/es\/wp-json\/wp\/v2\/posts\/47059\/revisions"}],"wp:featuredmedia":[{"embeddable":true,"href":"https:\/\/www.foment.com\/es\/wp-json\/wp\/v2\/media\/47080"}],"wp:attachment":[{"href":"https:\/\/www.foment.com\/es\/wp-json\/wp\/v2\/media?parent=47059"}],"wp:term":[{"taxonomy":"category","embeddable":true,"href":"https:\/\/www.foment.com\/es\/wp-json\/wp\/v2\/categories?post=47059"},{"taxonomy":"post_tag","embeddable":true,"href":"https:\/\/www.foment.com\/es\/wp-json\/wp\/v2\/tags?post=47059"}],"curies":[{"name":"wp","href":"https:\/\/api.w.org\/{rel}","templated":true}]}}