{"id":47136,"date":"2018-06-13T14:58:25","date_gmt":"2018-06-13T12:58:25","guid":{"rendered":"http:\/\/www.foment.com\/el-fort-augment-de-lipc-al-maig-convida-a-evitar-tensions-inflacionistes-i-per-tant-referenciar-els-salaris-amb-la-inflacio-subjacent\/"},"modified":"2018-06-14T09:00:14","modified_gmt":"2018-06-14T07:00:14","slug":"el-fuerte-aumento-del-ipc-en-mayo-invita-a-evitar-tensiones-inflacionistas-y-por-tanto-referenciar-los-salarios-con-la-inflacion-subyacente","status":"publish","type":"post","link":"https:\/\/www.foment.com\/es\/el-fuerte-aumento-del-ipc-en-mayo-invita-a-evitar-tensiones-inflacionistas-y-por-tanto-referenciar-los-salarios-con-la-inflacion-subyacente\/","title":{"rendered":"El fuerte aumento del IPC en mayo invita a evitar tensiones inflacionistas y, por tanto, referenciar los salarios con la inflaci\u00f3n subyacente"},"content":{"rendered":"<p>La inflaci\u00f3n se incrementa fuertemente en Espa\u00f1a en el mes de mayo, ya que el IPC general subi\u00f3 un punto, desde el 1,1% en abril hasta el 2,1%. Es el m\u00e1ximo registro en 13 meses. Por su parte, en Catalu\u00f1a, la inflaci\u00f3n aument\u00f3 del 1,2% al 2,3%. Este fuerte aumento del IPC aconseja evitar tensiones inflacionistas, por lo que los salarios ser\u00eda necesario que se referencie por la inflaci\u00f3n m\u00e1s estable, es decir, la subyacente, que est\u00e1 en el 1,1%.<\/p>\n<p>Si se analizan los datos, se constata que el aumento de los precios obedece al encarecimiento de la energ\u00eda, ya que la inflaci\u00f3n subyacente est\u00e1 precisamente al 1,1%. En este contexto, el aumento de precios se traslada en t\u00e9rminos de renta hacia el exterior, hacia los pa\u00edses productores, empobreciendo de igual manera en t\u00e9rminos relativos empresarios y asalariados.<\/p>\n<p>Entre los grupos que han tenido una mayor influencia positiva en el IPC (Espa\u00f1a) destacan: transporte (los precios de los carburantes y lubricantes subieron este mes, mientras que cayeron el mismo mes de 2017), vivienda (los precios del electricidad se incrementaron m\u00e1s en mayo de este a\u00f1o).<\/p>\n<p><strong>De cara a los pr\u00f3ximos meses se espera que la inflaci\u00f3n general aumente como consecuencia del efecto del incremento del precio del petr\u00f3leo y de la depreciaci\u00f3n del euro.<\/strong><\/p>\n<p>Por otra parte, la inflaci\u00f3n subyacente -\u00edndice general sin alimentos no elaborados ni productos energ\u00e9ticos- ha aumentado su ritmo de crecimiento en tres d\u00e9cimas hasta el 1,1%, situ\u00e1ndose de esta manera el precio de los componentes m\u00e1s estables de la cesta de la compra muy por debajo del IPC general.<\/p>\n<p>Por otra parte, al considerar el indicador de inflaci\u00f3n armonizado (IPCA) -que permite realizar una comparaci\u00f3n con la evoluci\u00f3n de los precios en la Eurozona- aprecia que el diferencial de inflaci\u00f3n con la Uni\u00f3n Monetaria se mantiene contenido, ya que el IPCA en Europa se ha incrementado un 1,9%, mientras que en Espa\u00f1a ha subido un 2,1%, en t\u00e9rminos anuales.<\/p>\n","protected":false},"excerpt":{"rendered":"<p>La inflaci\u00f3n se incrementa fuertemente en Espa\u00f1a en el mes de mayo, ya que el IPC general subi\u00f3 un punto, desde el 1,1% en abril hasta el 2,1%. Es el m\u00e1ximo registro en 13 meses. Por su parte, en Catalu\u00f1a, la inflaci\u00f3n aument\u00f3 del 1,2% al 2,3%. Este fuerte aumento del IPC aconseja evitar tensiones inflacionistas, por lo que los salarios ser\u00eda necesario que se referencie por la inflaci\u00f3n m\u00e1s estable, es decir, la subyacente, que est\u00e1 en el 1,1%. Si se analizan los datos, se constata que el aumento de los precios obedece al encarecimiento de la energ\u00eda, ya que la inflaci\u00f3n subyacente est\u00e1 precisamente al 1,1%. En este contexto, el aumento de precios se traslada en t\u00e9rminos de renta hacia el exterior, hacia los pa\u00edses productores, empobreciendo de igual manera en t\u00e9rminos relativos empresarios y asalariados. Entre los grupos que han tenido una mayor influencia positiva en el IPC (Espa\u00f1a) destacan: transporte (los precios de los carburantes y lubricantes subieron este mes, mientras que cayeron el mismo mes de 2017), vivienda (los precios del electricidad se incrementaron m\u00e1s en mayo de este a\u00f1o). De cara a los pr\u00f3ximos meses se espera que la inflaci\u00f3n general aumente como consecuencia [&hellip;]<\/p>\n","protected":false},"author":24,"featured_media":47141,"comment_status":"closed","ping_status":"closed","sticky":false,"template":"","format":"standard","meta":{"_links_to":"","_links_to_target":""},"categories":[69],"tags":[1088],"acf":[],"wps_subtitle":"El aumento de los precios obedece al encarecimiento de la energ\u00eda, ya que la inflaci\u00f3n subyacente est\u00e1 en el 1,1%","_links":{"self":[{"href":"https:\/\/www.foment.com\/es\/wp-json\/wp\/v2\/posts\/47136"}],"collection":[{"href":"https:\/\/www.foment.com\/es\/wp-json\/wp\/v2\/posts"}],"about":[{"href":"https:\/\/www.foment.com\/es\/wp-json\/wp\/v2\/types\/post"}],"author":[{"embeddable":true,"href":"https:\/\/www.foment.com\/es\/wp-json\/wp\/v2\/users\/24"}],"replies":[{"embeddable":true,"href":"https:\/\/www.foment.com\/es\/wp-json\/wp\/v2\/comments?post=47136"}],"version-history":[{"count":0,"href":"https:\/\/www.foment.com\/es\/wp-json\/wp\/v2\/posts\/47136\/revisions"}],"wp:featuredmedia":[{"embeddable":true,"href":"https:\/\/www.foment.com\/es\/wp-json\/wp\/v2\/media\/47141"}],"wp:attachment":[{"href":"https:\/\/www.foment.com\/es\/wp-json\/wp\/v2\/media?parent=47136"}],"wp:term":[{"taxonomy":"category","embeddable":true,"href":"https:\/\/www.foment.com\/es\/wp-json\/wp\/v2\/categories?post=47136"},{"taxonomy":"post_tag","embeddable":true,"href":"https:\/\/www.foment.com\/es\/wp-json\/wp\/v2\/tags?post=47136"}],"curies":[{"name":"wp","href":"https:\/\/api.w.org\/{rel}","templated":true}]}}