{"id":53856,"date":"2018-09-05T12:11:10","date_gmt":"2018-09-05T10:11:10","guid":{"rendered":"http:\/\/www.foment.com\/foment-confia-cataluna-recupere-estabilidad-laboral-ante-incremento-paro\/"},"modified":"2018-09-05T12:17:18","modified_gmt":"2018-09-05T10:17:18","slug":"foment-confia-cataluna-recupere-estabilidad-laboral-ante-incremento-paro","status":"publish","type":"post","link":"https:\/\/www.foment.com\/es\/foment-confia-cataluna-recupere-estabilidad-laboral-ante-incremento-paro\/","title":{"rendered":"Foment conf\u00eda en que Catalu\u00f1a recupere la estabilidad laboral ante el incremento del 3,14% del n\u00famero de parados en agosto"},"content":{"rendered":"<section class=\"wpb-content-wrapper\"><p>[vc_row][vc_column][vc_column_text]El n\u00famero de desempleados en Catalu\u00f1a se ha incrementado en el mes de agosto en 11.594 personas (3,14%) respecto al mes anterior, siendo la Comunidad Aut\u00f3noma en la que m\u00e1s se ha incrementado el paro este mes. En t\u00e9rminos interanuales, el paro registrado se redujo en 16.667 personas (-4,19%). De esta forma, el n\u00famero de desempleados en Catalu\u00f1a es de 380.718. Respecto a la contrataci\u00f3n, se han efectuado 95.140 contratos menos que el mes anterior, y se mantiene la dualidad entre los contratos temporales que representan el 88,32%, y los indefinidos que representan el 11,68% del total de contratos realizados en este mes.<\/p>\n<p>Foment del Treball manifiesta que se trata de un aumento del paro habitual en los meses de agosto por el descenso de diversas actividades que se produce en dicho periodo, as\u00ed como por la finalizaci\u00f3n de algunas actividades ligadas al periodo vacacional.<\/p>\n<p>Las altas tasas de paro y una posible ralentizaci\u00f3n en el crecimiento econ\u00f3mico obligan a no adoptar medidas que puedan comportar incrementos de costes salariales o nuevas obligaciones o rigideces en nuestro mercado laboral para facilitar nuevas contrataciones.<\/p>\n<p>[\/vc_column_text]<div class=\"single_image wpb_content_element align-left    \" data-animation=\"none\" data-delay=\"0\"><img width=\"727\" height=\"395\" src=\"https:\/\/www.foment.com\/wp-content\/uploads\/2018\/09\/grafic-1-atur-agost.png\" class=\"attachment-full\" alt=\"\" loading=\"lazy\" title=\"grafic 1 atur agost\" srcset=\"https:\/\/www.foment.com\/wp-content\/uploads\/2018\/09\/grafic-1-atur-agost.png 727w, https:\/\/www.foment.com\/wp-content\/uploads\/2018\/09\/grafic-1-atur-agost-300x163.png 300w\" sizes=\"(max-width: 727px) 100vw, 727px\" \/><\/div>[vc_column_text]La cifra del paro registrado en Catalu\u00f1a se sit\u00faa en 380.718 \u00a0personas desempleadas.<\/p>\n<p>Si observamos la evoluci\u00f3n de la variaci\u00f3n interanual de la tasa de paro, hemos pasado de una tasa interanual en el mes de enero de 2013 del 4,52% a una tasa del -4,19% en el mes de agosto de 2018.<\/p>\n<p>Este descenso, <u>en t\u00e9rminos interanuales<\/u>, del paro registrado del -4,19%, \u00a0supone una reducci\u00f3n de 16.667 personas desempleadas menos respecto del mismo mes del a\u00f1o anterior.[\/vc_column_text]<div class=\"single_image wpb_content_element align-left    \" data-animation=\"none\" data-delay=\"0\"><img width=\"727\" height=\"395\" src=\"https:\/\/www.foment.com\/wp-content\/uploads\/2018\/09\/grafic-2-atur-agost.png\" class=\"attachment-full\" alt=\"\" loading=\"lazy\" title=\"grafic 2 atur agost\" srcset=\"https:\/\/www.foment.com\/wp-content\/uploads\/2018\/09\/grafic-2-atur-agost.png 727w, https:\/\/www.foment.com\/wp-content\/uploads\/2018\/09\/grafic-2-atur-agost-300x163.png 300w\" sizes=\"(max-width: 727px) 100vw, 727px\" \/><\/div>[vc_column_text]Respecto a la <u>variaci\u00f3n mensual<\/u>, en Catalu\u00f1a, en este mes de agosto de 2018 el paro ha registrado un aumento de 11.594 personas desempleadas m\u00e1s respecto al mes anterior (un incremento del 3,14% en t\u00e9rminos relativos).[\/vc_column_text]<div class=\"single_image wpb_content_element align-left    \" data-animation=\"none\" data-delay=\"0\"><img width=\"742\" height=\"534\" src=\"https:\/\/www.foment.com\/wp-content\/uploads\/2018\/09\/grafic-3-atur-agost.png\" class=\"attachment-full\" alt=\"\" loading=\"lazy\" title=\"grafic 3 atur agost\" srcset=\"https:\/\/www.foment.com\/wp-content\/uploads\/2018\/09\/grafic-3-atur-agost.png 742w, https:\/\/www.foment.com\/wp-content\/uploads\/2018\/09\/grafic-3-atur-agost-300x216.png 300w\" sizes=\"(max-width: 742px) 100vw, 742px\" \/><\/div>[vc_column_text]Por sectores, el paro registrado ha aumentado en el sector industrial (+1.268 personas desempleadas m\u00e1s), en la construcci\u00f3n (+ 1.632 personas desempleadas m\u00e1s)\u00a0 y en servicios (+10.440 personas desempleadas m\u00e1s), en cambio, se ha reducido en el sector agr\u00edcola (-378 desempleados) y en personas sin empleo anterior (-1.368 desempleados).<\/p>\n<p>Por provincias, el paro registrado se ha incrementado en todas las provincias catalanas. Concretamente, en Barcelona ha aumentado en 9.009 personas, en Girona en 1.195 personas, en Lleida en 520 personas y en Tarragona ha aumentado en 870 personas. \u00a0En t\u00e9rminos interanuales, el paro se reduce en un 4,59% en Barcelona, en Girona en un 4,16%, en Tarragona en un 3,54% y en Lleida se incrementa en un 0,67%<\/p>\n<p>El paro registrado en cada provincia se sit\u00faa este mes de agosto en 285.953 en Barcelona, 33.023 en Girona, 18.467 en Lleida y 43.275 en Tarragona.<\/p>\n<p><u>Contrataci\u00f3n<\/u>. Respecto al n\u00famero de contratos registrados durante el mes de agosto en Catalu\u00f1a, el n\u00famero de contratos se sit\u00faa en 232.827 contratos, de los cuales 11,68% (27.203 contratos) lo han sido de car\u00e1cter indefinido, y el resto (88,32%, es decir, 205.624 contratos) han sido temporales. El n\u00famero de contratos registrados en Catalu\u00f1a ha descendido en un 29,01% respecto al mes anterior (95.140 contratos menos) y ha aumentado en un 5,89% m\u00e1s respecto al mes de agosto de 2017 (12.943 contratos m\u00e1s).<\/p>\n<p><u>A <\/u><u>nivel estatal<\/u> el paro registrado se ha incrementado en 47.047 personas en relaci\u00f3n al mes anterior (1,50%). La cifra de paro a nivel estatal se sit\u00faa en el mes de agosto de 2018 en 3.182.068 personas\u00a0 (-5,92% en t\u00e9rminos anuales).<\/p>\n<p><u>Afiliaci\u00f3n.<\/u> En Catalu\u00f1a, el n\u00famero de afiliados a la Seguridad Social se ha situado en el mes de agosto de 2018 en \u00a03.375.401 ocupados, lo que supone 65.891 ocupados menos respecto el mes de julio de 2018 (-1,91%), y 80.983 ocupados m\u00e1s respecto al mismo mes del a\u00f1o anterior (2,46%).[\/vc_column_text]<div class=\"single_image wpb_content_element align-left    \" data-animation=\"none\" data-delay=\"0\"><img width=\"721\" height=\"396\" src=\"https:\/\/www.foment.com\/wp-content\/uploads\/2018\/09\/grafic-4-atur-agost.png\" class=\"attachment-full\" alt=\"\" loading=\"lazy\" title=\"grafic 4 atur agost\" srcset=\"https:\/\/www.foment.com\/wp-content\/uploads\/2018\/09\/grafic-4-atur-agost.png 721w, https:\/\/www.foment.com\/wp-content\/uploads\/2018\/09\/grafic-4-atur-agost-300x165.png 300w\" sizes=\"(max-width: 721px) 100vw, 721px\" \/><\/div>[vc_column_text]<u>En \u00e1mbito estatal<\/u> el n\u00famero de afiliados a la Seguridad Social se ha situado en el mes de agosto en 18.839.814 ocupados, lo que supone un descenso de 202.996 personas afiliadas respecto al mes anterior \u00a0(-1,07%), y en t\u00e9rminos interanuales la afiliaci\u00f3n registr\u00f3 un aumento de 529.970 afiliados (2,89%).[\/vc_column_text][\/vc_column][\/vc_row]<\/p>\n<\/section>","protected":false},"excerpt":{"rendered":"<p>[vc_row][vc_column][vc_column_text]El n\u00famero de desempleados en Catalu\u00f1a se ha incrementado en el mes de agosto en 11.594 personas (3,14%) respecto al mes anterior, siendo la Comunidad Aut\u00f3noma en la que m\u00e1s se ha incrementado el paro este mes. En t\u00e9rminos interanuales, el paro registrado se redujo en 16.667 personas (-4,19%). De esta forma, el n\u00famero de desempleados en Catalu\u00f1a es de 380.718. Respecto a la contrataci\u00f3n, se han efectuado 95.140 contratos menos que el mes anterior, y se mantiene la dualidad entre los contratos temporales que representan el 88,32%, y los indefinidos que representan el 11,68% del total de contratos realizados en este mes. Foment del Treball manifiesta que se trata de un aumento del paro habitual en los meses de agosto por el descenso de diversas actividades que se produce en dicho periodo, as\u00ed como por la finalizaci\u00f3n de algunas actividades ligadas al periodo vacacional. Las altas tasas de paro y una posible ralentizaci\u00f3n en el crecimiento econ\u00f3mico obligan a no adoptar medidas que puedan comportar incrementos de costes salariales o nuevas obligaciones o rigideces en nuestro mercado laboral para facilitar nuevas contrataciones. [\/vc_column_text][vc_column_text]La cifra del paro registrado en Catalu\u00f1a se sit\u00faa en 380.718 \u00a0personas desempleadas. Si observamos la evoluci\u00f3n [&hellip;]<\/p>\n","protected":false},"author":10,"featured_media":40968,"comment_status":"closed","ping_status":"closed","sticky":false,"template":"","format":"standard","meta":{"_links_to":"","_links_to_target":""},"categories":[114,73],"tags":[303,304,993,306,989,228],"acf":[],"wps_subtitle":"En t\u00e9rminos interanuales continua la tendencia alcista de creaci\u00f3n de ocupaci\u00f3n, as\u00ed como del aumento de la afiliaci\u00f3n en la Seguridad Social","_links":{"self":[{"href":"https:\/\/www.foment.com\/es\/wp-json\/wp\/v2\/posts\/53856"}],"collection":[{"href":"https:\/\/www.foment.com\/es\/wp-json\/wp\/v2\/posts"}],"about":[{"href":"https:\/\/www.foment.com\/es\/wp-json\/wp\/v2\/types\/post"}],"author":[{"embeddable":true,"href":"https:\/\/www.foment.com\/es\/wp-json\/wp\/v2\/users\/10"}],"replies":[{"embeddable":true,"href":"https:\/\/www.foment.com\/es\/wp-json\/wp\/v2\/comments?post=53856"}],"version-history":[{"count":0,"href":"https:\/\/www.foment.com\/es\/wp-json\/wp\/v2\/posts\/53856\/revisions"}],"wp:featuredmedia":[{"embeddable":true,"href":"https:\/\/www.foment.com\/es\/wp-json\/wp\/v2\/media\/40968"}],"wp:attachment":[{"href":"https:\/\/www.foment.com\/es\/wp-json\/wp\/v2\/media?parent=53856"}],"wp:term":[{"taxonomy":"category","embeddable":true,"href":"https:\/\/www.foment.com\/es\/wp-json\/wp\/v2\/categories?post=53856"},{"taxonomy":"post_tag","embeddable":true,"href":"https:\/\/www.foment.com\/es\/wp-json\/wp\/v2\/tags?post=53856"}],"curies":[{"name":"wp","href":"https:\/\/api.w.org\/{rel}","templated":true}]}}