{"id":54021,"date":"2018-09-17T11:46:06","date_gmt":"2018-09-17T09:46:06","guid":{"rendered":"http:\/\/www.foment.com\/?p=54021"},"modified":"2018-09-26T13:02:59","modified_gmt":"2018-09-26T11:02:59","slug":"el-presidente-del-foment-propondra-a-la-junta-directiva-de-acuerdo-con-el-comite-ejecutivo-convocar-elecciones-para-el-5-de-noviembre","status":"publish","type":"post","link":"https:\/\/www.foment.com\/es\/el-presidente-del-foment-propondra-a-la-junta-directiva-de-acuerdo-con-el-comite-ejecutivo-convocar-elecciones-para-el-5-de-noviembre\/","title":{"rendered":"El presidente del Foment propondr\u00e1 a la Junta Directiva, de acuerdo con el Comit\u00e9 Ejecutivo, convocar elecciones para el 5 de noviembre"},"content":{"rendered":"<p>El presidente del Foment, Joaquim Gay de Montell\u00e0, propondr\u00e1 a la Junta Directiva, de acuerdo con el Comit\u00e9 Ejecutivo, la convocatoria de la Asamblea Electoral de la entidad para el pr\u00f3ximo 5 de noviembre de 2018. La Junta Directiva se reunir\u00e1 el pr\u00f3ximo lunes 1 de octubre y, si acepta la propuesta, podr\u00e1 convocar las elecciones de Foment con el m\u00ednimo de 30 d\u00edas que contemplan los Estatutos de la entidad y antes de que se celebren las elecciones de la CEOE, previstas para el 21 de noviembre. En las elecciones del Foment se eligen el Presidente y la Junta Directiva, en dos votaciones separadas.<\/p>\n<p>Joaquim Gay de Montell\u00e0 no optar\u00e1 a la reelecci\u00f3n, dado que los Estatutos de la entidad limitan los mandatos de una misma presidencia a dos consecutivos. Gay de Montell\u00e0 fue nombrado presidente de Foment del Treball el 14 de marzo de 2011, cuando la Junta Directiva lo vot\u00f3 por unanimidad para sustituir Juan Rosell. Volvi\u00f3 a ser elegido como Presidente de la entidad el 4 de diciembre de 2014, cuando fue la \u00fanica candidatura presentada. Gay de Montell\u00e0 ha defendido a lo largo de sus dos mandatos, reiteradamente, la necesidad de profundizar en los valores democr\u00e1ticos que rigen la instituci\u00f3n y garantizar los mecanismos de control para el buen gobierno de la entidad a trav\u00e9s de la elaboraci\u00f3n de un <a href=\"https:\/\/www.foment.com\/es\/sobre-nosotros\/codigo-etico-buen-gobierno\/\" target=\"_blank\" rel=\"noopener\"><strong>c\u00f3digo \u00c9tico y una Comisi\u00f3n de R\u00e9gimen Interno<\/strong><\/a>.<\/p>\n<p>Seg\u00fan lo establecido en el\u00a0<a href=\"https:\/\/www.foment.com\/es\/sobre-nosotros\/estatutos\/#1472489497920-bcc48b02-0c0c\">R\u00e9gimen Electoral de los Estatutos de Foment<\/a>, la Junta Directiva debe nombrar la Mesa Electoral y aprobar el Plan Electoral de esta nueva convocatoria de Elecciones.<\/p>\n<h3><strong>El Plan electoral<\/strong><\/h3>\n<p>Seg\u00fan estipulan los Estatutos de Foment del Treball, el Plan electoral aprobado por la Junta Directiva determina que:<\/p>\n<ul>\n<li>El censo electoral est\u00e1 integrado por los miembros de la Asamblea General con derecho a voto. Hasta el sexto d\u00eda anterior a la reuni\u00f3n de la Asamblea Electoral, los socios podr\u00e1n cambiar sus representantes. La mesa electoral aprobar\u00e1 la lista provisional de electores en su sesi\u00f3n constitutiva y la lista definitiva al haber transcurrido el plazo que finaliza el sexto d\u00eda anterior a la reuni\u00f3n de la Asamblea Electoral.<\/li>\n<li>Se pueden presentar candidaturas a la presidencia y a vocales de la Junta Directiva hasta 7 d\u00edas antes de la fecha de celebraci\u00f3n de la Asamblea Electoral. Las candidaturas a la presidencia deben ser presentadas por el candidato a presidente y venir acompa\u00f1adas de 40 soportes de vocales de la Asamblea, como m\u00ednimo. Las candidaturas a vocales de la Junta Directiva deben ser presentadas por el candidato con el apoyo, como m\u00ednimo, de otro vocal de la Asamblea. Se anularan todos los apoyos a m\u00e1s de una candidatura a la Presidencia o a m\u00e1s de una candidatura a vocal de la Junta Directiva.<\/li>\n<li>S\u00f3lo se aceptar\u00e1n las papeletas de votaci\u00f3n suministradas por la Secretar\u00eda General de Foment. En las papeletas para la presidencia figurar\u00e1n los candidatos por orden alfab\u00e9tico. En las papeletas de la Junta Directiva figurar\u00e1n los nombres de los candidatos por orden alfab\u00e9tico, dentro de cada grupo correspondiente a vocales representantes de:\n<ul>\n<li>Organizaciones sectoriales<\/li>\n<li>Organizaciones territoriales<\/li>\n<li>Socios Individuales<\/li>\n<\/ul>\n<\/li>\n<\/ul>\n<ul>\n<li>Para facilitar el escrutinio, los socios colectivos y los individuales utilizar\u00e1n papeletas de diferente color. Habr\u00e1 papeletas sin nombre, para cada elecci\u00f3n y color.<\/li>\n<li>Los electores votan personalmente o por la delegaci\u00f3n prevista (Art. 28.1 Estatutos). El voto ser\u00e1 secreto, tanto en la votaci\u00f3n personal como en la efectuada por delegaci\u00f3n.<\/li>\n<li>Se votar\u00e1 en el orden que la Mesa electoral determine y en una urna o urnas para la presidencia y en una urna o urnas para la Junta Directiva.<\/li>\n<\/ul>\n<p>Finalizada la votaci\u00f3n, la Mesa iniciar\u00e1 el escrutinio, que ser\u00e1 p\u00fablico. Las papeletas identificadas por el color correspondiente de socios colectivos se computar\u00e1n por 10 votos. Las correspondientes a los socios individuales valdr\u00e1n 1 voto. (art. 13.1 Estatutos)<\/p>\n<p>La Mesa proclamar\u00e1 Presidente a quien haya obtenido m\u00e1s votos y proclamar\u00e1 vocales de la Junta Directiva a los m\u00e1s votados dentro de cada categor\u00eda de organizaciones sectoriales, territoriales y socios individuales, hasta cubrir el total de vocal\u00edas de cada grupo.<\/p>\n<h3><strong>Candidaturas<\/strong><\/h3>\n<p>Las candidaturas deber\u00e1n ser presentadas por escrito, dentro del plazo que establezca el Plan electoral. Los candidatos deber\u00e1n ser miembros de entidades asociadas a Foment y deber\u00e1n acreditar la vigencia y el cumplimiento de los requisitos de asociaci\u00f3n. Por lo tanto, no podr\u00e1n ser candidatos los electores que se encuentren suspendidos de ejercicio (Art. 13 Estatutos) o que se encuentren comprendidos en alguna de las causas de incompatibilidad con los cargos directivos que especifican los Estatutos (Art. 26 Estatutos), ni los cargos directivos que no hayan participado como m\u00ednimo en la mitad de las sesiones de los \u00d3rganos de Gobierno al que pertenecen, celebradas mientras han ocupado el cargo. Adem\u00e1s, los candidatos deben haber aceptado expresamente el cumplimiento de los Estatutos, el Reglamento y el\u00a0<a href=\"https:\/\/www.foment.com\/es\/sobre-nosotros\/codigo-etico-buen-gobierno\/\">Codigo \u00c9tico y de Buen Gobierno<\/a>de Foment.<\/p>\n<p>En las veinticuatro horas siguientes a la proclamaci\u00f3n de las candidaturas, los electores o candidatos pueden recurrir las resoluciones de la mesa en un \u00fanico recurso de reposici\u00f3n ante la misma mesa, que deber\u00eda resolverse en las veinticuatro horas siguientes.<\/p>\n<p>En caso de que el n\u00famero de candidatos no supere el de cargos por elegir, la mesa proclama elegidos los candidatos presentados v\u00e1lidamente. En las siguientes veinticuatro horas los candidatos o la quinta parte al menos de los vocales de la Asamblea General pueden pedir, y la mesa debe aceptar, la anulaci\u00f3n de la proclamaci\u00f3n y el mantenimiento de la convocatoria de la reuni\u00f3n especial electoral de la Asamblea General. Si no hay ninguna solicitud la mesa desconvoca la elecci\u00f3n.<\/p>\n<p>&nbsp;<\/p>\n","protected":false},"excerpt":{"rendered":"<p>El presidente del Foment, Joaquim Gay de Montell\u00e0, propondr\u00e1 a la Junta Directiva, de acuerdo con el Comit\u00e9 Ejecutivo, la convocatoria de la Asamblea Electoral de la entidad para el pr\u00f3ximo 5 de noviembre de 2018. La Junta Directiva se reunir\u00e1 el pr\u00f3ximo lunes 1 de octubre y, si acepta la propuesta, podr\u00e1 convocar las elecciones de Foment con el m\u00ednimo de 30 d\u00edas que contemplan los Estatutos de la entidad y antes de que se celebren las elecciones de la CEOE, previstas para el 21 de noviembre. En las elecciones del Foment se eligen el Presidente y la Junta Directiva, en dos votaciones separadas. Joaquim Gay de Montell\u00e0 no optar\u00e1 a la reelecci\u00f3n, dado que los Estatutos de la entidad limitan los mandatos de una misma presidencia a dos consecutivos. Gay de Montell\u00e0 fue nombrado presidente de Foment del Treball el 14 de marzo de 2011, cuando la Junta Directiva lo vot\u00f3 por unanimidad para sustituir Juan Rosell. Volvi\u00f3 a ser elegido como Presidente de la entidad el 4 de diciembre de 2014, cuando fue la \u00fanica candidatura presentada. Gay de Montell\u00e0 ha defendido a lo largo de sus dos mandatos, reiteradamente, la necesidad de profundizar en los valores [&hellip;]<\/p>\n","protected":false},"author":24,"featured_media":54028,"comment_status":"closed","ping_status":"closed","sticky":false,"template":"","format":"standard","meta":{"_links_to":"","_links_to_target":""},"categories":[114,1150],"tags":[1133],"acf":[],"wps_subtitle":"El Comit\u00e9 Ejecutivo de la instituci\u00f3n, reunido hoy, ha apoyado la iniciativa","_links":{"self":[{"href":"https:\/\/www.foment.com\/es\/wp-json\/wp\/v2\/posts\/54021"}],"collection":[{"href":"https:\/\/www.foment.com\/es\/wp-json\/wp\/v2\/posts"}],"about":[{"href":"https:\/\/www.foment.com\/es\/wp-json\/wp\/v2\/types\/post"}],"author":[{"embeddable":true,"href":"https:\/\/www.foment.com\/es\/wp-json\/wp\/v2\/users\/24"}],"replies":[{"embeddable":true,"href":"https:\/\/www.foment.com\/es\/wp-json\/wp\/v2\/comments?post=54021"}],"version-history":[{"count":0,"href":"https:\/\/www.foment.com\/es\/wp-json\/wp\/v2\/posts\/54021\/revisions"}],"wp:featuredmedia":[{"embeddable":true,"href":"https:\/\/www.foment.com\/es\/wp-json\/wp\/v2\/media\/54028"}],"wp:attachment":[{"href":"https:\/\/www.foment.com\/es\/wp-json\/wp\/v2\/media?parent=54021"}],"wp:term":[{"taxonomy":"category","embeddable":true,"href":"https:\/\/www.foment.com\/es\/wp-json\/wp\/v2\/categories?post=54021"},{"taxonomy":"post_tag","embeddable":true,"href":"https:\/\/www.foment.com\/es\/wp-json\/wp\/v2\/tags?post=54021"}],"curies":[{"name":"wp","href":"https:\/\/api.w.org\/{rel}","templated":true}]}}