{"id":54140,"date":"2018-09-19T13:19:27","date_gmt":"2018-09-19T11:19:27","guid":{"rendered":"http:\/\/www.foment.com\/leconomia-catalana-modera-el-creixement-del-pib-en-un-context-de-caiguda-del-consum-privat\/"},"modified":"2018-09-19T14:11:29","modified_gmt":"2018-09-19T12:11:29","slug":"la-economia-catalana-modera-el-crecimiento-del-pib-en-un-contexto-de-caida-del-consumo-privado","status":"publish","type":"post","link":"https:\/\/www.foment.com\/es\/la-economia-catalana-modera-el-crecimiento-del-pib-en-un-contexto-de-caida-del-consumo-privado\/","title":{"rendered":"La econom\u00eda catalana modera el crecimiento del PIB en un contexto de ca\u00edda del consumo privado"},"content":{"rendered":"<section class=\"wpb-content-wrapper\"><p>[vc_row][vc_column width=\u00bb1\/1&#8243;][vc_column_text]<\/p>\n<ul>\n<li>La segunda mitad del 2018 viene pautada por un contexto internacional de mayor incertidumbre, con una ligera moderaci\u00f3n de la econom\u00eda europea en la primera parte del a\u00f1o.<\/li>\n<li>Los precios ya aparecen en Espa\u00f1a con valores por encima del 2%, con diferencial positivo con Europa: hay que evitar, no obstante, medidas de pol\u00edtica fiscal que puedan elevar la inflaci\u00f3n. En este sentido, las diversas propuestas de subidas de impuestos son inoportunas.<\/li>\n<li>El Informe de Coyuntura del Foment para el tercer trimestre pone el foco sobre el estado del sistema de pensiones: se necesitan reformas para garantizar el sistema p\u00fablico de pensiones, siempre desde el mayor consenso pol\u00edtico y con perspectiva a largo plazo<\/li>\n<\/ul>\n<p>[\/vc_column_text][\/vc_column][\/vc_row][vc_row][vc_column width=\u00bb1\/1&#8243;]<div class=\"spacer\" style=\"height: 40px;\"><\/div>[\/vc_column][\/vc_row][vc_row][vc_column width=\u00bb1\/4&#8243;][\/vc_column][vc_column width=\u00bb1\/4&#8243;]<a href=\"http:\/\/www.foment.com\/wp-content\/uploads\/2018\/09\/Presentaci\u00f3n-IC092018.pdf\" target=\"_blank\" class=\"button color-3 medium \" style=\"border-radius: 2px;\">Presentaci\u00f3n del Informe<\/a>[\/vc_column][vc_column width=\u00bb1\/4&#8243;]<a href=\"http:\/\/www.foment.com\/wp-content\/uploads\/2018\/09\/Informe-coyuntura-Septiembre-2018-castellano.pdf\" target=\"_blank\" class=\"button color-3 small \" style=\"border-radius: 2px;\">Informe de Coyuntura completo<\/a>[\/vc_column][vc_column width=\u00bb1\/4&#8243;][\/vc_column][\/vc_row][vc_row][vc_column width=\u00bb1\/1&#8243;]<div class=\"spacer\" style=\"height: 40px;\"><\/div>[\/vc_column][\/vc_row][vc_row][vc_column width=\u00bb1\/1&#8243;][vc_column_text]La econom\u00eda catalana, al igual que el global de la espa\u00f1ola, ha registrado durante el \u00faltimo trimestre una cierta moderaci\u00f3n del crecimiento del PIB. Aunque a\u00fan se mantiene por encima de los guarismos del resto de econom\u00edas europeas. Destaca, eso s\u00ed, el menor impulso del consumo privado en oposici\u00f3n a la inversi\u00f3n, y la contribuci\u00f3n negativa del sector exterior al crecimiento de la econom\u00eda. En este sentido, la evoluci\u00f3n de los indicadores m\u00e1s recientes es mixta, con una p\u00e9rdida de impulso en la afiliaci\u00f3n, las ventas de los comercios, la confianza del consumidor, la producci\u00f3n industrial, las exportaciones o la llegada de turistas internacionales. Estas son las principales conclusiones que muestra el \u00faltimo <a href=\"http:\/\/www.foment.com\/wp-content\/uploads\/2018\/09\/Informe-coyuntura-Septiembre-2018-castellano.pdf\" target=\"_blank\" rel=\"noopener\"><strong>Informe de Coyuntura del Foment<\/strong><\/a>, que han presentado el presidente de la Comisi\u00f3n de Econom\u00eda y Fiscalidad de la patronal catalana, <strong>Valent\u00ed Pich<\/strong>, y el director de Econom\u00eda y Estudios del Foment, <strong>Salvador Guillermo<\/strong>.<\/p>\n<p>&nbsp;<\/p>\n<p><a href=\"http:\/\/www.foment.com\/wp-content\/uploads\/2018\/09\/pib-catalunya.jpg\"><img loading=\"lazy\" class=\"aligncenter wp-image-54126 size-full\" src=\"http:\/\/www.foment.com\/wp-content\/uploads\/2018\/09\/pib-catalunya.jpg\" alt=\"\" width=\"627\" height=\"386\" srcset=\"https:\/\/www.foment.com\/wp-content\/uploads\/2018\/09\/pib-catalunya.jpg 627w, https:\/\/www.foment.com\/wp-content\/uploads\/2018\/09\/pib-catalunya-300x185.jpg 300w\" sizes=\"(max-width: 627px) 100vw, 627px\" \/><\/a><\/p>\n<p>Esta moderaci\u00f3n en el crecimiento del PIB de la econom\u00eda catalana se presenta en un contexto en el que la segunda mitad del 2018 ha venido pautada por un escenario internacional de mayor incertidumbre, con una ligera moderaci\u00f3n de la econom\u00eda europea en la primera parte de la a\u00f1o. El escenario comercial mundial y los mercados financieros internacionales, muy determinados por la pol\u00edtica de EEUU (comercial, monetaria, fiscal), sigue siendo fuente de grandes incertidumbres, con importantes repercusiones en las econom\u00edas emergentes, y con m\u00e1s o menos inmediato, en funci\u00f3n de sus respectivos desequilibrios macroecon\u00f3micos.<\/p>\n<p><a href=\"http:\/\/www.foment.com\/wp-content\/uploads\/2018\/09\/pib-mona.jpg\"><img loading=\"lazy\" class=\"aligncenter wp-image-54129 size-full\" src=\"http:\/\/www.foment.com\/wp-content\/uploads\/2018\/09\/pib-mona.jpg\" alt=\"\" width=\"468\" height=\"289\" srcset=\"https:\/\/www.foment.com\/wp-content\/uploads\/2018\/09\/pib-mona.jpg 468w, https:\/\/www.foment.com\/wp-content\/uploads\/2018\/09\/pib-mona-300x185.jpg 300w\" sizes=\"(max-width: 468px) 100vw, 468px\" \/><\/a><\/p>\n<h4>Ca\u00edda del consumo privado<\/h4>\n<p>Entre los par\u00e1metros analizados sobre la econom\u00eda de Catalu\u00f1a y Espa\u00f1a de los \u00faltimos meses, destaca la ca\u00edda acentuada del consumo en el segundo trimestre, de seis decenas en Espa\u00f1a y de ocho decenas en Catalu\u00f1a, en un contexto en el que la tasa de ahorro familiar ya se encuentra en m\u00ednimos hist\u00f3ricos.<\/p>\n<p><a href=\"http:\/\/www.foment.com\/wp-content\/uploads\/2018\/09\/evolucio-estalvi.jpg\"><img loading=\"lazy\" class=\"aligncenter wp-image-54120 size-full\" src=\"http:\/\/www.foment.com\/wp-content\/uploads\/2018\/09\/evolucio-estalvi.jpg\" alt=\"\" width=\"452\" height=\"283\" srcset=\"https:\/\/www.foment.com\/wp-content\/uploads\/2018\/09\/evolucio-estalvi.jpg 452w, https:\/\/www.foment.com\/wp-content\/uploads\/2018\/09\/evolucio-estalvi-300x188.jpg 300w\" sizes=\"(max-width: 452px) 100vw, 452px\" \/><\/a><\/p>\n<p>Adicionalmente, hay un efecto riqueza negativo, especialmente por la evoluci\u00f3n de las cotizaciones burs\u00e1tiles, que frenaran el consumo, y donde su evoluci\u00f3n viene m\u00e1s explicada por la creaci\u00f3n de empleo que se est\u00e1 suavizando, que no por los incrementos salariales, que muestran un menor grado de correlaci\u00f3n con el consumo. En este contexto de ralentizaci\u00f3n en el ciclo econ\u00f3mico, debe priorizarse la generaci\u00f3n de empleo, especialmente hacia las personas que se encuentran en situaci\u00f3n de desempleo de larga duraci\u00f3n.<\/p>\n<p>&nbsp;<\/p>\n<h4>Crecimiento de precios por encima del 2%, lo que desaconseja aumento de impuestos<\/h4>\n<p>Los precios ya aparecen en Espa\u00f1a con valores por encima del 2%, con diferencial positivo con Europa; aunque obedece a factores err\u00e1ticos, como la energ\u00eda y los productos alimenticios no elaborados. La inflaci\u00f3n subyacente es del 0,8%. En este sentido deben evitarse medidas de pol\u00edtica fiscal que incidan con la elevaci\u00f3n de precios en un contexto de inflaci\u00f3n m\u00e1s elevada, debido a factores coyunturales, que puedan inducir a efectos de segunda ronda o vuelta. La prudencia, ante esta situaci\u00f3n debe ser m\u00e1xima, para evitar expectativas de precios m\u00e1s elevadas.<\/p>\n<p>En este entorno de mayores incertidumbres y con un consenso en cuanto a un crecimiento del PIB m\u00e1s moderado en Espa\u00f1a, hay que recordar la importancia de mantener el compromiso con la senda de estabilidad de las cuentas p\u00fablicas, sin olvidar la implementaci\u00f3n de reformas estructurales, como la del sistema de pensiones.<\/p>\n<p>En este sentido, las diversas propuestas anunciadas sobre la elevaci\u00f3n de impuestos no se consideran oportunas, pues la recaudaci\u00f3n del 2017 y la que llevamos hasta julio muestra valores destacados, que ante un contexto de desaceleraci\u00f3n y de inflaci\u00f3n por encima de la objetivo, no deba adoptarse medidas discrecionales en estos \u00e1mbitos fiscales, debiendo contener el d\u00e9ficit p\u00fablico mediante una gesti\u00f3n m\u00e1s eficaz del gasto, ya que los ingresos muestran crecimientos destacados. No resulta justificado que siempre, en bonanza o en crisis, sea el mejor momento para subir impuestos.<\/p>\n<p>&nbsp;<\/p>\n<h4>Reforma estructural del sistema p\u00fablico de pensiones<\/h4>\n<p><a href=\"http:\/\/www.foment.com\/wp-content\/uploads\/2018\/09\/cobertura-pensions.jpg\"><img loading=\"lazy\" class=\"size-medium wp-image-54114 alignleft\" src=\"http:\/\/www.foment.com\/wp-content\/uploads\/2018\/09\/cobertura-pensions-300x184.jpg\" alt=\"\" width=\"300\" height=\"184\" srcset=\"https:\/\/www.foment.com\/wp-content\/uploads\/2018\/09\/cobertura-pensions-300x184.jpg 300w, https:\/\/www.foment.com\/wp-content\/uploads\/2018\/09\/cobertura-pensions.jpg 425w\" sizes=\"(max-width: 300px) 100vw, 300px\" \/><\/a>La Comisi\u00f3n Europea propone que, para asegurar un sistema de pensiones adecuado, se promueva, entre otras cuestiones, una mayor duraci\u00f3n de la vida laboral en l\u00ednea con la mayor esperanza de vida, mediante medidas como: la formaci\u00f3n a lo largo de la vida laboral; la promoci\u00f3n de ambientes de trabajo seguros y saludables; el ajuste de las edades de pensi\u00f3n; la compensaci\u00f3n a la jubilaci\u00f3n m\u00e1s tard\u00eda; la promoci\u00f3n de sistemas de trabajo flexibles (combinar jubilaci\u00f3n con trabajo), la promoci\u00f3n de la conciliaci\u00f3n laboral con la vida personal y una mayor equidad en la distribuci\u00f3n del cuidado de otras personas y la consideraci\u00f3n de este tiempo en los esquemas de pensi\u00f3n , as\u00ed como la promoci\u00f3n de sistemas de pensi\u00f3n complementarios.<\/p>\n<p>El <strong>sistema p\u00fablico de pensiones espa\u00f1ol<\/strong> tiene dos cuerpos diferentes, la <strong>Seguridad Social<\/strong> (93% del total de pasivos), que se rige por un sistema de reparto financiado por trabajadores y empleadores, en el que las cotizaciones de las personas en activo se destinan a financiar las pensiones existentes en ese momento, y las <strong>Clases Pasivas<\/strong> (7% del total de pasivos) cuyos fondos provienen del presupuesto del Estado en afectar empleados p\u00fablicos, dado que este sistema est\u00e1 abocado a extinguirse (ya que no hay nuevos ingresos desde el 1 de enero de 2011 derivado del RDL13 \/ 2010).<\/p>\n<p><a href=\"http:\/\/www.foment.com\/wp-content\/uploads\/2018\/09\/fons-reserva-SS.jpg\"><img loading=\"lazy\" class=\"size-medium wp-image-54123 alignleft\" src=\"http:\/\/www.foment.com\/wp-content\/uploads\/2018\/09\/fons-reserva-SS-300x183.jpg\" alt=\"\" width=\"300\" height=\"183\" srcset=\"https:\/\/www.foment.com\/wp-content\/uploads\/2018\/09\/fons-reserva-SS-300x183.jpg 300w, https:\/\/www.foment.com\/wp-content\/uploads\/2018\/09\/fons-reserva-SS.jpg 443w\" sizes=\"(max-width: 300px) 100vw, 300px\" \/><\/a>En el caso de Espa\u00f1a, el sistema de pensiones ha jugado un papel muy importante en la pol\u00edtica de cohesi\u00f3n social y en el mantenimiento de la calidad de vida de las personas de mayor edad. <strong>Cabe destacar que la tasa de reemplazo porcentaje de ingresos en la jubilaci\u00f3n respecto a los ingresos previsde las pensiones espa\u00f1olas es de las m\u00e1s elevadas. As\u00ed, los pensionistas cobran un 82% de sus ingresos previos mientras que, por ejemplo, este porcentaje para la media de los pa\u00edses de la OCDE se encuentra en el 41%<\/strong>, por lo que los fondos de pensiones tengan un car\u00e1cter complementario.<\/p>\n<p>En Espa\u00f1a, es necesario abordar, con medidas eficientes, el problema de la sostenibilidad del sistema de pensiones p\u00fablico de reparto, con el fin de mantener el Estado del bienestar. Entre las opciones para la reforma del sistema de pensiones, cabe mencionar, la implementaci\u00f3n de un sistema mixto de capitalizaci\u00f3n y reparto, es decir, que permita complementar el actual sistema de reparto intergeneracional con uno de capitalizaci\u00f3n, as\u00ed como la ajuste autom\u00e1tico del sistema para preservar su sostenibilidad a largo plazo.<\/p>\n<p><a href=\"http:\/\/www.foment.com\/wp-content\/uploads\/2018\/09\/projeccio-despesa-envelliment.jpg\"><img loading=\"lazy\" class=\"aligncenter wp-image-54111 size-full\" src=\"http:\/\/www.foment.com\/wp-content\/uploads\/2018\/09\/projeccio-despesa-envelliment.jpg\" alt=\"\" width=\"577\" height=\"280\" srcset=\"https:\/\/www.foment.com\/wp-content\/uploads\/2018\/09\/projeccio-despesa-envelliment.jpg 577w, https:\/\/www.foment.com\/wp-content\/uploads\/2018\/09\/projeccio-despesa-envelliment-300x146.jpg 300w\" sizes=\"(max-width: 577px) 100vw, 577px\" \/><\/a><\/p>\n<p>La adopci\u00f3n de medidas que impliquen cambios discrecionales de una cierta dimensi\u00f3n, por el bien del sistema, deber\u00e1n adoptarse con mayor\u00edas ampliadas. Las pensiones constituyen un eje b\u00e1sico del Estado de Bienestar, conjuntamente con la Educaci\u00f3n y la Salud, y diez preservarse en un contexto de una econom\u00eda social de mercado, dentro de un equilibrio de beneficios y cargas entre generaciones, y en los que ha de resultar m\u00e1s insensible a los per\u00edodos electorales, con una perspectiva de largo plazo, de cambio, s\u00ed, pero con apoyo de mayor\u00eda parlamentaria reforzada, y donde la transparencia de las medidas debe dar opciones para actuar a los agentes econ\u00f3micos.<\/p>\n<p><a href=\"http:\/\/www.foment.com\/wp-content\/uploads\/2018\/09\/despesa-pensions.jpg\"><img loading=\"lazy\" class=\"aligncenter wp-image-54117 size-full\" src=\"http:\/\/www.foment.com\/wp-content\/uploads\/2018\/09\/despesa-pensions.jpg\" alt=\"\" width=\"437\" height=\"543\" srcset=\"https:\/\/www.foment.com\/wp-content\/uploads\/2018\/09\/despesa-pensions.jpg 437w, https:\/\/www.foment.com\/wp-content\/uploads\/2018\/09\/despesa-pensions-241x300.jpg 241w\" sizes=\"(max-width: 437px) 100vw, 437px\" \/><\/a>[\/vc_column_text][\/vc_column][\/vc_row]<\/p>\n<\/section>","protected":false},"excerpt":{"rendered":"<p>[vc_row][vc_column width=\u00bb1\/1&#8243;][vc_column_text] La segunda mitad del 2018 viene pautada por un contexto internacional de mayor incertidumbre, con una ligera moderaci\u00f3n de la econom\u00eda europea en la primera parte del a\u00f1o. Los precios ya aparecen en Espa\u00f1a con valores por encima del 2%, con diferencial positivo con Europa: hay que evitar, no obstante, medidas de pol\u00edtica fiscal que puedan elevar la inflaci\u00f3n. En este sentido, las diversas propuestas de subidas de impuestos son inoportunas. El Informe de Coyuntura del Foment para el tercer trimestre pone el foco sobre el estado del sistema de pensiones: se necesitan reformas para garantizar el sistema p\u00fablico de pensiones, siempre desde el mayor consenso pol\u00edtico y con perspectiva a largo plazo [\/vc_column_text][\/vc_column][\/vc_row][vc_row][vc_column width=\u00bb1\/1&#8243;][\/vc_column][\/vc_row][vc_row][vc_column width=\u00bb1\/4&#8243;][\/vc_column][vc_column width=\u00bb1\/4&#8243;][\/vc_column][vc_column width=\u00bb1\/4&#8243;][\/vc_column][vc_column width=\u00bb1\/4&#8243;][\/vc_column][\/vc_row][vc_row][vc_column width=\u00bb1\/1&#8243;][\/vc_column][\/vc_row][vc_row][vc_column width=\u00bb1\/1&#8243;][vc_column_text]La econom\u00eda catalana, al igual que el global de la espa\u00f1ola, ha registrado durante el \u00faltimo trimestre una cierta moderaci\u00f3n del crecimiento del PIB. Aunque a\u00fan se mantiene por encima de los guarismos del resto de econom\u00edas europeas. Destaca, eso s\u00ed, el menor impulso del consumo privado en oposici\u00f3n a la inversi\u00f3n, y la contribuci\u00f3n negativa del sector exterior al crecimiento de la econom\u00eda. En este sentido, la evoluci\u00f3n de los indicadores m\u00e1s recientes es mixta, con una [&hellip;]<\/p>\n","protected":false},"author":24,"featured_media":54138,"comment_status":"closed","ping_status":"closed","sticky":false,"template":"","format":"standard","meta":{"_links_to":"","_links_to_target":""},"categories":[114,69],"tags":[258],"acf":[],"wps_subtitle":"Destaca la acentuada ca\u00edda del consumo en el segundo trimestre, de seis d\u00e9cimas en Espa\u00f1a y de ocho d\u00e9cimas en Catalu\u00f1a, en un contexto en el que la tasa de ahorro familiar ya se encuentra en m\u00ednimos hist\u00f3ricos","_links":{"self":[{"href":"https:\/\/www.foment.com\/es\/wp-json\/wp\/v2\/posts\/54140"}],"collection":[{"href":"https:\/\/www.foment.com\/es\/wp-json\/wp\/v2\/posts"}],"about":[{"href":"https:\/\/www.foment.com\/es\/wp-json\/wp\/v2\/types\/post"}],"author":[{"embeddable":true,"href":"https:\/\/www.foment.com\/es\/wp-json\/wp\/v2\/users\/24"}],"replies":[{"embeddable":true,"href":"https:\/\/www.foment.com\/es\/wp-json\/wp\/v2\/comments?post=54140"}],"version-history":[{"count":0,"href":"https:\/\/www.foment.com\/es\/wp-json\/wp\/v2\/posts\/54140\/revisions"}],"wp:featuredmedia":[{"embeddable":true,"href":"https:\/\/www.foment.com\/es\/wp-json\/wp\/v2\/media\/54138"}],"wp:attachment":[{"href":"https:\/\/www.foment.com\/es\/wp-json\/wp\/v2\/media?parent=54140"}],"wp:term":[{"taxonomy":"category","embeddable":true,"href":"https:\/\/www.foment.com\/es\/wp-json\/wp\/v2\/categories?post=54140"},{"taxonomy":"post_tag","embeddable":true,"href":"https:\/\/www.foment.com\/es\/wp-json\/wp\/v2\/tags?post=54140"}],"curies":[{"name":"wp","href":"https:\/\/api.w.org\/{rel}","templated":true}]}}