{"id":55594,"date":"2018-10-19T12:50:56","date_gmt":"2018-10-19T10:50:56","guid":{"rendered":"http:\/\/www.foment.com\/josep-sanchez-llibre-presenta-la-seva-candidatura-a-la-presidencia-del-foment-del-treball\/"},"modified":"2018-10-23T15:13:00","modified_gmt":"2018-10-23T13:13:00","slug":"josep-sanchez-llibre-presenta-su-candidatura-a-la-presidencia-del-foment-del-treball","status":"publish","type":"post","link":"https:\/\/www.foment.com\/es\/josep-sanchez-llibre-presenta-su-candidatura-a-la-presidencia-del-foment-del-treball\/","title":{"rendered":"Josep S\u00e1nchez Llibre presenta su candidatura a la Presidencia del Foment del Treball"},"content":{"rendered":"<p>Josep S\u00e1nchez Llibre ha presentado este viernes 19 de octubre por la ma\u00f1ana los avales que formalizan su candidatura a la Presidencia del Foment del Treball. S\u00e1nchez Llibre, acompa\u00f1ado por unas cuarentena personas que han trabajado con \u00e9l para presentar la candidatura, ha entregado al Secretario General del Foment, Joan Pujol, la documentaci\u00f3n pertinente con todos los apoyos que S\u00e1nchez Llibre ha recogido entre los miembros de la Asamblea General de la entidad. El Plan Electoral aprobado por la Junta directiva para estas elecciones determina que la fecha l\u00edmite para presentar candidaturas a la Presidencia del Foment y las Vocal\u00edas de la Junta Directiva es el 29 de octubre de 2018.<\/p>\n<div id=\"attachment_55590\" style=\"width: 810px\" class=\"wp-caption aligncenter\"><a href=\"http:\/\/www.foment.com\/wp-content\/uploads\/2018\/10\/josep-sanchez-llibre-equip-de-candidatura.jpg\"><img aria-describedby=\"caption-attachment-55590\" loading=\"lazy\" class=\"wp-image-55590\" src=\"http:\/\/www.foment.com\/wp-content\/uploads\/2018\/10\/josep-sanchez-llibre-equip-de-candidatura.jpg\" alt=\"\" width=\"800\" height=\"558\" \/><\/a><p id=\"caption-attachment-55590\" class=\"wp-caption-text\">Josep S\u00e1nchez Llibre ha estado acompa\u00f1ado acompa\u00f1ado por unas cuarentena personas que han trabajado con \u00e9l en la candidatura<\/p><\/div>\n<p>La Junta Directiva del Foment, reunida el 1 de octubre en sesi\u00f3n ordinaria, convoc\u00f3 la reuni\u00f3n de la Asamblea Electoral para la elecci\u00f3n de Presidente y Junta Directiva para el pr\u00f3ximo 5 de noviembre de 2018. Seg\u00fan lo establecido en el\u00a0<a href=\"https:\/\/www.foment.com\/es\/sobre-nosotros\/estatutos\/\" target=\"_blank\" rel=\"noopener\">R\u00e9gimen Electoral de los Estatutos<\/a>\u00a0de Foment, la Junta Directiva nombr\u00f3 la Mesa Electoral y aprob\u00f3 el Plan Electoral de esta nueva convocatoria. En la contienda electoral del Foment, se escoge al Presidente y a la Junta Directiva, en dos votaciones separadas.<\/p>\n<p>e puede consultar todo el plan electoral y la actualidad de estas elecciones 2018 en el espacio web\u00a0<a href=\"https:\/\/www.foment.com\/es\/elecciones-2018\/\" target=\"_blank\" rel=\"noopener\">Elecciones 2018<\/a>\u00a0(<a href=\"https:\/\/www.foment.com\/es\/elecciones-2018\/\" target=\"_blank\" rel=\"noopener\">https:\/\/www.foment.com\/es\/elecciones-2018\/<\/a>).<\/p>\n","protected":false},"excerpt":{"rendered":"<p>Josep S\u00e1nchez Llibre ha presentado este viernes 19 de octubre por la ma\u00f1ana los avales que formalizan su candidatura a la Presidencia del Foment del Treball. S\u00e1nchez Llibre, acompa\u00f1ado por unas cuarentena personas que han trabajado con \u00e9l para presentar la candidatura, ha entregado al Secretario General del Foment, Joan Pujol, la documentaci\u00f3n pertinente con todos los apoyos que S\u00e1nchez Llibre ha recogido entre los miembros de la Asamblea General de la entidad. El Plan Electoral aprobado por la Junta directiva para estas elecciones determina que la fecha l\u00edmite para presentar candidaturas a la Presidencia del Foment y las Vocal\u00edas de la Junta Directiva es el 29 de octubre de 2018. La Junta Directiva del Foment, reunida el 1 de octubre en sesi\u00f3n ordinaria, convoc\u00f3 la reuni\u00f3n de la Asamblea Electoral para la elecci\u00f3n de Presidente y Junta Directiva para el pr\u00f3ximo 5 de noviembre de 2018. Seg\u00fan lo establecido en el\u00a0R\u00e9gimen Electoral de los Estatutos\u00a0de Foment, la Junta Directiva nombr\u00f3 la Mesa Electoral y aprob\u00f3 el Plan Electoral de esta nueva convocatoria. En la contienda electoral del Foment, se escoge al Presidente y a la Junta Directiva, en dos votaciones separadas. e puede consultar todo el plan electoral y [&hellip;]<\/p>\n","protected":false},"author":24,"featured_media":55588,"comment_status":"closed","ping_status":"closed","sticky":false,"template":"","format":"standard","meta":{"_links_to":"","_links_to_target":""},"categories":[114,1150,68],"tags":[1133],"acf":[],"wps_subtitle":"Acompa\u00f1ado por unos cuarenta miembros de su equipo de campa\u00f1a ha entregado al Secretario General de la entidad, Joan Pujol, los avales que formalizan la candidatura","_links":{"self":[{"href":"https:\/\/www.foment.com\/es\/wp-json\/wp\/v2\/posts\/55594"}],"collection":[{"href":"https:\/\/www.foment.com\/es\/wp-json\/wp\/v2\/posts"}],"about":[{"href":"https:\/\/www.foment.com\/es\/wp-json\/wp\/v2\/types\/post"}],"author":[{"embeddable":true,"href":"https:\/\/www.foment.com\/es\/wp-json\/wp\/v2\/users\/24"}],"replies":[{"embeddable":true,"href":"https:\/\/www.foment.com\/es\/wp-json\/wp\/v2\/comments?post=55594"}],"version-history":[{"count":0,"href":"https:\/\/www.foment.com\/es\/wp-json\/wp\/v2\/posts\/55594\/revisions"}],"wp:featuredmedia":[{"embeddable":true,"href":"https:\/\/www.foment.com\/es\/wp-json\/wp\/v2\/media\/55588"}],"wp:attachment":[{"href":"https:\/\/www.foment.com\/es\/wp-json\/wp\/v2\/media?parent=55594"}],"wp:term":[{"taxonomy":"category","embeddable":true,"href":"https:\/\/www.foment.com\/es\/wp-json\/wp\/v2\/categories?post=55594"},{"taxonomy":"post_tag","embeddable":true,"href":"https:\/\/www.foment.com\/es\/wp-json\/wp\/v2\/tags?post=55594"}],"curies":[{"name":"wp","href":"https:\/\/api.w.org\/{rel}","templated":true}]}}