{"id":55857,"date":"2018-10-25T15:04:29","date_gmt":"2018-10-25T13:04:29","guid":{"rendered":"https:\/\/www.foment.com\/foment-advierte-del-perjuicio-que-supondria-para-el-empleo-la-adopcion-de-las-medidas-propuestas-por-el-gobierno-para-contrareformar-algunos-de-los-mecanismos-flexibilizadores-introducidos-por-la-ulti\/"},"modified":"2018-10-25T15:16:08","modified_gmt":"2018-10-25T13:16:08","slug":"foment-advierte-del-perjuicio-que-supondria-para-el-empleo-la-adopcion-de-las-medidas-propuestas-por-el-gobierno-para-contrareformar-algunos-de-los-mecanismos-flexibilizadores-introducidos-por-la-ulti","status":"publish","type":"post","link":"https:\/\/www.foment.com\/es\/foment-advierte-del-perjuicio-que-supondria-para-el-empleo-la-adopcion-de-las-medidas-propuestas-por-el-gobierno-para-contrareformar-algunos-de-los-mecanismos-flexibilizadores-introducidos-por-la-ulti\/","title":{"rendered":"Foment advierte del perjuicio que supondr\u00eda para el empleo la adopci\u00f3n de las medidas propuestas por el Gobierno para contrareformar algunos de los mecanismos flexibilizadores introducidos por la \u00faltima Reforma Laboral"},"content":{"rendered":"<p>Foment del Treball valora positivamente los datos de la Encuesta de la Poblaci\u00f3n Activa (EPA) correspondientes al tercer trimestre de 2018. Sin embargo, teniendo en consideraci\u00f3n la previsi\u00f3n de ralentizaci\u00f3n del crecimiento del empleo ha de advertirse del perjuicio que supondr\u00eda para la contrataci\u00f3n la adopci\u00f3n de las medidas propuestas por el Gobierno para contrareformar algunos de los mecanismos flexibilizadores introducidos por la \u00faltima Reforma Laboral.<\/p>\n<p style=\"text-align: center;\"><a href=\"https:\/\/www.foment.com\/wp-content\/uploads\/2018\/10\/EPA_3\u00ba-TRIM-2018.pdf\" target=\"_blank\" rel=\"noopener\"><strong>V<\/strong><strong>er Nota de An\u00e1lisis Completa<\/strong><\/a><\/p>\n<p>En Catalu\u00f1a, el n\u00famero de parados seg\u00fan la EPA del 3\u00ba trimestre de 2018, se sit\u00faa la tasa de paro en un 10,63% (0,76 puntos menos que en el trimestre anterior, que fue del 11,39%),\u00a0 situando el n\u00famero total de parados en 403.700 personas.<\/p>\n<p>Catalu\u00f1a incrementa el n\u00famero de ocupados en 33.500 personas, respecto el trimestre anterior, siendo la segunda Comunidad, despu\u00e9s de las Islas Baleares, donde m\u00e1s se incrementa el empleo. Interanualmente, Catalu\u00f1a es la segunda Comunidad Aut\u00f3noma, despu\u00e9s de Andaluc\u00eda, donde m\u00e1s ha aumentado la ocupaci\u00f3n (77.300 ocupados m\u00e1s). En relaci\u00f3n al n\u00famero de parados, este trimestre Catalu\u00f1a encabeza la lista de Comunidades Aut\u00f3nomas donde m\u00e1s se ha reducido el n\u00famero de parados (28.300 parados menos), y la segunda, despu\u00e9s de Andaluc\u00eda, donde m\u00e1s se reduce el n\u00famero de parados a nivel interanual (-72.000 personas).<\/p>\n<p>En Catalu\u00f1a, los datos expuestos por la Encuesta de Poblaci\u00f3n Activa, suponen un descenso del n\u00famero de parados en 28.300 personas respecto del trimestre anterior (un -6,55%), y en relaci\u00f3n con el mismo trimestre del a\u00f1o 2017, ha habido un descenso en -72.000 parados (-15,13% de variaci\u00f3n interanual). \u00a0El n\u00famero de ocupados en Catalu\u00f1a se incrementa en 33.500 personas (1%) respecto al trimestre anterior y aumenta en 77.300 ocupados respecto al a\u00f1o anterior (2,33%).<\/p>\n<p>La poblaci\u00f3n activa en Catalu\u00f1a aumenta en 5.200 personas (0,14%) en relaci\u00f3n al trimestre anterior, situ\u00e1ndose en 3.797.600, y en relaci\u00f3n al mismo trimestre del a\u00f1o anterior, la poblaci\u00f3n activa ha aumentado en 5.300 personas (0,14%).<\/p>\n","protected":false},"excerpt":{"rendered":"<p>Foment del Treball valora positivamente los datos de la Encuesta de la Poblaci\u00f3n Activa (EPA) correspondientes al tercer trimestre de 2018. Sin embargo, teniendo en consideraci\u00f3n la previsi\u00f3n de ralentizaci\u00f3n del crecimiento del empleo ha de advertirse del perjuicio que supondr\u00eda para la contrataci\u00f3n la adopci\u00f3n de las medidas propuestas por el Gobierno para contrareformar algunos de los mecanismos flexibilizadores introducidos por la \u00faltima Reforma Laboral. Ver Nota de An\u00e1lisis Completa En Catalu\u00f1a, el n\u00famero de parados seg\u00fan la EPA del 3\u00ba trimestre de 2018, se sit\u00faa la tasa de paro en un 10,63% (0,76 puntos menos que en el trimestre anterior, que fue del 11,39%),\u00a0 situando el n\u00famero total de parados en 403.700 personas. Catalu\u00f1a incrementa el n\u00famero de ocupados en 33.500 personas, respecto el trimestre anterior, siendo la segunda Comunidad, despu\u00e9s de las Islas Baleares, donde m\u00e1s se incrementa el empleo. Interanualmente, Catalu\u00f1a es la segunda Comunidad Aut\u00f3noma, despu\u00e9s de Andaluc\u00eda, donde m\u00e1s ha aumentado la ocupaci\u00f3n (77.300 ocupados m\u00e1s). En relaci\u00f3n al n\u00famero de parados, este trimestre Catalu\u00f1a encabeza la lista de Comunidades Aut\u00f3nomas donde m\u00e1s se ha reducido el n\u00famero de parados (28.300 parados menos), y la segunda, despu\u00e9s de Andaluc\u00eda, donde m\u00e1s se reduce el [&hellip;]<\/p>\n","protected":false},"author":24,"featured_media":55855,"comment_status":"closed","ping_status":"closed","sticky":false,"template":"","format":"standard","meta":{"_links_to":"","_links_to_target":""},"categories":[73],"tags":[303,228],"acf":[],"wps_subtitle":"","_links":{"self":[{"href":"https:\/\/www.foment.com\/es\/wp-json\/wp\/v2\/posts\/55857"}],"collection":[{"href":"https:\/\/www.foment.com\/es\/wp-json\/wp\/v2\/posts"}],"about":[{"href":"https:\/\/www.foment.com\/es\/wp-json\/wp\/v2\/types\/post"}],"author":[{"embeddable":true,"href":"https:\/\/www.foment.com\/es\/wp-json\/wp\/v2\/users\/24"}],"replies":[{"embeddable":true,"href":"https:\/\/www.foment.com\/es\/wp-json\/wp\/v2\/comments?post=55857"}],"version-history":[{"count":0,"href":"https:\/\/www.foment.com\/es\/wp-json\/wp\/v2\/posts\/55857\/revisions"}],"wp:featuredmedia":[{"embeddable":true,"href":"https:\/\/www.foment.com\/es\/wp-json\/wp\/v2\/media\/55855"}],"wp:attachment":[{"href":"https:\/\/www.foment.com\/es\/wp-json\/wp\/v2\/media?parent=55857"}],"wp:term":[{"taxonomy":"category","embeddable":true,"href":"https:\/\/www.foment.com\/es\/wp-json\/wp\/v2\/categories?post=55857"},{"taxonomy":"post_tag","embeddable":true,"href":"https:\/\/www.foment.com\/es\/wp-json\/wp\/v2\/tags?post=55857"}],"curies":[{"name":"wp","href":"https:\/\/api.w.org\/{rel}","templated":true}]}}