{"id":57252,"date":"2018-11-22T13:13:46","date_gmt":"2018-11-22T12:13:46","guid":{"rendered":"https:\/\/www.foment.com\/foment-premia-cinc-exemples-exit-implementacio-efectiva-prevencio-de-riscos-laborals\/"},"modified":"2018-11-27T15:21:26","modified_gmt":"2018-11-27T14:21:26","slug":"foment-premia-cinco-ejemplos-exito-implementacion-efectiva-prevencion-de-riesgos-laborales","status":"publish","type":"post","link":"https:\/\/www.foment.com\/es\/foment-premia-cinco-ejemplos-exito-implementacion-efectiva-prevencion-de-riesgos-laborales\/","title":{"rendered":"Foment premia cinco ejemplos de \u00e9xito en la implementaci\u00f3n efectiva de la prevenci\u00f3n de riesgos laborales"},"content":{"rendered":"<section class=\"wpb-content-wrapper\"><p>[vc_row][vc_column][vc_column_text]<\/p>\n<ul>\n<li>En la\u00a0<a href=\"http:\/\/prl.foment.com\/ca\/premis-atlante#.VGyOFmeEf0M\">IX edici\u00f3 dels Premis Atlante de PRL<\/a>, Foment ha premiado <strong>Nu\u00f1ez y Navarro<\/strong>;<strong> Henkel Ib\u00e9rica; Sorigu\u00e9, SAU; Comsa, SAU; y<\/strong> <strong>ATLL Concesionaria de la Generalitat de Catalunya.<\/strong><\/li>\n<li>Como Premio Especial del Jurado, los Premios Atlante del Foment reconocen la compa\u00f1\u00eda <strong>Seat <\/strong>para la creaci\u00f3n del Centro de Atenci\u00f3n y Rehabilitaci\u00f3n Sanitaria (CARS), desde donde se ofrecen servicios de medicina preventiva, asistencial y rehabilitadora a los m\u00e1s de 14.500 trabajadores de la empresa.<\/li>\n<li>El jurado de los Premios Atlante ha reconocido la trayectoria profesional de <strong>Jordi Mart\u00ednez Navarro<\/strong> por su trayectoria profesional en el \u00e1mbito de la PRL de m\u00e1s de 40 a\u00f1os.<\/li>\n<\/ul>\n<p>Foment del Treball ha premiado seis empresas por ser ejemplo de \u00e9xito en la implantaci\u00f3n efectiva de la prevenci\u00f3n de riesgos laborales. concretamente,\u00a0en la\u00a0<a href=\"http:\/\/prl.foment.com\/ca\/premis-atlante#.VGyOFmeEf0M\">IX edici\u00f3 dels Premis Atlante de PRL<\/a>, Foment ha premiat <strong>Nu\u00f1ez y Navarro<\/strong>;<strong> Henkel Ib\u00e9rica; Sorigu\u00e9, SAU; Comsa, SAU; y<\/strong> <strong>ATLL Concesionaria de la Generalitat de Catalunya.<\/strong>[\/vc_column_text][vc_column_text]Por otra parte, el jurado de los Premios Atlante ha reconocido la trayectoria profesional de <strong>Jordi Mart\u00ednez Navarro <\/strong>por su trayectoria profesional de m\u00e1s de 40 a\u00f1os de dedicaci\u00f3n a la prevenci\u00f3n de riesgos laborales. Se destaca su dilatada experiencia laboral y la funci\u00f3n realizada a la Direcci\u00f3n del Centro de Seguridad y Condiciones de Salud en el Trabajo de Barcelona, \u200b\u200bel Centro de Seguridad y Salud Laboral y en la Inspecci\u00f3n de Trabajo de Catalu\u00f1a del Departamento de Trabajo, Asuntos Sociales y Familias.[\/vc_column_text]<div class=\"single_image wpb_content_element align-left    \" data-animation=\"none\" data-delay=\"0\"><img width=\"1404\" height=\"936\" src=\"https:\/\/www.foment.com\/wp-content\/uploads\/2018\/11\/Jordi-Mart\u00ednez-Navarro.jpg\" class=\"attachment-full\" alt=\"\" loading=\"lazy\" title=\"Jordi Mart\u00ednez Navarro\" \/><\/div>[vc_column_text]Asimismo, como Premio Especial del Jurado, los Premios Atlante del Foment reconocen la compa\u00f1\u00eda <strong>Seat<\/strong> para la creaci\u00f3n del Centro de Atenci\u00f3n y Rehabilitaci\u00f3n Sanitaria (CARS), desde donde se ofrecen servicios de medicina preventiva, asistencial y rehabilitadora a los m\u00e1s de 14.500 trabajadores de la empresa automovil\u00edstica. Se valora especialmente la aut\u00e9ntica integraci\u00f3n de la Medicina del Trabajo, que va m\u00e1s all\u00e1 de la utilizaci\u00f3n de la vigilancia de la salud como instrumento para controlar y hacer el seguimiento de la repercusi\u00f3n de las condiciones de trabajo sobre la salud de la poblaci\u00f3n trabajadora.[\/vc_column_text]<div class=\"single_image wpb_content_element align-left    \" data-animation=\"none\" data-delay=\"0\"><img width=\"1404\" height=\"936\" src=\"https:\/\/www.foment.com\/wp-content\/uploads\/2018\/11\/Seat.jpg\" class=\"attachment-full\" alt=\"\" loading=\"lazy\" title=\"Seat\" \/><\/div>[vc_column_text]<\/p>\n<h2><span style=\"color: #c1002b;\"><strong>Premios a la gesti\u00f3n de la PRL en pimes y grandes empresas<\/strong><\/span><\/h2>\n<p>Foment, a trav\u00e9s de su\u00a0<a href=\"http:\/\/prl.foment.com\/ca\/inici\">Oficina de Prevenci\u00f3 de Riscos Laborals<\/a>\u00a0(OPRL) y con la financiaci\u00f3n de la Fundaci\u00f3n Estatal para la Prevenci\u00f3n de Riesgos Laborales, convoca los Premios Atlante en dos modalidades diferentes: peque\u00f1a y mediana empresa (hasta 249 trabajadores) y gran empresa (m\u00e1s de 250 trabajadores). Asimismo, los galardones a los que pueden optar las empresas que concurren a los premios se distribuyen en tres categor\u00edas diferentes, un reconocimiento a la trayectoria profesional y un Premio Especial del Jurado. Las tres categor\u00edas diferentes son:<\/p>\n<ul>\n<li><strong>Elementos de integraci\u00f3n de la prevenci\u00f3n de riesgos laborales<\/strong><\/li>\n<li><strong>Medidas preventivas aplicadas<\/strong><\/li>\n<li><strong>Iniciativas de sensibilizaci\u00f3n, informaci\u00f3n y \/ o formaci\u00f3n<\/strong><\/li>\n<\/ul>\n<p>Un total de 25 candidaturas han sido las finalistas de esta IX edici\u00f3n de los Premios Atlante que Foment del Treball otorga de manera bienal. Finalmente los ganadores han sido:<\/p>\n<ul>\n<li><strong>Elementos de integraci\u00f3n de la prevenci\u00f3n de riesgos laborales<\/strong>\n<ul>\n<li>Gran empresa:\u00a0<strong>N\u00fa\u00f1ez i Navarro<\/strong>.<\/li>\n<\/ul>\n<\/li>\n<li><strong>Medidas preventivas aplicadas\u00a0<\/strong>\n<ul>\n<li>Gran empresa:\u00a0<strong>Henkel Ib\u00e9rica<\/strong><\/li>\n<li>PIME:\u00a0<strong>Sorigu\u00e9<\/strong><\/li>\n<\/ul>\n<\/li>\n<\/ul>\n<ul>\n<li><strong>\u00a0Iniciativas de sensibilizaci\u00f3n, informaci\u00f3n i\/o formaci\u00f3n<\/strong>\n<ul>\n<li>Gran Empresa:\u00a0<strong>Comsa<\/strong><\/li>\n<li>PIME:\u00a0<strong>ATLL Concesionaria de la Generalitat de Catalunya<\/strong><\/li>\n<\/ul>\n<\/li>\n<\/ul>\n<p>[\/vc_column_text][vc_column_text]De <strong>N\u00fa\u00f1ez y Navarro<\/strong>, el jurado ha valorado la gesti\u00f3n realizada en la obra de rehabilitaci\u00f3n del edificio patrimonial de \u00abLa Rotonda\u00bb. Se valora especialmente que los aspectos preventivos se integren en todo el proceso de la obra, desde la adquisici\u00f3n del inmueble para asegurar su estado, siguiendo por la coordinaci\u00f3n de seguridad de la obra de construcci\u00f3n y finalizando con el explotaci\u00f3n comercial del inmueble, as\u00ed como los resultados obtenidos en materia de siniestralidad laboral.[\/vc_column_text]<div class=\"single_image wpb_content_element align-left    \" data-animation=\"none\" data-delay=\"0\"><img width=\"1404\" height=\"936\" src=\"https:\/\/www.foment.com\/wp-content\/uploads\/2018\/11\/Nu\u00f1ez_Navarro.jpg\" class=\"attachment-full\" alt=\"\" loading=\"lazy\" title=\"Nu\u00f1ez_Navarro\" \/><\/div>[vc_column_text]De <strong>Henkel Ib\u00e9rica<\/strong>, el jurado ha valorado la implantaci\u00f3n de un sistema de control de la exposici\u00f3n ambiental a enzimas utilizados durante la fabricaci\u00f3n de detergentes. Se valora, especialmente, el establecimiento de unos valores de referencia internos muy por debajo de los recomendados por las autoridades y la disminuci\u00f3n progresiva de la tasa de nuevas sensibilizaciones, siendo del 0% de forma consecutiva durante los \u00faltimos 6 a\u00f1os.[\/vc_column_text]<div class=\"single_image wpb_content_element align-left    \" data-animation=\"none\" data-delay=\"0\"><img width=\"1404\" height=\"936\" src=\"https:\/\/www.foment.com\/wp-content\/uploads\/2018\/11\/Henkel.jpg\" class=\"attachment-full\" alt=\"\" loading=\"lazy\" title=\"Henkel\" \/><\/div>[vc_column_text]El Jurado ha convenido conceder el Premio a <strong>Sorigu\u00e9<\/strong> para el desarrollo del sistema rugofir, que consiste en una m\u00e1quina extendedora de asfalto que aporta ventajas en materia preventiva respecto de la aplicaci\u00f3n de otros m\u00e9todos convencionales. Se destaca la reducci\u00f3n en cuanto a la exposici\u00f3n a sustancias qu\u00edmicas, el riesgo de atropello, los contactos t\u00e9rmicos y el estr\u00e9s t\u00e9rmico.[\/vc_column_text]<div class=\"single_image wpb_content_element align-left    \" data-animation=\"none\" data-delay=\"0\"><img width=\"1404\" height=\"936\" src=\"https:\/\/www.foment.com\/wp-content\/uploads\/2018\/11\/Sorigue.jpg\" class=\"attachment-full\" alt=\"\" loading=\"lazy\" title=\"Sorigue\" \/><\/div>[vc_column_text]<strong>Comsa<\/strong> ha sido premiada por el desarrollo del juego \u00abEl viaje del h\u00e9roe Luke Healthandsafer\u00bb. Se valora especialmente la originalidad del proyecto y el uso de nuevas tecnolog\u00edas, basadas en la gamificaci\u00f3n, para capacitar a los t\u00e9cnicos de prevenci\u00f3n de riesgos laborales de la empresa y mejorar sus habilidades comunicativas.[\/vc_column_text]<div class=\"single_image wpb_content_element align-left    \" data-animation=\"none\" data-delay=\"0\"><img width=\"1404\" height=\"936\" src=\"https:\/\/www.foment.com\/wp-content\/uploads\/2018\/11\/Comsa.jpg\" class=\"attachment-full\" alt=\"\" loading=\"lazy\" title=\"Comsa\" \/><\/div>[vc_column_text]Por \u00faltimo, <strong>ATLL Concesionaria de la Generalitat de Catalunya<\/strong> ha recibido el premio por la implantaci\u00f3n de un sistema de informaci\u00f3n y comunicaci\u00f3n inmediata de accidentes en trabajos en solitario y \/ o en espacios confinados. As\u00ed como el desarrollo de otras acciones complementarias en materia de sensibilizaci\u00f3n de los trabajadores, como el concurso de fotograf\u00edas o el concurso de carteles, con motivo de la conmemoraci\u00f3n del D\u00eda Internacional de la Seguridad y la Salud en el Trabajo.[\/vc_column_text]<div class=\"single_image wpb_content_element align-left    \" data-animation=\"none\" data-delay=\"0\"><img width=\"1404\" height=\"936\" src=\"https:\/\/www.foment.com\/wp-content\/uploads\/2018\/11\/ATLL.jpg\" class=\"attachment-full\" alt=\"\" loading=\"lazy\" title=\"ATLL\" \/><\/div>[vc_column_text]<\/p>\n<h2><span style=\"color: #c1002b;\"><strong>Jurado y Comit\u00e9 T\u00e9cnico<\/strong><\/span><\/h2>\n<p>Los Premios Atlante, que tienen car\u00e1cter bienal, los convoc\u00f3 por primera vez Foment del Trabajo en 2002 con el fin de estimular, impulsar e incentivar positivamente la labor efectuada por las empresas de Catalu\u00f1a en la implantaci\u00f3n efectiva de la prevenci\u00f3n de riesgos laborales.<\/p>\n<p>El Jurado estuvo formado por: <strong>Josep Ginesta<\/strong>, Secretario General del Departamento de Trabajo, Asuntos Sociales y Familias; <strong>Ana M\u00aa Berm\u00fadez<\/strong>, Directora Gerente de la Fundaci\u00f3n Estatal para la Prevenci\u00f3n de Riesgos Laborales<strong>; M\u00aa Helena de Felipe<\/strong>, Presidenta de Fepime; <strong>Joan Pujol<\/strong>, Secretario General de Foment del Treball Nacional; <strong>Enric Vinaixa<\/strong>, Director General de Relaciones Laborales y Calidad en el Trabajo del Departamento de Trabajo, Asuntos Sociales y Familias; <strong>M\u00aa Luz Bataller<\/strong>, Directora General de la Inspecci\u00f3n de Trabajo en Catalu\u00f1a; <strong>Juan Guasch<\/strong>, Director del Centro Nacional de Condiciones de Trabajo del Instituto Nacional de Seguridad y Salud en el Trabajo.<\/p>\n<p>Asimismo, el Jurado, para su deliberaci\u00f3n, ha contado con la asistencia de un Comit\u00e9 T\u00e9cnico formado por: <strong>Elena Juanola<\/strong>, Directora. Instituto de Seguridad y Salud Laboral. Departamento de Trabajo, Asuntos Sociales y Familias; <strong>Emilio Castej\u00f3n<\/strong>, experto en prevenci\u00f3n de riesgos laborales; <strong>Eusebi Gonz\u00e1lez,<\/strong> Director de prevenci\u00f3n gen\u00e9rica de Mutua Intercomarcal; <strong>Eva Triad\u00fa<\/strong>, Presidenta de ASPRECAT; <strong>Jos\u00e9 Iglesias<\/strong>, Coordinador territorial en prevenci\u00f3n en Catalu\u00f1a de Mutua Asepeyo; <strong>Jes\u00fas Mart\u00ednez<\/strong>, Coordinador Regional del \u00e1rea de prevenci\u00f3n de Fremap en Catalu\u00f1a; <strong>Jordi Mart\u00ednez<\/strong> <strong>Navarro<\/strong>, Coordinador en materia de Seguridad y Salud en ITC<strong>; Jordi Rabass\u00f3<\/strong>, del Departamento de Gesti\u00f3n de Cartera de Mutua Universal; <strong>Jordi Schlaghecke<\/strong>, Presidente de la Sociedad Catalana de Seguridad Laboral<strong>; Alejandro Romero<\/strong>, Director de Prevenci\u00f3n de Riesgos Laborales a MC Mutual; <strong>Mamen M\u00e1rquez<\/strong>, de la Oficina T\u00e9cnica de Prevenci\u00f3n de Riesgos Laborales (OTPRL) de UGT de Catalu\u00f1a; <strong>Jaume Abad<\/strong>, experto en prevenci\u00f3n de riesgos laborales.<\/p>\n<h2><span style=\"color: #c1002b;\"><strong>Foment, referencia en PRL<\/strong><\/span><\/h2>\n<p>A trav\u00e9s de su Oficina de Prevenci\u00f3n de Riesgos Laborales (OPRL), Foment trabaja en un conjunto de iniciativas para contribuir a la creaci\u00f3n de una aut\u00e9ntica cultura de la prevenci\u00f3n. Con la convocatoria de los Premios Atlante, quiere hacer un reconocimiento p\u00fablico de las acciones preventivas y buenas pr\u00e1cticas desarrolladas por las empresas domiciliadas o con sede social en Espa\u00f1a.<\/p>\n<p>Foment del Treball cre\u00f3 en 2001 l\u2019<a href=\"http:\/\/prl.foment.com\/ca\/inici\">Oficina de Prevenci\u00f3 de Riscos Laborals<\/a>\u00a0para desarrollar acciones de apoyo a la peque\u00f1a y mediana empresa en el proceso de implantaci\u00f3n de la actividad preventiva. La tarea del OPRL de Foment a lo largo de esta d\u00e9cada se ha concretado en un cat\u00e1logo de servicios, actividades y productos espec\u00edficos para dar un servicio concreto a las empresas con la aplicaci\u00f3n de m\u00e9todos de comunicaci\u00f3n e informaci\u00f3n coherentes con las necesidades de las organizaciones, que la han hecho ya un referente de prestigio.<\/p>\n<p>Con el apoyo econ\u00f3mico de la Fundaci\u00f3n Estatal para la Prevenci\u00f3n de Riesgos Laborales, el OPRL edita, adem\u00e1s, anualmente un extenso cat\u00e1logo de publicaciones nos m\u00faltiples formatos que permiten una difusi\u00f3n adecuada del conocimiento en torno a la actividad preventiva y un seguimiento actualizado y constante de la legislaci\u00f3n vigente.[\/vc_column_text][vc_column_text]<\/p>\n<h2 style=\"text-align: center;\"><span style=\"color: #c1002b;\">Financiado por:<\/span><\/h2>\n<p>[\/vc_column_text]<div class=\"single_image wpb_content_element align-center    \" data-animation=\"none\" data-delay=\"0\"><img width=\"627\" height=\"90\" src=\"https:\/\/www.foment.com\/wp-content\/uploads\/2018\/11\/Financiado_Atlante_PRL.png\" class=\"attachment-full\" alt=\"\" loading=\"lazy\" title=\"Financiado_Atlante_PRL\" \/><\/div>[vc_column_text]<\/p>\n<h2 style=\"text-align: center;\"><span style=\"color: #c1002b;\">Patrocinadores de los galardones:<\/span><\/h2>\n<p>[\/vc_column_text]<div class=\"single_image wpb_content_element align-center    \" data-animation=\"none\" data-delay=\"0\"><img width=\"541\" height=\"74\" src=\"https:\/\/www.foment.com\/wp-content\/uploads\/2018\/11\/patrocinio_Atlante_PRL.png\" class=\"attachment-full\" alt=\"\" loading=\"lazy\" title=\"patrocinio_Atlante_PRL\" \/><\/div>[\/vc_column][\/vc_row]<\/p>\n<\/section>","protected":false},"excerpt":{"rendered":"<p>[vc_row][vc_column][vc_column_text] En la\u00a0IX edici\u00f3 dels Premis Atlante de PRL, Foment ha premiado Nu\u00f1ez y Navarro; Henkel Ib\u00e9rica; Sorigu\u00e9, SAU; Comsa, SAU; y ATLL Concesionaria de la Generalitat de Catalunya. Como Premio Especial del Jurado, los Premios Atlante del Foment reconocen la compa\u00f1\u00eda Seat para la creaci\u00f3n del Centro de Atenci\u00f3n y Rehabilitaci\u00f3n Sanitaria (CARS), desde donde se ofrecen servicios de medicina preventiva, asistencial y rehabilitadora a los m\u00e1s de 14.500 trabajadores de la empresa. El jurado de los Premios Atlante ha reconocido la trayectoria profesional de Jordi Mart\u00ednez Navarro por su trayectoria profesional en el \u00e1mbito de la PRL de m\u00e1s de 40 a\u00f1os. Foment del Treball ha premiado seis empresas por ser ejemplo de \u00e9xito en la implantaci\u00f3n efectiva de la prevenci\u00f3n de riesgos laborales. concretamente,\u00a0en la\u00a0IX edici\u00f3 dels Premis Atlante de PRL, Foment ha premiat Nu\u00f1ez y Navarro; Henkel Ib\u00e9rica; Sorigu\u00e9, SAU; Comsa, SAU; y ATLL Concesionaria de la Generalitat de Catalunya.[\/vc_column_text][vc_column_text]Por otra parte, el jurado de los Premios Atlante ha reconocido la trayectoria profesional de Jordi Mart\u00ednez Navarro por su trayectoria profesional de m\u00e1s de 40 a\u00f1os de dedicaci\u00f3n a la prevenci\u00f3n de riesgos laborales. Se destaca su dilatada experiencia laboral y la funci\u00f3n realizada a la [&hellip;]<\/p>\n","protected":false},"author":10,"featured_media":57229,"comment_status":"closed","ping_status":"closed","sticky":false,"template":"","format":"standard","meta":{"_links_to":"","_links_to_target":""},"categories":[114,216],"tags":[986,1209,985,727,417],"acf":[],"wps_subtitle":"IX edici\u00f3n de los Premios Atlante, que Foment del Treball convoca para estimular, impulsar e incentivar positivamente la labor efectuada por las empresas en materia de PRL","_links":{"self":[{"href":"https:\/\/www.foment.com\/es\/wp-json\/wp\/v2\/posts\/57252"}],"collection":[{"href":"https:\/\/www.foment.com\/es\/wp-json\/wp\/v2\/posts"}],"about":[{"href":"https:\/\/www.foment.com\/es\/wp-json\/wp\/v2\/types\/post"}],"author":[{"embeddable":true,"href":"https:\/\/www.foment.com\/es\/wp-json\/wp\/v2\/users\/10"}],"replies":[{"embeddable":true,"href":"https:\/\/www.foment.com\/es\/wp-json\/wp\/v2\/comments?post=57252"}],"version-history":[{"count":0,"href":"https:\/\/www.foment.com\/es\/wp-json\/wp\/v2\/posts\/57252\/revisions"}],"wp:featuredmedia":[{"embeddable":true,"href":"https:\/\/www.foment.com\/es\/wp-json\/wp\/v2\/media\/57229"}],"wp:attachment":[{"href":"https:\/\/www.foment.com\/es\/wp-json\/wp\/v2\/media?parent=57252"}],"wp:term":[{"taxonomy":"category","embeddable":true,"href":"https:\/\/www.foment.com\/es\/wp-json\/wp\/v2\/categories?post=57252"},{"taxonomy":"post_tag","embeddable":true,"href":"https:\/\/www.foment.com\/es\/wp-json\/wp\/v2\/tags?post=57252"}],"curies":[{"name":"wp","href":"https:\/\/api.w.org\/{rel}","templated":true}]}}