{"id":57426,"date":"2018-12-04T13:46:08","date_gmt":"2018-12-04T12:46:08","guid":{"rendered":"https:\/\/www.foment.com\/foment-i-el-talent-hub-institute-collaboren-per-connectar-joves-talentosos-amb-el-mon-empresarial\/"},"modified":"2018-12-04T13:55:17","modified_gmt":"2018-12-04T12:55:17","slug":"foment-y-el-talent-hub-institute-colaboran-para-conectar-jovenes-talentosos-con-el-mundo-empresarial","status":"publish","type":"post","link":"https:\/\/www.foment.com\/es\/foment-y-el-talent-hub-institute-colaboran-para-conectar-jovenes-talentosos-con-el-mundo-empresarial\/","title":{"rendered":"Foment y el Talent Hub Institute colaboran para conectar j\u00f3venes talentosos con el mundo empresarial"},"content":{"rendered":"<p>Foment del Treball y el Talent Hub Institute (THI) trabajar\u00e1n unidos para conectar a los j\u00f3venes con un alto potencial profesional y empresarial con el mundo de las empresas de Catalu\u00f1a. Los presidentes de ambas entidades, Josep S\u00e1nchez Llibre por Foment y Albert Mili\u00e1n por THI, han rubricado el acuerdo.<\/p>\n<p>La voluntad del acuerdo es que la gran patronal catalana y el THI trabajen conjuntamente en el proceso de renovaci\u00f3n generacional de las empresas e instituciones del \u00e1mbito privado a trav\u00e9s de la formaci\u00f3n y la generaci\u00f3n de oportunidades entre pymes y grandes empresas y el talento de profesionales j\u00f3venes.<\/p>\n<p>&nbsp;<\/p>\n<p><strong>Talent Hub Institute<\/strong><\/p>\n<p>El Talent Hub Institute es una asociaci\u00f3n de personas entre 20 y 45 a\u00f1os de vocaciones totalmente dispares pero con varios puntos en com\u00fan muy se\u00f1alados: el inconformismo, las ganas de mejorar la sociedad, el esp\u00edritu cr\u00edtico y la formaci\u00f3n continua. El THI pretende promover y liderar un proceso de cambio generacional tanto en el \u00e1mbito privado como en el p\u00fablico.<\/p>\n<p>Desde el momento en que estall\u00f3 la crisis en 2008 y hasta la actualidad, han sido muchos los j\u00f3venes que se han visto abocados a emigrar, recortar la formaci\u00f3n por falta de recursos, trabajar en sectores no deseados o emprender con poco apoyo por parte de las instituciones y la sociedad.<\/p>\n<p>Las personas que forman parte de Talent Hub Institute han vivido inmersas en esta etapa en edades universitarias o post universitarias. Desde la asociaci\u00f3n, quieren trabajar estableciendo un canal de pensamiento cr\u00edtico, formativo y de laboratorio de ideas, a trav\u00e9s de la participaci\u00f3n de personas protagonistas de la vida empresarial, econ\u00f3mica, social y pol\u00edtica. Adem\u00e1s, quieren aglutinar y conectar a las personas que comparten estas inquietudes para llevar a cabo una transformaci\u00f3n generacional.<\/p>\n<p>&nbsp;<\/p>\n<p><strong>Foment del Treball<\/strong><\/p>\n<p>Foment del Treball Nacional es la Confederaci\u00f3n de organizaciones empresariales y empresas de Catalu\u00f1a y representa desde hace dos siglos y medio al empresariado catal\u00e1n y su potente industria. Es una organizaci\u00f3n independiente, privada, sin \u00e1nimo de lucro, acogida al derecho constitucional y legal de asociaci\u00f3n de los empresarios, y que se rige con criterios democr\u00e1ticos por representantes libremente escogidos. Es la instituci\u00f3n que representa la mayor parte del tejido empresarial y de la industria de Catalu\u00f1a, ya que se compone de cerca de 300 organizaciones territoriales y sectoriales por v\u00eda de asociaci\u00f3n directa o indirecta.<\/p>\n<p>La nueva presidencia, encabezada por Josep S\u00e1nchez Llibre, aplica un programa para renovar, rejuvenecer, modernizar, feminizar e ilusionar el Foment.<\/p>\n<p>Foment del Treball Nacional, como patronal catalana, es la \u00fanica instituci\u00f3n que representa el empresariado y la industria catalanes ante los poderes p\u00fablicos y los reguladores de Catalu\u00f1a, Espa\u00f1a y la Uni\u00f3n Europea. Es miembro fundador de la Confederaci\u00f3n Espa\u00f1ola de Organizaciones Empresariales (CEOE), donde tiene un papel de relevancia y es, de este modo, la \u00fanica representaci\u00f3n del empresariado catal\u00e1n en el seno de las organizaciones empresariales espa\u00f1olas. Adem\u00e1s, de la mano de CEOE, Foment es la \u00fanica representaci\u00f3n del empresariado catal\u00e1n en las organizaciones empresariales europeas e internacionales.<\/p>\n","protected":false},"excerpt":{"rendered":"<p>Foment del Treball y el Talent Hub Institute (THI) trabajar\u00e1n unidos para conectar a los j\u00f3venes con un alto potencial profesional y empresarial con el mundo de las empresas de Catalu\u00f1a. Los presidentes de ambas entidades, Josep S\u00e1nchez Llibre por Foment y Albert Mili\u00e1n por THI, han rubricado el acuerdo. La voluntad del acuerdo es que la gran patronal catalana y el THI trabajen conjuntamente en el proceso de renovaci\u00f3n generacional de las empresas e instituciones del \u00e1mbito privado a trav\u00e9s de la formaci\u00f3n y la generaci\u00f3n de oportunidades entre pymes y grandes empresas y el talento de profesionales j\u00f3venes. &nbsp; Talent Hub Institute El Talent Hub Institute es una asociaci\u00f3n de personas entre 20 y 45 a\u00f1os de vocaciones totalmente dispares pero con varios puntos en com\u00fan muy se\u00f1alados: el inconformismo, las ganas de mejorar la sociedad, el esp\u00edritu cr\u00edtico y la formaci\u00f3n continua. El THI pretende promover y liderar un proceso de cambio generacional tanto en el \u00e1mbito privado como en el p\u00fablico. Desde el momento en que estall\u00f3 la crisis en 2008 y hasta la actualidad, han sido muchos los j\u00f3venes que se han visto abocados a emigrar, recortar la formaci\u00f3n por falta de recursos, trabajar en [&hellip;]<\/p>\n","protected":false},"author":24,"featured_media":57425,"comment_status":"closed","ping_status":"closed","sticky":false,"template":"","format":"standard","meta":{"_links_to":"","_links_to_target":""},"categories":[114,67],"tags":[493],"acf":[],"wps_subtitle":"El presidente del Foment, Josep S\u00e1nchez Llibre, y el presidente del Talent Hub Institute, Albert Mili\u00e1n, rubrican el acuerdo","_links":{"self":[{"href":"https:\/\/www.foment.com\/es\/wp-json\/wp\/v2\/posts\/57426"}],"collection":[{"href":"https:\/\/www.foment.com\/es\/wp-json\/wp\/v2\/posts"}],"about":[{"href":"https:\/\/www.foment.com\/es\/wp-json\/wp\/v2\/types\/post"}],"author":[{"embeddable":true,"href":"https:\/\/www.foment.com\/es\/wp-json\/wp\/v2\/users\/24"}],"replies":[{"embeddable":true,"href":"https:\/\/www.foment.com\/es\/wp-json\/wp\/v2\/comments?post=57426"}],"version-history":[{"count":0,"href":"https:\/\/www.foment.com\/es\/wp-json\/wp\/v2\/posts\/57426\/revisions"}],"wp:featuredmedia":[{"embeddable":true,"href":"https:\/\/www.foment.com\/es\/wp-json\/wp\/v2\/media\/57425"}],"wp:attachment":[{"href":"https:\/\/www.foment.com\/es\/wp-json\/wp\/v2\/media?parent=57426"}],"wp:term":[{"taxonomy":"category","embeddable":true,"href":"https:\/\/www.foment.com\/es\/wp-json\/wp\/v2\/categories?post=57426"},{"taxonomy":"post_tag","embeddable":true,"href":"https:\/\/www.foment.com\/es\/wp-json\/wp\/v2\/tags?post=57426"}],"curies":[{"name":"wp","href":"https:\/\/api.w.org\/{rel}","templated":true}]}}