{"id":57430,"date":"2018-12-04T15:06:16","date_gmt":"2018-12-04T14:06:16","guid":{"rendered":"https:\/\/www.foment.com\/?p=57430"},"modified":"2018-12-04T15:06:16","modified_gmt":"2018-12-04T14:06:16","slug":"la-evolucion-del-paro-muestra-una-tendencia-de-cierta-ralentizacion-en-la-creacion-de-empleo-y-crecimiento-economico","status":"publish","type":"post","link":"https:\/\/www.foment.com\/es\/la-evolucion-del-paro-muestra-una-tendencia-de-cierta-ralentizacion-en-la-creacion-de-empleo-y-crecimiento-economico\/","title":{"rendered":"La evoluci\u00f3n del paro muestra una tendencia de cierta ralentizaci\u00f3n en la creaci\u00f3n de empleo y crecimiento econ\u00f3mico"},"content":{"rendered":"<p>Foment del Treball valora negativamente el incremento del paro en Catalu\u00f1a correspondiente al mes de noviembre. A pesar de las cifras positivas de crecimiento de empleo y afiliaci\u00f3n en t\u00e9rminos interanuales, muestran una tendencia de cierta ralentizaci\u00f3n en la creaci\u00f3n de empleo y crecimiento econ\u00f3mico. (<strong><a href=\"https:\/\/www.foment.com\/wp-content\/uploads\/2018\/12\/Cifras_PARO_y_CTOS-noviembre-2018.pdf\" target=\"_blank\" rel=\"noopener\">VER INFORME<\/a><\/strong>)<\/p>\n<p>Teniendo en consideraci\u00f3n la previsi\u00f3n de desaceleraci\u00f3n del crecimiento del empleo a corto y medio plazo, ha de advertirse del perjuicio que supondr\u00eda para la contrataci\u00f3n, la adopci\u00f3n de las medidas propuestas por el Gobierno para contrareformar algunos de los mecanismos flexibilizadores introducidos por la \u00faltima Reforma Laboral, as\u00ed como la introducci\u00f3n de determinadas modificaciones normativas previstas que implicar\u00edan mayores rigideces en la gesti\u00f3n empresarial y un incremento significativo de los costes laborales.<\/p>\n<p>El n\u00famero de desempleados en Catalu\u00f1a se ha incrementado en el mes de noviembre en 3.208 personas (0,82%) respecto al mes anterior. \u00a0En t\u00e9rminos interanuales, el paro registrado se redujo en 28.057 personas (-6,64%). De esta forma, el n\u00famero de desempleados en Catalu\u00f1a es de 394.405. Respecto a la contrataci\u00f3n, se han efectuado 281.086 contratos menos que el mes anterior, y se mantiene la dualidad entre los contratos temporales que representan el 86,02%, y los indefinidos que representan el 13,98% del total de contratos realizados en este mes.<\/p>\n<p>En Espa\u00f1a, en el mes de noviembre el paro se ha reducido tras dos a\u00f1os en los que hab\u00eda aumentado: en 2016 subi\u00f3 en 24.841 y en 2017 se increment\u00f3 en 7.255 personas.<\/p>\n<p>En t\u00e9rminos desestacionalizados, el desempleo se ha reducido en 26.258 personas y se sit\u00faa en sus niveles m\u00e1s bajos de los \u00faltimos 9 a\u00f1os.<\/p>\n","protected":false},"excerpt":{"rendered":"<p>Foment del Treball valora negativamente el incremento del paro en Catalu\u00f1a correspondiente al mes de noviembre. A pesar de las cifras positivas de crecimiento de empleo y afiliaci\u00f3n en t\u00e9rminos interanuales, muestran una tendencia de cierta ralentizaci\u00f3n en la creaci\u00f3n de empleo y crecimiento econ\u00f3mico. (VER INFORME) Teniendo en consideraci\u00f3n la previsi\u00f3n de desaceleraci\u00f3n del crecimiento del empleo a corto y medio plazo, ha de advertirse del perjuicio que supondr\u00eda para la contrataci\u00f3n, la adopci\u00f3n de las medidas propuestas por el Gobierno para contrareformar algunos de los mecanismos flexibilizadores introducidos por la \u00faltima Reforma Laboral, as\u00ed como la introducci\u00f3n de determinadas modificaciones normativas previstas que implicar\u00edan mayores rigideces en la gesti\u00f3n empresarial y un incremento significativo de los costes laborales. El n\u00famero de desempleados en Catalu\u00f1a se ha incrementado en el mes de noviembre en 3.208 personas (0,82%) respecto al mes anterior. \u00a0En t\u00e9rminos interanuales, el paro registrado se redujo en 28.057 personas (-6,64%). De esta forma, el n\u00famero de desempleados en Catalu\u00f1a es de 394.405. Respecto a la contrataci\u00f3n, se han efectuado 281.086 contratos menos que el mes anterior, y se mantiene la dualidad entre los contratos temporales que representan el 86,02%, y los indefinidos que representan el 13,98% [&hellip;]<\/p>\n","protected":false},"author":24,"featured_media":41962,"comment_status":"closed","ping_status":"closed","sticky":false,"template":"","format":"standard","meta":{"_links_to":"","_links_to_target":""},"categories":[73],"tags":[228],"acf":[],"wps_subtitle":"El n\u00famero de desempleados en Catalu\u00f1a se ha incrementado en el mes de noviembre en 3.208 personas (0,82%) respecto al mes anterior","_links":{"self":[{"href":"https:\/\/www.foment.com\/es\/wp-json\/wp\/v2\/posts\/57430"}],"collection":[{"href":"https:\/\/www.foment.com\/es\/wp-json\/wp\/v2\/posts"}],"about":[{"href":"https:\/\/www.foment.com\/es\/wp-json\/wp\/v2\/types\/post"}],"author":[{"embeddable":true,"href":"https:\/\/www.foment.com\/es\/wp-json\/wp\/v2\/users\/24"}],"replies":[{"embeddable":true,"href":"https:\/\/www.foment.com\/es\/wp-json\/wp\/v2\/comments?post=57430"}],"version-history":[{"count":0,"href":"https:\/\/www.foment.com\/es\/wp-json\/wp\/v2\/posts\/57430\/revisions"}],"wp:featuredmedia":[{"embeddable":true,"href":"https:\/\/www.foment.com\/es\/wp-json\/wp\/v2\/media\/41962"}],"wp:attachment":[{"href":"https:\/\/www.foment.com\/es\/wp-json\/wp\/v2\/media?parent=57430"}],"wp:term":[{"taxonomy":"category","embeddable":true,"href":"https:\/\/www.foment.com\/es\/wp-json\/wp\/v2\/categories?post=57430"},{"taxonomy":"post_tag","embeddable":true,"href":"https:\/\/www.foment.com\/es\/wp-json\/wp\/v2\/tags?post=57430"}],"curies":[{"name":"wp","href":"https:\/\/api.w.org\/{rel}","templated":true}]}}